{"id":444049,"date":"2025-10-07T01:05:12","date_gmt":"2025-10-07T01:05:12","guid":{"rendered":"https:\/\/www.europesays.com\/fr\/444049\/"},"modified":"2025-10-07T01:05:12","modified_gmt":"2025-10-07T01:05:12","slug":"keir-starmer-commemore-le-cauchemar-deux-ans-apres-lattaque-du-hamas-contre-israel","status":"publish","type":"post","link":"https:\/\/www.europesays.com\/fr\/444049\/","title":{"rendered":"Keir Starmer comm\u00e9more le \u00abcauchemar\u00bb deux ans apr\u00e8s l&rsquo;attaque du Hamas contre Isra\u00ebl"},"content":{"rendered":"<p>Le premier ministre britannique a estim\u00e9 mardi que les deux ann\u00e9es \u00e9coul\u00e9es depuis l\u2019attaque du Hamas contre Isra\u00ebl le 7 octobre 2023 ont \u00e9t\u00e9 marqu\u00e9es par une \u00abmont\u00e9e de l\u2019antis\u00e9mitisme\u00bb.<\/p>\n<p class=\"fig-paragraph\">Le premier ministre britannique\u00a0<a href=\"https:\/\/www.lefigaro.fr\/tag\/keir-starmer\" target=\"_blank\" rel=\"sponsored noopener\" data-gtm-custom-categorie=\"navigation\" data-gtm-custom-action=\"crossclick\" data-gtm-custom-label=\"Contextuel\" data-gtm-event=\"customEventSPE\">Keir Starmer<\/a>\u00a0a estim\u00e9 mardi que les deux ann\u00e9es \u00e9coul\u00e9es depuis l&rsquo;<a href=\"http:\/\/www.lefigaro.fr\/international\/7-octobre-le-hamas-voulait-que-l-iran-et-le-hezbollah-participent-20241013\" target=\"_blank\" data-fig-type=\"NewsFlash\" rel=\"noopener\" data-gtm-custom-categorie=\"navigation\" data-gtm-custom-action=\"crossclick\" data-gtm-custom-label=\"Contextuel\" data-gtm-event=\"customEventSPE\" data-fig-domain=\"LEFIGARO\">attaque du Hamas contre Isra\u00ebl<\/a>\u00a0le 7 octobre 2023, qui a d\u00e9clench\u00e9 la guerre \u00e0 Gaza, avaient \u00e9t\u00e9 pour beaucoup un \u00abcauchemar\u00bb. Keir Starmer a d\u00e9clar\u00e9 que cette p\u00e9riode avait \u00e9t\u00e9 marqu\u00e9e aussi par une \u00abmont\u00e9e de l&rsquo;antis\u00e9mitisme\u00bb au Royaume-Uni, quelques jours apr\u00e8s la mort de deux hommes juifs lors d&rsquo;une attaque contre une synagogue de Manchester (nord-ouest).<\/p>\n<p class=\"fig-paragraph\">\u00abNous comm\u00e9morons les deux ans des horribles attaques du Hamas contre Isra\u00ebl le 7 octobre 2023. La pire attaque contre le peuple juif depuis l&rsquo;Holocauste\u00bb, a soulign\u00e9 M. Starmer dans un communiqu\u00e9. \u00abDepuis ce jour terrible, tant de personnes ont v\u00e9cu un v\u00e9ritable cauchemar\u00bb, a-t-il dit, promettant de poursuivre les efforts pour rapatrier les otages britanniques d\u00e9tenus par le Hamas \u00e0 Gaza et saluant le plan de paix am\u00e9ricain.<\/p>\n<p>                                    <a class=\"fig-a11y-skip a11y-hidden\" href=\"#fig-a11y-skip-main-inarticle\"><br \/>\n        Passer la publicit\u00e9<br \/>\n    <\/a><\/p>\n<p class=\"fig-paragraph\">\u00abLes communaut\u00e9s juives ont \u00e9galement subi une mont\u00e9e de l&rsquo;antis\u00e9mitisme dans nos rues\u00bb, notamment une\u00a0<a href=\"http:\/\/www.lefigaro.fr\/international\/attaque-devant-une-synagogue-a-manchester-six-suspects-arretes-et-entendus-par-la-police-20251004\" target=\"_blank\" data-fig-type=\"NewsFlash\" rel=\"noopener\" data-gtm-custom-categorie=\"navigation\" data-gtm-custom-action=\"crossclick\" data-gtm-custom-label=\"Contextuel\" data-gtm-event=\"customEventSPE\" data-fig-domain=\"LEFIGARO\">attaque \u00e0 la voiture b\u00e9lier et au couteau<\/a>\u00a0jeudi \u00e0 Manchester, survenue le jour de Yom Kippour, jour le plus saint du calendrier juif. \u00abCela entache notre identit\u00e9 et ce pays restera toujours uni et debout face \u00e0 ceux qui s\u00e8ment le mal et la haine contre les communaut\u00e9s juives\u00bb, a ajout\u00e9 le dirigeant britannique.<\/p>\n<p class=\"fig-body-link\">\n            \u00c0 lire aussi<br \/>\n        <a class=\"fig-body-link__link fig-premium-mark\" href=\"http:\/\/www.lefigaro.fr\/international\/l-etrange-profil-du-terroriste-de-manchester-entre-rigueur-islamiste-drague-obsessionnelle-et-fantasmes-de-viol-20251006\" target=\"_blank\" data-fig-type=\"Article\" rel=\"noopener\" data-gtm-custom-categorie=\"navigation\" data-gtm-custom-action=\"crossclick\" data-gtm-custom-label=\"Contextuel\" data-gtm-event=\"customEventSPE\" data-fig-domain=\"LEFIGARO\">L\u2019\u00e9trange profil du terroriste de Manchester, entre rigueur islamiste, drague obsessionnelle et \u00abfantasmes de viol\u00bb<br \/>\n    <\/a>\n<\/p>\n<p>1219 morts, 251 otages<\/p>\n<p class=\"fig-paragraph\">L&rsquo;attaque du Hamas d&rsquo;octobre 2023 a caus\u00e9 la mort de 1219 personnes, principalement des civils, selon un d\u00e9compte de l&rsquo;AFP bas\u00e9 sur les chiffres officiels isra\u00e9liens. Les assaillants ont \u00e9galement pris 251 otages, dont 47 se trouvent toujours \u00e0 Gaza. Parmi eux, l&rsquo;arm\u00e9e isra\u00e9lienne affirme que 25 sont morts.<\/p>\n<p class=\"fig-body-link\">\n            \u00c0 lire aussi<br \/>\n        <a class=\"fig-body-link__link fig-premium-mark\" href=\"http:\/\/www.lefigaro.fr\/international\/benyamin-netanyahou-est-le-principal-obstacle-les-familles-d-otages-accusent-le-premier-ministre-de-trahir-les-promesses-d-israel-20251006\" target=\"_blank\" data-fig-type=\"Article\" rel=\"noopener\" data-gtm-custom-categorie=\"navigation\" data-gtm-custom-action=\"crossclick\" data-gtm-custom-label=\"Contextuel\" data-gtm-event=\"customEventSPE\" data-fig-domain=\"LEFIGARO\">\u00abBenyamin Netanyahou est le principal obstacle\u00bb\u00a0: deux ans apr\u00e8s le 7 octobre, les familles d\u2019otages n\u2019osent esp\u00e9rer une lib\u00e9ration<br \/>\n    <\/a>\n<\/p>\n<p class=\"fig-paragraph\">L&rsquo;offensive de repr\u00e9sailles isra\u00e9lienne a tu\u00e9 au moins 67.160 Palestiniens au cours des deux derni\u00e8res ann\u00e9es, selon les chiffres du minist\u00e8re de la Sant\u00e9 dans le territoire contr\u00f4l\u00e9 par le Hamas, que les Nations unies consid\u00e8rent comme fiables.<\/p>\n<p class=\"fig-paragraph\">Dimanche, environ 3000 personnes se sont rassembl\u00e9es dans le centre de Londres pour une comm\u00e9moration marquant cet anniversaire, brandissant des drapeaux isra\u00e9liens et britanniques et des affiches d&rsquo;otages.<\/p>\n","protected":false},"excerpt":{"rendered":"Le premier ministre britannique a estim\u00e9 mardi que les deux ann\u00e9es \u00e9coul\u00e9es depuis l\u2019attaque du Hamas contre Isra\u00ebl&hellip;\n","protected":false},"author":2,"featured_media":444050,"comment_status":"","ping_status":"","sticky":false,"template":"","format":"standard","meta":{"footnotes":""},"categories":[1588],"tags":[11,3259,1777,674,664,2581,12,473,1853,1851,1850,1852],"class_list":{"0":"post-444049","1":"post","2":"type-post","3":"status-publish","4":"format-standard","5":"has-post-thumbnail","7":"category-royaume-uni","8":"tag-actualites","9":"tag-conflit-israelo-palestinien","10":"tag-eu","11":"tag-europe","12":"tag-israel","13":"tag-keir-starmer","14":"tag-news","15":"tag-royaume-uni","16":"tag-royaume-uni-de-grande-bretagne-et-dirlande-du-nord","17":"tag-uk","18":"tag-united-kingdom","19":"tag-united-kingdom-of-great-britain-and-northern-ireland"},"share_on_mastodon":{"url":"https:\/\/pubeurope.com\/@fr\/115330201967333709","error":""},"_links":{"self":[{"href":"https:\/\/www.europesays.com\/fr\/wp-json\/wp\/v2\/posts\/444049","targetHints":{"allow":["GET"]}}],"collection":[{"href":"https:\/\/www.europesays.com\/fr\/wp-json\/wp\/v2\/posts"}],"about":[{"href":"https:\/\/www.europesays.com\/fr\/wp-json\/wp\/v2\/types\/post"}],"author":[{"embeddable":true,"href":"https:\/\/www.europesays.com\/fr\/wp-json\/wp\/v2\/users\/2"}],"replies":[{"embeddable":true,"href":"https:\/\/www.europesays.com\/fr\/wp-json\/wp\/v2\/comments?post=444049"}],"version-history":[{"count":0,"href":"https:\/\/www.europesays.com\/fr\/wp-json\/wp\/v2\/posts\/444049\/revisions"}],"wp:featuredmedia":[{"embeddable":true,"href":"https:\/\/www.europesays.com\/fr\/wp-json\/wp\/v2\/media\/444050"}],"wp:attachment":[{"href":"https:\/\/www.europesays.com\/fr\/wp-json\/wp\/v2\/media?parent=444049"}],"wp:term":[{"taxonomy":"category","embeddable":true,"href":"https:\/\/www.europesays.com\/fr\/wp-json\/wp\/v2\/categories?post=444049"},{"taxonomy":"post_tag","embeddable":true,"href":"https:\/\/www.europesays.com\/fr\/wp-json\/wp\/v2\/tags?post=444049"}],"curies":[{"name":"wp","href":"https:\/\/api.w.org\/{rel}","templated":true}]}}