{"id":444051,"date":"2025-10-07T01:06:11","date_gmt":"2025-10-07T01:06:11","guid":{"rendered":"https:\/\/www.europesays.com\/fr\/444051\/"},"modified":"2025-10-07T01:06:11","modified_gmt":"2025-10-07T01:06:11","slug":"eurovision-friedrich-merz-evoque-un-boycott-de-lallemagne-si-israel-est-exclu-du-concours","status":"publish","type":"post","link":"https:\/\/www.europesays.com\/fr\/444051\/","title":{"rendered":"Eurovision : Friedrich Merz \u00e9voque un boycott de l&rsquo;Allemagne si Isra\u00ebl est exclu du concours"},"content":{"rendered":"<p>\n  Par&amp;nbsp<b>Euronews<\/b>\n<\/p>\n<p>\n                    Publi\u00e9 le                 06\/10\/2025 &#8211; 19:21 UTC+2<br \/>\n                \u2022Mis \u00e0 jour<br \/>\n                                     21:10\n                                        <\/p>\n<p>          <img decoding=\"async\" class=\"c-ad__placeholder__logo\" src=\"https:\/\/static.euronews.com\/website\/images\/logos\/logo-euronews-stacked-outlined-72x72-grey-9.svg\" width=\"72\" height=\"72\" alt=\"\" loading=\"lazy\"\/><br \/>\n          PUBLICIT\u00c9<\/p>\n<p>Le chancelier allemand Friedrich Merz envisage un boycott de l&rsquo;Allemagne du concours Eurovision de la chanson si Isra\u00ebl en est exclu. C&rsquo;est ce qu&rsquo;il a d\u00e9clar\u00e9 lundi soir dans l&rsquo;\u00e9mission Caren Miosga sur la cha\u00eene ARD.<\/p>\n<p>Les bombardements de la bande de Gaza par Isra\u00ebl, apr\u00e8s l&rsquo;attaque terroriste du Hamas, qui a tu\u00e9 plus de 1 200 personnes et en a enlev\u00e9 plus de 250, a suscit\u00e9 des critiques internationales.<\/p>\n<p>Selon le minist\u00e8re de la Sant\u00e9 de\u00a0Gaza, plac\u00e9 sous l&rsquo;autorit\u00e9 du Hamas, dont les donn\u00e9es sont jug\u00e9es fiables par l&rsquo;ONU, plus de 65 000 Palestiniens ont d\u00e9j\u00e0 \u00e9t\u00e9 tu\u00e9s. Ce chiffre est similaire \u00e0 celui donn\u00e9 par l&rsquo;ancien chef d&rsquo;\u00e9tat-major de l&rsquo;arm\u00e9e isra\u00e9lienne, Herzi Halewi, lors d&rsquo;un discours en Isra\u00ebl \u00e0 la mi-septembre. \u00ab\u00a02,2 millions de personnes vivent \u00e0 Gaza. Aujourd&rsquo;hui, plus de 10 % de la population de Gaza a \u00e9t\u00e9 tu\u00e9e ou bless\u00e9e, soit plus de 200 000 personnes. Ce n&rsquo;est pas une guerre douce\u00a0\u00bb, a-t-il d\u00e9clar\u00e9.<\/p>\n<p>Le conflit au Proche-Orient a \u00e9galement atteint la sc\u00e8ne culturelle, et donc aussi l&rsquo;Eurovision. Les deux derniers concours de la chanson ont \u00e9t\u00e9 <a href=\"https:\/\/fr.euronews.com\/culture\/2024\/05\/10\/suede-des-milliers-de-personnes-manifestent-contre-la-participation-disrael-a-leurovision\" target=\"_blank\" rel=\"noopener\"><strong>le th\u00e9\u00e2tre de manifestions<\/strong><\/a> contre les participants isra\u00e9liens.<\/p>\n<p>La Slov\u00e9nie, les Pays-Bas et <a href=\"https:\/\/fr.euronews.com\/culture\/2025\/09\/12\/scandaleux-lirlande-boycottera-leurovision-2026-si-israel-participe\" target=\"_blank\" rel=\"noopener\"><strong>l&rsquo;Irlande<\/strong><\/a><a href=\"https:\/\/de.euronews.com\/kultur\/2025\/09\/12\/boykott-irland-eurovision-teilnahme-gaza-krieg\" target=\"_blank\" rel=\"noopener\"> <\/a>ont d\u00e9j\u00e0 confirm\u00e9 qu&rsquo;ils ne se pr\u00e9senteraient pas \u00e0 Vienne l&rsquo;ann\u00e9e prochaine, invoquant la participation d&rsquo;Isra\u00ebl. L&rsquo;Espagne et l&rsquo;Islande ont laiss\u00e9 entendre qu&rsquo;elles allaient suivre si Isra\u00ebl ne se retirait pas du concours.<\/p>\n<p>Le gagnant de l&rsquo;Eurovision 2025, JJ, a \u00e9galement <a href=\"https:\/\/fr.euronews.com\/culture\/2025\/05\/22\/le-gagnant-autrichien-de-leurovision-jj-demande-quisrael-soit-exclu-du-concours\" target=\"_blank\" rel=\"noopener\"><strong>demand\u00e9<\/strong><\/a><a href=\"https:\/\/de.euronews.com\/kultur\/2025\/05\/22\/eurovision-osterreichs-sieger-jj-fordert-ausschluss-israels-vom-wettbewerb\" target=\"_blank\" rel=\"noopener\"> <\/a>l&rsquo;exclusion d&rsquo;Isra\u00ebl du concours de la chanson \u00e0 Vienne l&rsquo;ann\u00e9e prochaine.<\/p>\n<p>\u00ab\u00a0Je souhaiterais que le concours Eurovision de la chanson de l&rsquo;ann\u00e9e prochaine \u00e0 Vienne ait lieu sans Isra\u00ebl. Mais la balle est dans le camp de l&rsquo;Union europ\u00e9enne de la radiot\u00e9l\u00e9vision. Nous, les artistes, ne pouvons que faire entendre notre voix sur cette question\u00a0\u00bb, a d\u00e9clar\u00e9 le chanteur de 24 ans au quotidien espagnol El Pais en mai dernier.<\/p>\n<p>En raison des protestations de plusieurs pays participants, l&rsquo;organisateur, l&rsquo;Union europ\u00e9enne de radiot\u00e9l\u00e9vision (UER), doit pr\u00e9voir une r\u00e9union sp\u00e9ciale. Friedrich Merz a qualifi\u00e9 de \u00ab\u00a0scandaleux\u00a0\u00bb le fait que l&rsquo;on discute de l&rsquo;exclusion d&rsquo;Isra\u00ebl et a r\u00e9affirm\u00e9 qu&rsquo;Isra\u00ebl doit faire partie de l&rsquo;Eurovision.<\/p>\n<p>Selon les m\u00e9dias isra\u00e9liens, le directeur de la cha\u00eene de t\u00e9l\u00e9vision isra\u00e9lienne Kan, Golan Jochpaz, a d\u00e9clar\u00e9 qu&rsquo;il n&rsquo;y avait \u00ab\u00a0aucune raison pour qu&rsquo;Isra\u00ebl ne continue pas \u00e0 \u00eatre une partie importante de cet \u00e9v\u00e9nement culturel\u00a0\u00bb. Il a ajout\u00e9 que l&rsquo;Eurovision \u00ab\u00a0ne doit en aucun cas devenir politique\u00a0\u00bb.<\/p>\n<p>Comme l&rsquo;Espagne, qui a d\u00e9clar\u00e9 vouloir se retirer du concours si Isra\u00ebl devait y participer, l&rsquo;Allemagne fait partie de l&rsquo;un des \u00ab\u00a0big five\u00a0\u00bb du concours de la chanson. Ce statut lui garantit sa participation en finale sans prendre en compte ses r\u00e9sultats pendant les qualifications. Cette ann\u00e9e, Berlin a pay\u00e9 451 216 euros pour le concours, un chiffre en l\u00e9g\u00e8re baisse par rapport \u00e0 l&rsquo;ann\u00e9e derni\u00e8re, o\u00f9 454 905 euros avaient \u00e9t\u00e9 vers\u00e9s.<\/p>\n","protected":false},"excerpt":{"rendered":"Par&amp;nbspEuronews Publi\u00e9 le 06\/10\/2025 &#8211; 19:21 UTC+2 \u2022Mis \u00e0 jour 21:10 PUBLICIT\u00c9 Le chancelier allemand Friedrich Merz envisage&hellip;\n","protected":false},"author":2,"featured_media":444052,"comment_status":"","ping_status":"","sticky":false,"template":"","format":"standard","meta":{"footnotes":""},"categories":[1587],"tags":[11,672,1804,8753,1805,1803,1777,674,4710,1801,12,1802],"class_list":{"0":"post-444051","1":"post","2":"type-post","3":"status-publish","4":"format-standard","5":"has-post-thumbnail","7":"category-allemagne","8":"tag-actualites","9":"tag-allemagne","10":"tag-bundesrepublik-deutschland","11":"tag-concours-eurovision-de-la-chanson","12":"tag-de","13":"tag-deutschland","14":"tag-eu","15":"tag-europe","16":"tag-friedrich-merz","17":"tag-germany","18":"tag-news","19":"tag-republique-federale-dallemagne"},"share_on_mastodon":{"url":"https:\/\/pubeurope.com\/@fr\/115330206154957602","error":""},"_links":{"self":[{"href":"https:\/\/www.europesays.com\/fr\/wp-json\/wp\/v2\/posts\/444051","targetHints":{"allow":["GET"]}}],"collection":[{"href":"https:\/\/www.europesays.com\/fr\/wp-json\/wp\/v2\/posts"}],"about":[{"href":"https:\/\/www.europesays.com\/fr\/wp-json\/wp\/v2\/types\/post"}],"author":[{"embeddable":true,"href":"https:\/\/www.europesays.com\/fr\/wp-json\/wp\/v2\/users\/2"}],"replies":[{"embeddable":true,"href":"https:\/\/www.europesays.com\/fr\/wp-json\/wp\/v2\/comments?post=444051"}],"version-history":[{"count":0,"href":"https:\/\/www.europesays.com\/fr\/wp-json\/wp\/v2\/posts\/444051\/revisions"}],"wp:featuredmedia":[{"embeddable":true,"href":"https:\/\/www.europesays.com\/fr\/wp-json\/wp\/v2\/media\/444052"}],"wp:attachment":[{"href":"https:\/\/www.europesays.com\/fr\/wp-json\/wp\/v2\/media?parent=444051"}],"wp:term":[{"taxonomy":"category","embeddable":true,"href":"https:\/\/www.europesays.com\/fr\/wp-json\/wp\/v2\/categories?post=444051"},{"taxonomy":"post_tag","embeddable":true,"href":"https:\/\/www.europesays.com\/fr\/wp-json\/wp\/v2\/tags?post=444051"}],"curies":[{"name":"wp","href":"https:\/\/api.w.org\/{rel}","templated":true}]}}