{"id":444063,"date":"2025-10-07T01:20:18","date_gmt":"2025-10-07T01:20:18","guid":{"rendered":"https:\/\/www.europesays.com\/fr\/444063\/"},"modified":"2025-10-07T01:20:18","modified_gmt":"2025-10-07T01:20:18","slug":"renan-lodi-bientot-en-premier-league","status":"publish","type":"post","link":"https:\/\/www.europesays.com\/fr\/444063\/","title":{"rendered":"Renan Lodi bient\u00f4t en Premier League ?"},"content":{"rendered":"<p><strong>D\u00e9sormais libre de tout contrat depuis son d\u00e9part d\u2019Al Hilal, le d\u00e9fenseur Renan Lodi a d\u00e9j\u00e0 des touches.<\/strong><\/p>\n<p>En effet, le d\u00e9fenseur br\u00e9silien pourrait notamment rebondir du c\u00f4t\u00e9 de la Premier League o\u00f9 deux clubs aimeraient le relancer.<\/p>\n<p>Si l\u2019on en croit le sp\u00e9cialiste mercato, il s\u2019agit de <strong><a href=\"https:\/\/www.les-transferts.com\/club\/west-ham\/\" rel=\"nofollow noopener\" target=\"_blank\">West Ham<\/a><\/strong> et de <strong><a href=\"https:\/\/www.les-transferts.com\/club\/crystal-palace\/\" rel=\"nofollow noopener\" target=\"_blank\">Crystal Palace<\/a><\/strong>.<\/p>\n<p>A noter que les deux \u00e9curies britanniques ont une autre cible en commun \u00e0 ce poste.<\/p>\n<p>Toujours selon la m\u00eame source, c\u2019est <strong><a href=\"https:\/\/www.les-transferts.com\/joueur\/rick-karsdorp\/\" rel=\"nofollow noopener\" target=\"_blank\">Rick Karsdorp<\/a><\/strong> qui serait pist\u00e9.<\/p>\n<blockquote class=\"twitter-tweet\" data-width=\"500\" data-dnt=\"true\">\n<p lang=\"en\" dir=\"ltr\">\ud83d\udea8\ud83c\udd93 <a href=\"https:\/\/twitter.com\/hashtag\/TransferNews?src=hash&amp;ref_src=twsrc%5Etfw\" rel=\"nofollow noopener\" target=\"_blank\">#TransferNews<\/a> <br \/>Rick Karsdorp is one of the notable free agents available despite the transfer window being closed. <\/p>\n<p>\ud83d\udc40West Ham and Crystal Palace are among the clubs exploring the market for immediate reinforcements. <a href=\"https:\/\/t.co\/t6xf75AcB2\" rel=\"nofollow\">pic.twitter.com\/t6xf75AcB2<\/a><\/p>\n<p>\u2014 Ekrem KONUR (@Ekremkonur) <a href=\"https:\/\/twitter.com\/Ekremkonur\/status\/1972909986373325192?ref_src=twsrc%5Etfw\" rel=\"nofollow noopener\" target=\"_blank\">September 30, 2025<\/a><\/p><\/blockquote>\n<p>\u00c2g\u00e9 de 30 ans, le N\u00e9erlandais est lui aussi sans club depuis son d\u00e9part de l\u2019AS Roma.<\/p>\n<p>        Lodi saisira-t-il une de ces opportunit\u00e9s ?     <\/p>\n<p>Passionn\u00e9 de football et de l\u2019Olympique de Marseille, je partage ma passion \u00e0 travers mes br\u00e8ves pour renseigner tous les supporters sur l\u2019actualit\u00e9 transfert de leurs clubs pr\u00e9f\u00e9r\u00e9s.<\/p>\n<p><script async src=\"https:\/\/platform.twitter.com\/widgets.js\" charset=\"utf-8\"><\/script><\/p>\n","protected":false},"excerpt":{"rendered":"D\u00e9sormais libre de tout contrat depuis son d\u00e9part d\u2019Al Hilal, le d\u00e9fenseur Renan Lodi a d\u00e9j\u00e0 des touches.&hellip;\n","protected":false},"author":2,"featured_media":444064,"comment_status":"","ping_status":"","sticky":false,"template":"","format":"standard","meta":{"footnotes":""},"categories":[1410],"tags":[63,1011,27,60],"class_list":{"0":"post-444063","1":"post","2":"type-post","3":"status-publish","4":"format-standard","5":"has-post-thumbnail","7":"category-football","8":"tag-football","9":"tag-fr","10":"tag-france","11":"tag-sports"},"share_on_mastodon":{"url":"https:\/\/pubeurope.com\/@fr\/115330260888082790","error":""},"_links":{"self":[{"href":"https:\/\/www.europesays.com\/fr\/wp-json\/wp\/v2\/posts\/444063","targetHints":{"allow":["GET"]}}],"collection":[{"href":"https:\/\/www.europesays.com\/fr\/wp-json\/wp\/v2\/posts"}],"about":[{"href":"https:\/\/www.europesays.com\/fr\/wp-json\/wp\/v2\/types\/post"}],"author":[{"embeddable":true,"href":"https:\/\/www.europesays.com\/fr\/wp-json\/wp\/v2\/users\/2"}],"replies":[{"embeddable":true,"href":"https:\/\/www.europesays.com\/fr\/wp-json\/wp\/v2\/comments?post=444063"}],"version-history":[{"count":0,"href":"https:\/\/www.europesays.com\/fr\/wp-json\/wp\/v2\/posts\/444063\/revisions"}],"wp:featuredmedia":[{"embeddable":true,"href":"https:\/\/www.europesays.com\/fr\/wp-json\/wp\/v2\/media\/444064"}],"wp:attachment":[{"href":"https:\/\/www.europesays.com\/fr\/wp-json\/wp\/v2\/media?parent=444063"}],"wp:term":[{"taxonomy":"category","embeddable":true,"href":"https:\/\/www.europesays.com\/fr\/wp-json\/wp\/v2\/categories?post=444063"},{"taxonomy":"post_tag","embeddable":true,"href":"https:\/\/www.europesays.com\/fr\/wp-json\/wp\/v2\/tags?post=444063"}],"curies":[{"name":"wp","href":"https:\/\/api.w.org\/{rel}","templated":true}]}}