{"id":444090,"date":"2025-10-07T01:40:38","date_gmt":"2025-10-07T01:40:38","guid":{"rendered":"https:\/\/www.europesays.com\/fr\/444090\/"},"modified":"2025-10-07T01:40:38","modified_gmt":"2025-10-07T01:40:38","slug":"toulon-roman-policier-de-philibert-humm","status":"publish","type":"post","link":"https:\/\/www.europesays.com\/fr\/444090\/","title":{"rendered":"TOULON : \u00ab\u00a0Roman policier\u00a0\u00bb, de Philibert HUMM"},"content":{"rendered":"<p style=\"text-align: left;\"><strong>Vous \u00eates-vous d\u00e9j\u00e0 dit qu\u2019un classique faisait partie de votre vie ?<\/strong><\/p>\n<p style=\"text-align: left;\">Cette semaine dans La Grande Librairie, on les relit, nos classiques !<\/p>\n<p style=\"text-align: left;\">Retrouvez les livres de l\u2019\u00e9mission dans notre librairie !<\/p>\n<p style=\"text-align: left;\">Enfin, le jeune Philibert Humm, Prix Interalli\u00e9 2022 pour Roman Fleuve, nous fera frissonner ! Dans Roman Policier \u2013 un livre qui porte bien son nom \u2013 il se joue des codes\u2026 du roman policier ! Direction la ville de Pau, sur les traces d\u2019un homme qui vole les U des enseignes lumineuses, et dans les pas de trois apprentis d\u00e9tectives bien d\u00e9cid\u00e9s \u00e0 tirer cette sordide affaire au clair. San Antonio et Columbo n\u2019ont qu\u2019\u00e0 bien se tenir !<\/p>\n<p style=\"text-align: left;\"><a href=\"https:\/\/www.librairiecharlemagne.com\/livre\/25220459-roman-policier-philibert-humm-equateurs\" rel=\"nofollow noopener\" target=\"_blank\">Commander sur le site<\/a><\/p>\n<p style=\"text-align: left;\"><strong>SOURCE : Librairie Charlemagne Toulon \u2013 La Grande Librairie du 1er octobre.<\/strong><\/p>\n","protected":false},"excerpt":{"rendered":"Vous \u00eates-vous d\u00e9j\u00e0 dit qu\u2019un classique faisait partie de votre vie ? Cette semaine dans La Grande Librairie,&hellip;\n","protected":false},"author":2,"featured_media":444091,"comment_status":"","ping_status":"","sticky":false,"template":"","format":"standard","meta":{"footnotes":""},"categories":[9619],"tags":[1111,11,1777,674,1011,27,12,882,25,2310],"class_list":{"0":"post-444090","1":"post","2":"type-post","3":"status-publish","4":"format-standard","5":"has-post-thumbnail","7":"category-toulon","8":"tag-actu","9":"tag-actualites","10":"tag-eu","11":"tag-europe","12":"tag-fr","13":"tag-france","14":"tag-news","15":"tag-provence-alpes-cote-dazur","16":"tag-republique-francaise","17":"tag-toulon"},"share_on_mastodon":{"url":"https:\/\/pubeurope.com\/@fr\/115330339505125868","error":""},"_links":{"self":[{"href":"https:\/\/www.europesays.com\/fr\/wp-json\/wp\/v2\/posts\/444090","targetHints":{"allow":["GET"]}}],"collection":[{"href":"https:\/\/www.europesays.com\/fr\/wp-json\/wp\/v2\/posts"}],"about":[{"href":"https:\/\/www.europesays.com\/fr\/wp-json\/wp\/v2\/types\/post"}],"author":[{"embeddable":true,"href":"https:\/\/www.europesays.com\/fr\/wp-json\/wp\/v2\/users\/2"}],"replies":[{"embeddable":true,"href":"https:\/\/www.europesays.com\/fr\/wp-json\/wp\/v2\/comments?post=444090"}],"version-history":[{"count":0,"href":"https:\/\/www.europesays.com\/fr\/wp-json\/wp\/v2\/posts\/444090\/revisions"}],"wp:featuredmedia":[{"embeddable":true,"href":"https:\/\/www.europesays.com\/fr\/wp-json\/wp\/v2\/media\/444091"}],"wp:attachment":[{"href":"https:\/\/www.europesays.com\/fr\/wp-json\/wp\/v2\/media?parent=444090"}],"wp:term":[{"taxonomy":"category","embeddable":true,"href":"https:\/\/www.europesays.com\/fr\/wp-json\/wp\/v2\/categories?post=444090"},{"taxonomy":"post_tag","embeddable":true,"href":"https:\/\/www.europesays.com\/fr\/wp-json\/wp\/v2\/tags?post=444090"}],"curies":[{"name":"wp","href":"https:\/\/api.w.org\/{rel}","templated":true}]}}