{"id":444097,"date":"2025-10-07T01:46:14","date_gmt":"2025-10-07T01:46:14","guid":{"rendered":"https:\/\/www.europesays.com\/fr\/444097\/"},"modified":"2025-10-07T01:46:14","modified_gmt":"2025-10-07T01:46:14","slug":"la-victime-est-decedee-luniversite-prend-la-parole","status":"publish","type":"post","link":"https:\/\/www.europesays.com\/fr\/444097\/","title":{"rendered":"la victime est d\u00e9c\u00e9d\u00e9e, l&rsquo;universit\u00e9 prend la parole"},"content":{"rendered":"<p class=\"insetTitle\">L\u2019universit\u00e9 Grenoble Alpes  prend la parole<\/p>\n<p>Dans un communiqu\u00e9, l\u2019universit\u00e9 Grenoble Alpes pr\u00e9cise que l\u2019\u00e9tudiant d\u00e9c\u00e9d\u00e9 \u00e9tait en 3e ann\u00e9e de BUT et que le week-end d\u2019int\u00e9gration \u00e9tait \u00ab\u00a0organis\u00e9 par quatre associations \u00e9tudiantes en dehors du cadre universitaire\u00a0\u00bb.<\/p>\n<p>Ajoutant\u00a0: \u00ab\u00a0L\u2019ensemble de la communaut\u00e9 universitaire est endeuill\u00e9 par cette tragique nouvelle et l\u2019universit\u00e9 Grenoble Alpes pr\u00e9sente ses condol\u00e9ances \u00e0 la famille et aux proches de la victime. Elle s\u2019associe \u00e0 leur douleur et les assure de tout son soutien. Afin d\u2019apporter un soutien aux \u00e9tudiants et personnels concern\u00e9s par ce drame, une cellule d\u2019\u00e9coute a \u00e9t\u00e9 mobilis\u00e9e en lien avec la cellule d\u2019urgence m\u00e9dico-psychologique et le service de sant\u00e9 \u00e9tudiant de l\u2019UGA\u00a0\u00bb.<\/p>\n<p>L\u2019UGA tient aussi \u00e0 rappeler qu\u2019elle \u00ab\u00a0met en place une politique de pr\u00e9vention des risques festifs active notamment en assurant des formations obligatoires \u00e0 destination de l\u2019ensemble des associations \u00e9tudiantes, en apportant un soutien mat\u00e9riel \u00e0 la s\u00e9curisation des \u00e9v\u00e9nements et en d\u00e9ployant des dispositifs de r\u00e9duction des risques aupr\u00e8s des \u00e9tudiantes et \u00e9tudiants. Les \u00e9v\u00e9nements d\u2019int\u00e9gration organis\u00e9s par les associations \u00e9tudiantes sont strictement encadr\u00e9s par la loi et par la charte associative de l\u2019UGA\u00a0\u00bb.<\/p>\n","protected":false},"excerpt":{"rendered":"L\u2019universit\u00e9 Grenoble Alpes prend la parole Dans un communiqu\u00e9, l\u2019universit\u00e9 Grenoble Alpes pr\u00e9cise que l\u2019\u00e9tudiant d\u00e9c\u00e9d\u00e9 \u00e9tait en&hellip;\n","protected":false},"author":2,"featured_media":444098,"comment_status":"","ping_status":"","sticky":false,"template":"","format":"standard","meta":{"footnotes":""},"categories":[9566],"tags":[119,1111,11,2430,17021,2730,112,6436,2737,2735,1777,674,274,107,1011,27,2731,2732,108,12,25],"class_list":{"0":"post-444097","1":"post","2":"type-post","3":"status-publish","4":"format-standard","5":"has-post-thumbnail","7":"category-grenoble","8":"tag-accident","9":"tag-actu","10":"tag-actualites","11":"tag-auvergne-rhone-alpes","12":"tag-die","13":"tag-drome","14":"tag-edition-grenoble-agglomeration","15":"tag-edition-montelimar-drome-provencale","16":"tag-edition-romans-nord-drome","17":"tag-edition-valence-rhone-crussol-vallee-de-la-drome","18":"tag-eu","19":"tag-europe","20":"tag-faits-divers-justice","21":"tag-fil-info","22":"tag-fr","23":"tag-france","24":"tag-grenoble","25":"tag-grenoble-bassin","26":"tag-isere","27":"tag-news","28":"tag-republique-francaise"},"share_on_mastodon":{"url":"https:\/\/pubeurope.com\/@fr\/115330363105612451","error":""},"_links":{"self":[{"href":"https:\/\/www.europesays.com\/fr\/wp-json\/wp\/v2\/posts\/444097","targetHints":{"allow":["GET"]}}],"collection":[{"href":"https:\/\/www.europesays.com\/fr\/wp-json\/wp\/v2\/posts"}],"about":[{"href":"https:\/\/www.europesays.com\/fr\/wp-json\/wp\/v2\/types\/post"}],"author":[{"embeddable":true,"href":"https:\/\/www.europesays.com\/fr\/wp-json\/wp\/v2\/users\/2"}],"replies":[{"embeddable":true,"href":"https:\/\/www.europesays.com\/fr\/wp-json\/wp\/v2\/comments?post=444097"}],"version-history":[{"count":0,"href":"https:\/\/www.europesays.com\/fr\/wp-json\/wp\/v2\/posts\/444097\/revisions"}],"wp:featuredmedia":[{"embeddable":true,"href":"https:\/\/www.europesays.com\/fr\/wp-json\/wp\/v2\/media\/444098"}],"wp:attachment":[{"href":"https:\/\/www.europesays.com\/fr\/wp-json\/wp\/v2\/media?parent=444097"}],"wp:term":[{"taxonomy":"category","embeddable":true,"href":"https:\/\/www.europesays.com\/fr\/wp-json\/wp\/v2\/categories?post=444097"},{"taxonomy":"post_tag","embeddable":true,"href":"https:\/\/www.europesays.com\/fr\/wp-json\/wp\/v2\/tags?post=444097"}],"curies":[{"name":"wp","href":"https:\/\/api.w.org\/{rel}","templated":true}]}}