{"id":444099,"date":"2025-10-07T01:47:12","date_gmt":"2025-10-07T01:47:12","guid":{"rendered":"https:\/\/www.europesays.com\/fr\/444099\/"},"modified":"2025-10-07T01:47:12","modified_gmt":"2025-10-07T01:47:12","slug":"corps-dune-femme-decouvert-a-grenoble-lautopsie-conclut-a-une-mort-naturelle","status":"publish","type":"post","link":"https:\/\/www.europesays.com\/fr\/444099\/","title":{"rendered":"Corps d&rsquo;une femme d\u00e9couvert \u00e0 Grenoble\u00a0: l&rsquo;autopsie conclut \u00e0 une mort naturelle"},"content":{"rendered":"<p>La piste criminelle est \u00e9cart\u00e9e apr\u00e8s la d\u00e9couverte du corps d&rsquo;une femme pr\u00e8s d&rsquo;une piste cyclable \u00e0 Grenoble\u00a0: elle est d\u00e9c\u00e9d\u00e9e d&rsquo;une rupture d&rsquo;an\u00e9vrisme qui n&rsquo;a pas \u00e9t\u00e9 caus\u00e9e par des violences indique le parquet de Grenoble, alors qu&rsquo;elle \u00e9tait probablement en train de se prostituer.<\/p>\n<p>Une autopsie a eu lieu ce lundi, apr\u00e8s la d\u00e9couverte du corps d&rsquo;une femme pr\u00e8s d&rsquo;une piste cyclable, rue commandant de Reynies \u00e0 Grenoble, dimanche 5 septembre. Elle conclut \u00e0 une mort naturelle\u00a0: le parquet de Grenoble confirme ce soir qu&rsquo;<strong>aucun signe de violence<\/strong> n&rsquo;a \u00e9t\u00e9 retrouv\u00e9 sur le corps et indique que cette femme est \u00ab\u00a0d\u00e9c\u00e9d\u00e9e brutalement d&rsquo;une rupture d&rsquo;an\u00e9vrisme\u00a0\u00bb, qui n&rsquo;a pas \u00e9t\u00e9 caus\u00e9e par \u00ab\u00a0une intervention ext\u00e9rieure de type choc \u00e0 la t\u00eate\u00a0\u00bb.<\/p>\n<p>Il s&rsquo;agit d&rsquo;<strong>une femme originaire du Nigeria, \u00e2g\u00e9e de 45 ans<\/strong> d\u00e9taille le parquet. Elle a \u00e9t\u00e9 retrouv\u00e9e avec le pantalon baiss\u00e9 jusqu&rsquo;aux genoux et des pr\u00e9servatifs ont \u00e9t\u00e9 d\u00e9couverts \u00e0 proximit\u00e9 du corps. Pour le parquet, \u00ab\u00a0il est probable qu&rsquo;elle se livrait \u00e0 la prostitution au moment de son d\u00e9c\u00e8s.\u00a0\u00bb<\/p>\n<p>Probablement d\u00e9c\u00e9d\u00e9e alors qu&rsquo;elle se prostituait<\/p>\n<p>Une enqu\u00eate est d\u00e9sormais ouverte pour <strong>non assistance \u00e0 personne en p\u00e9ril<\/strong> car le corps a \u00e9t\u00e9 d\u00e9couvert environ 12h apr\u00e8s son d\u00e9c\u00e8s. \u00ab\u00a0Aucune personne n&rsquo;a signal\u00e9 cette situation alors qu&rsquo;il est probable que cette personne soit d\u00e9c\u00e9d\u00e9e lors d&rsquo;un rapport sexuel tarif\u00e9\u00a0\u00bb termine le parquet.<\/p>\n<p>Les pr\u00e9servatifs vont \u00eatre analys\u00e9s pour tenter d&rsquo;identifier les clients. Le corps de cette quadrag\u00e9naire a \u00e9t\u00e9 d\u00e9couvert pr\u00e8s du square Foch, connu des forces de l&rsquo;ordre comme un lieu fr\u00e9quent de prostitution.<\/p>\n<p>\u00c0 lire aussi   <img decoding=\"async\" src=\"https:\/\/www.europesays.com\/fr\/wp-content\/uploads\/2025\/10\/1759801632_688_560x315\" alt=\"La police est sur place, un p\u00e9rim\u00e8tre de s\u00e9curit\u00e9 a \u00e9t\u00e9 instaur\u00e9 autour de la victime.\" style=\"--_image-preview:url('data:image\/jpeg;base64,\/9j\/2wBDACgcHiMeGSgjISMtKygwPGRBPDc3PHtYXUlkkYCZlo+AjIqgtObDoKrarYqMyP\/L2u71\/\/\/\/m8H\/\/\/\/6\/+b9\/\/j\/2wBDASstLTw1PHZBQXb4pYyl+Pj4+Pj4+Pj4+Pj4+Pj4+Pj4+Pj4+Pj4+Pj4+Pj4+Pj4+Pj4+Pj4+Pj4+Pj4+Pj4+Pj\/wAARCAAXACoDASIAAhEBAxEB\/8QAGAABAQEBAQAAAAAAAAAAAAAAAAECAwT\/xAAWEAEBAQAAAAAAAAAAAAAAAAAAARH\/xAAWAQEBAQAAAAAAAAAAAAAAAAAAAgH\/xAAUEQEAAAAAAAAAAAAAAAAAAAAA\/9oADAMBAAIRAxEAPwDngtiVImpaVm1QWms2poPVWKAMVmgDKA0f\/9k=');\" loading=\"lazy\" fetchpriority=\"low\" aria-hidden=\"true\" class=\"svelte-1pnmlwx rounded\" onload=\"this.__e=event\" onerror=\"this.__e=event\"\/><\/p>\n","protected":false},"excerpt":{"rendered":"La piste criminelle est \u00e9cart\u00e9e apr\u00e8s la d\u00e9couverte du corps d&rsquo;une femme pr\u00e8s d&rsquo;une piste cyclable \u00e0 Grenoble\u00a0:&hellip;\n","protected":false},"author":2,"featured_media":444100,"comment_status":"","ping_status":"","sticky":false,"template":"","format":"standard","meta":{"footnotes":""},"categories":[9566],"tags":[1111,11,2430,1777,674,1011,27,2731,12,25],"class_list":{"0":"post-444099","1":"post","2":"type-post","3":"status-publish","4":"format-standard","5":"has-post-thumbnail","7":"category-grenoble","8":"tag-actu","9":"tag-actualites","10":"tag-auvergne-rhone-alpes","11":"tag-eu","12":"tag-europe","13":"tag-fr","14":"tag-france","15":"tag-grenoble","16":"tag-news","17":"tag-republique-francaise"},"share_on_mastodon":{"url":"","error":""},"_links":{"self":[{"href":"https:\/\/www.europesays.com\/fr\/wp-json\/wp\/v2\/posts\/444099","targetHints":{"allow":["GET"]}}],"collection":[{"href":"https:\/\/www.europesays.com\/fr\/wp-json\/wp\/v2\/posts"}],"about":[{"href":"https:\/\/www.europesays.com\/fr\/wp-json\/wp\/v2\/types\/post"}],"author":[{"embeddable":true,"href":"https:\/\/www.europesays.com\/fr\/wp-json\/wp\/v2\/users\/2"}],"replies":[{"embeddable":true,"href":"https:\/\/www.europesays.com\/fr\/wp-json\/wp\/v2\/comments?post=444099"}],"version-history":[{"count":0,"href":"https:\/\/www.europesays.com\/fr\/wp-json\/wp\/v2\/posts\/444099\/revisions"}],"wp:featuredmedia":[{"embeddable":true,"href":"https:\/\/www.europesays.com\/fr\/wp-json\/wp\/v2\/media\/444100"}],"wp:attachment":[{"href":"https:\/\/www.europesays.com\/fr\/wp-json\/wp\/v2\/media?parent=444099"}],"wp:term":[{"taxonomy":"category","embeddable":true,"href":"https:\/\/www.europesays.com\/fr\/wp-json\/wp\/v2\/categories?post=444099"},{"taxonomy":"post_tag","embeddable":true,"href":"https:\/\/www.europesays.com\/fr\/wp-json\/wp\/v2\/tags?post=444099"}],"curies":[{"name":"wp","href":"https:\/\/api.w.org\/{rel}","templated":true}]}}