{"id":444101,"date":"2025-10-07T01:49:10","date_gmt":"2025-10-07T01:49:10","guid":{"rendered":"https:\/\/www.europesays.com\/fr\/444101\/"},"modified":"2025-10-07T01:49:10","modified_gmt":"2025-10-07T01:49:10","slug":"previsions-du-mardi-7-octobre-2025-13","status":"publish","type":"post","link":"https:\/\/www.europesays.com\/fr\/444101\/","title":{"rendered":"pr\u00e9visions du mardi 7 octobre 2025"},"content":{"rendered":"<p class=\"mb-4 text-lg md:leading-8 break-words\"><strong>M\u00e9t\u00e9o &#8211; Un beau soleil est pr\u00e9vu aujourd&rsquo;hui. Les temp\u00e9ratures seront de 15\u00b0C la matin\u00e9e et de 23\u00b0C l&rsquo;apr\u00e8s-midi&#8230;<\/strong><\/p>\n<p class=\"mb-4 text-lg md:leading-8 break-words\">C&rsquo;est une magnifique journ\u00e9e dont va b\u00e9n\u00e9ficier Rennes, o\u00f9 le soleil va briller avec force. Les temp\u00e9ratures tourneront autour des 17\u00b0C. Un vent de sud-est soufflera l\u00e9g\u00e8rement, avec 7 km\/h. Une m\u00e9t\u00e9o plus chaude est \u00e0 pr\u00e9voir l&rsquo;apr\u00e8s-midi puisque le mercure va enregistrer une hausse. Les valeurs afficheront entre 20 et 24\u00b0C. Des \u00e9claircies sont attendues : on passera une soir\u00e9e agr\u00e9able. Durant la nuit de mardi \u00e0 mercredi, le ciel sera clair.<\/p>\n<p class=\"mb-4 text-lg md:leading-8 break-words\">C&rsquo;est un soleil splendide qui va se montrer demain sur Rennes. Le mercure affichera 17\u00b0C en moyenne. Un vent de nord-est rafra\u00eechira un peu l&rsquo;atmosph\u00e8re. Il va faire environ 16\u00b0C, le matin. Demain apr\u00e8s-midi, c&rsquo;est une hausse de plusieurs degr\u00e9s que vont conna\u00eetre les temp\u00e9ratures. Ces valeurs s&rsquo;\u00e9chelonneront entre 17 et 23\u00b0C. Le ciel sera relativement lumineux, avec quelques \u00e9claircies demain soir.<\/p>\n<p class=\"mb-4 text-lg md:leading-8 break-words\">Le temps restera inchang\u00e9 les prochains jours. Des temp\u00e9ratures dans les 16\u00b0C iront de pair avec un ciel ensoleill\u00e9.<\/p>\n<p class=\"mb-4 text-lg md:leading-8 break-words\"><a href=\"https:\/\/www.20minutes.fr\/planete\/previsions-meteo\/4177583-20251007-meteo-rennes-previsions-mardi-7-octobre-2025?at_medium=RSS%20feed&amp;at_campaign=ynews&amp;utm_source=yahoo&amp;utm_medium=rss&amp;utm_campaign=news_feed&amp;utm_content=read_more_link&quot;\" rel=\"nofollow noopener\" target=\"_blank\" data-ylk=\"slk:Lire la suite sur 20minutes;elm:context_link;itc:0;sec:content-canvas\" class=\"link \">Lire la suite sur 20minutes<\/a><\/p>\n","protected":false},"excerpt":{"rendered":"M\u00e9t\u00e9o &#8211; Un beau soleil est pr\u00e9vu aujourd&rsquo;hui. Les temp\u00e9ratures seront de 15\u00b0C la matin\u00e9e et de 23\u00b0C&hellip;\n","protected":false},"author":2,"featured_media":444102,"comment_status":"","ping_status":"","sticky":false,"template":"","format":"standard","meta":{"footnotes":""},"categories":[2821],"tags":[1111,11,829,1777,674,1011,27,51394,2487,12,584,25],"class_list":{"0":"post-444101","1":"post","2":"type-post","3":"status-publish","4":"format-standard","5":"has-post-thumbnail","7":"category-rennes","8":"tag-actu","9":"tag-actualites","10":"tag-bretagne","11":"tag-eu","12":"tag-europe","13":"tag-fr","14":"tag-france","15":"tag-la-matinee","16":"tag-meteo","17":"tag-news","18":"tag-rennes","19":"tag-republique-francaise"},"share_on_mastodon":{"url":"https:\/\/pubeurope.com\/@fr\/115330375066157979","error":""},"_links":{"self":[{"href":"https:\/\/www.europesays.com\/fr\/wp-json\/wp\/v2\/posts\/444101","targetHints":{"allow":["GET"]}}],"collection":[{"href":"https:\/\/www.europesays.com\/fr\/wp-json\/wp\/v2\/posts"}],"about":[{"href":"https:\/\/www.europesays.com\/fr\/wp-json\/wp\/v2\/types\/post"}],"author":[{"embeddable":true,"href":"https:\/\/www.europesays.com\/fr\/wp-json\/wp\/v2\/users\/2"}],"replies":[{"embeddable":true,"href":"https:\/\/www.europesays.com\/fr\/wp-json\/wp\/v2\/comments?post=444101"}],"version-history":[{"count":0,"href":"https:\/\/www.europesays.com\/fr\/wp-json\/wp\/v2\/posts\/444101\/revisions"}],"wp:featuredmedia":[{"embeddable":true,"href":"https:\/\/www.europesays.com\/fr\/wp-json\/wp\/v2\/media\/444102"}],"wp:attachment":[{"href":"https:\/\/www.europesays.com\/fr\/wp-json\/wp\/v2\/media?parent=444101"}],"wp:term":[{"taxonomy":"category","embeddable":true,"href":"https:\/\/www.europesays.com\/fr\/wp-json\/wp\/v2\/categories?post=444101"},{"taxonomy":"post_tag","embeddable":true,"href":"https:\/\/www.europesays.com\/fr\/wp-json\/wp\/v2\/tags?post=444101"}],"curies":[{"name":"wp","href":"https:\/\/api.w.org\/{rel}","templated":true}]}}