{"id":444103,"date":"2025-10-07T01:50:28","date_gmt":"2025-10-07T01:50:28","guid":{"rendered":"https:\/\/www.europesays.com\/fr\/444103\/"},"modified":"2025-10-07T01:50:28","modified_gmt":"2025-10-07T01:50:28","slug":"strasbourg-pierre-jakubowicz-veut-nommer-des-maires-de-quartiers","status":"publish","type":"post","link":"https:\/\/www.europesays.com\/fr\/444103\/","title":{"rendered":"Strasbourg. Pierre Jakubowicz veut nommer des maires de quartiers"},"content":{"rendered":"<p class=\"wp-block-post-excerpt__excerpt\">Pierre Jakubowicz, candidat (Horizons) aux \u00e9lections municipales de Strasbourg, a pr\u00e9sent\u00e9 vendredi l\u2019un des axes du programme qu\u2019il propose\u00a0: une dizaine de maires de quartiers, dot\u00e9s de budgets et de pouvoirs de d\u00e9cision. <\/p>\n<p class=\"font-sans\">\n\t\t\tCet article est en acc\u00e8s libre. Pour soutenir Rue89 Strasbourg,<br \/>\n\t\t\t<a class=\"underline\" href=\"https:\/\/www.rue89strasbourg.com\/abonnement\" target=\"_blank\" rel=\"noopener\">abonnez-vous<\/a>.\n\t\t<\/p>\n<p>Pierre France<\/p>\n<p>Publi\u00e9 le 6 octobre 2025\u00a0\u00a0\u00b7\u00a0\u00a0<\/p>\n<p>Imprim\u00e9 le 7 octobre 2025 \u00e0 03h50\u00a0\u00a0\u00b7\u00a0\u00a0<\/p>\n<p>Modifi\u00e9 le 6 octobre 2025\u00a0\u00a0\u00b7\u00a0\u00a0<\/p>\n<p>\t\t\t\t\t2\u00a0minutes\n<\/p>\n<p>Si Pierre Jakubowicz se verrait bien maire de Strasbourg, il aimerait qu\u2019autour de lui, une dizaine de maires de quartiers le seconde. C\u2019est le sens d\u2019une proposition qu\u2019il a pr\u00e9sent\u00e9e vendredi 3 octobre devant la presse. <\/p>\n<p>Selon son analyse, l\u2019organisation mise en place par la municipalit\u00e9 \u00e9cologiste, avec une vingtaine d\u2019\u00e9lus r\u00e9f\u00e9rents de quartiers, a transform\u00e9 le centre administratif en <a href=\"https:\/\/fr.wikipedia.org\/wiki\/Tour_d%27ivoire\" target=\"_blank\" rel=\"noreferrer noopener\">\u00ab\u00a0tour d\u2019ivoire\u00a0\u00bb<\/a>, c\u2019est-\u00e0-dire \u00e0 des \u00e9lus absents ou injoignables parce qu\u2019ils n\u2019auraient pas les moyens de faire avancer les dossiers. Pour y rem\u00e9dier, le conseiller municipal Horizons propose une d\u00e9centralisation\u00a0:<\/p>\n<blockquote class=\"wp-block-quote is-layout-flow wp-block-quote-is-layout-flow\">\n<p>\u00ab\u00a0Si je suis \u00e9lu maire, je vais cr\u00e9er dix mairies de quartier, adoss\u00e9es chacune \u00e0 une direction de territoire et dot\u00e9es de repr\u00e9sentants de chaque service de l\u2019administration. Chaque maire de quartier aura un budget d\u00e9di\u00e9 et sera d\u00e9cisionnaire sur le territoire concern\u00e9.\u00a0\u00bb<\/p>\n<\/blockquote>\n<p>Pour Pierre Jakubowicz, cette d\u00e9centralisation permettra de redynamiser les commerces de certains quartiers, gr\u00e2ce \u00e0 des services administratifs qui g\u00e9n\u00e9reront du passage. Il y a jusqu\u2019\u00e0 pr\u00e9sent huit mairies de quartier, mais le conseiller municipal d\u2019opposition estime que les limites de leurs pr\u00e9rogatives ne les rendent pas suffisamment attractives. En outre, il obligera les futurs maires de quartier \u00e0 y tenir des permanences sans rendez-vous.<\/p>\n<p><a href=\"https:\/\/www.rue89strasbourg.com\/la-newsletter\" target=\"_blank\" rel=\"noopener\"><img loading=\"lazy\" decoding=\"async\" width=\"1940\" height=\"500\" src=\"https:\/\/www.europesays.com\/fr\/wp-content\/uploads\/2025\/09\/banner-desktop-970x250-1.png\" alt=\"\" class=\"wp-image-360885\" style=\"object-fit:cover;width:970px;height:250px\"  \/><\/a><\/p>\n<p>Renaissance se montre<\/p>\n<p>B\u00e9n\u00e9fice direct du soutien que lui apporte d\u00e9sormais Renaissance, Pierre Jakubowicz a pu pr\u00e9senter cette proposition comme apartisane, en convoquant d\u2019anciens adjoints du maire Roland Ries, socialistes et pass\u00e9s chez Renaissance\u00a0: Henri Dreyfus et <a href=\"https:\/\/c.dna.fr\/edition-de-strasbourg\/2017\/04\/05\/apres-olivier-bitz-michele-seiler-(ps)-rejoint-emmanuel-macron\" target=\"_blank\" rel=\"noreferrer noopener\">Mich\u00e8le Seiler<\/a>. Ces deux anciens \u00e9lus ont pu t\u00e9moigner \u00e0 quel point le r\u00f4le d\u2019adjoint de quartier \u00e9tait essentiel et identifi\u00e9 par les citoyens\u2026 surtout lorsqu\u2019ils ont un probl\u00e8me avec l\u2019administration. <\/p>\n<p>Est-ce que Pierre Jakubowicz veut remettre en place une administration \u00e0 deux vitesses, une pour le commun et une autre pour celles et ceux qui ont parl\u00e9 avec l\u2019\u00e9lu de quartier\u00a0? Pas du tout assure-t-il\u00a0: \u00ab\u00a0Il n\u2019y aura pas de passe-droits ni de coupe-file\u00a0! La d\u00e9mocratie locale, ce n\u2019est pas le client\u00e9lisme.\u00a0\u00bb Mais comment fera-t-il pour \u00e9viter la r\u00e9apparition de barons de quartiers, qui furent l\u2019une des caract\u00e9ristiques les plus visibles des municipalit\u00e9s de Roland Ries\u00a0? Le conseiller municipal assure que \u00ab\u00a0tout sera coordonn\u00e9\u00a0\u00bb et qu\u2019il y aura une \u00ab\u00a0charte des valeurs\u00a0\u00bb.<\/p>\n<p>Des r\u00e9f\u00e9rendums locaux d\u2019initiatives partag\u00e9es<\/p>\n<p>Pierre Jakubowicz a repris dans son programme une mesure qui \u00e9tait <a href=\"https:\/\/www.lopinion.fr\/politique\/municipales-2026-experimentons-le-referendum-local-dinitiative-partagee-la-tribune-detienne-loos-fabienne-keller-et-bruno-studer\" target=\"_blank\" rel=\"noreferrer noopener\">d\u00e9fendue jusque-l\u00e0 par \u00c9tienne Loos<\/a>, un ancien conseiller minist\u00e9riel qui b\u00e9n\u00e9ficie du soutien de Fabienne Keller chez Renaissance. Concr\u00e8tement, une proposition citoyenne conforme aux comp\u00e9tences de la Ville et soutenue par la signature de 5\u202f% des \u00e9lecteurs et des conseillers municipaux, serait automatiquement d\u00e9battue en conseil municipal. Le syst\u00e8me s\u2019inspire des votations locales suisses. <\/p>\n<p class=\"has-municipales-2026-yellow-color has-municipales-2026-purple-background-color has-text-color has-background has-link-color wp-elements-68eabf129135bf64830e2beb502a211c\">\ud83d\udfe1 <strong>Cette information a \u00e9t\u00e9 publi\u00e9e jeudi 2 octobre dans \u00ab\u00a0La Municipale\u00a0\u00bb. Pour recevoir cette newsletter hebdomadaire d\u00e9di\u00e9e aux \u00e9chos de la campagne \u00e9lectorale, <a href=\"https:\/\/www.rue89strasbourg.com\/la-newsletter\" target=\"_blank\" rel=\"noreferrer noopener\">inscrivez-vous<\/a>.<\/strong> <\/p>\n","protected":false},"excerpt":{"rendered":"Pierre Jakubowicz, candidat (Horizons) aux \u00e9lections municipales de Strasbourg, a pr\u00e9sent\u00e9 vendredi l\u2019un des axes du programme qu\u2019il&hellip;\n","protected":false},"author":2,"featured_media":444104,"comment_status":"","ping_status":"","sticky":false,"template":"","format":"standard","meta":{"footnotes":""},"categories":[2820],"tags":[1111,11,2761,1777,674,1011,27,775,12,4333,316,25,640],"class_list":{"0":"post-444103","1":"post","2":"type-post","3":"status-publish","4":"format-standard","5":"has-post-thumbnail","7":"category-strasbourg","8":"tag-actu","9":"tag-actualites","10":"tag-elections-municipales-2026","11":"tag-eu","12":"tag-europe","13":"tag-fr","14":"tag-france","15":"tag-grand-est","16":"tag-news","17":"tag-pierre-jakubowicz","18":"tag-politique","19":"tag-republique-francaise","20":"tag-strasbourg"},"share_on_mastodon":{"url":"https:\/\/pubeurope.com\/@fr\/115330379398211299","error":""},"_links":{"self":[{"href":"https:\/\/www.europesays.com\/fr\/wp-json\/wp\/v2\/posts\/444103","targetHints":{"allow":["GET"]}}],"collection":[{"href":"https:\/\/www.europesays.com\/fr\/wp-json\/wp\/v2\/posts"}],"about":[{"href":"https:\/\/www.europesays.com\/fr\/wp-json\/wp\/v2\/types\/post"}],"author":[{"embeddable":true,"href":"https:\/\/www.europesays.com\/fr\/wp-json\/wp\/v2\/users\/2"}],"replies":[{"embeddable":true,"href":"https:\/\/www.europesays.com\/fr\/wp-json\/wp\/v2\/comments?post=444103"}],"version-history":[{"count":0,"href":"https:\/\/www.europesays.com\/fr\/wp-json\/wp\/v2\/posts\/444103\/revisions"}],"wp:featuredmedia":[{"embeddable":true,"href":"https:\/\/www.europesays.com\/fr\/wp-json\/wp\/v2\/media\/444104"}],"wp:attachment":[{"href":"https:\/\/www.europesays.com\/fr\/wp-json\/wp\/v2\/media?parent=444103"}],"wp:term":[{"taxonomy":"category","embeddable":true,"href":"https:\/\/www.europesays.com\/fr\/wp-json\/wp\/v2\/categories?post=444103"},{"taxonomy":"post_tag","embeddable":true,"href":"https:\/\/www.europesays.com\/fr\/wp-json\/wp\/v2\/tags?post=444103"}],"curies":[{"name":"wp","href":"https:\/\/api.w.org\/{rel}","templated":true}]}}