{"id":444105,"date":"2025-10-07T01:51:12","date_gmt":"2025-10-07T01:51:12","guid":{"rendered":"https:\/\/www.europesays.com\/fr\/444105\/"},"modified":"2025-10-07T01:51:12","modified_gmt":"2025-10-07T01:51:12","slug":"plusieurs-cadres-de-retour-pour-psg-strasbourg","status":"publish","type":"post","link":"https:\/\/www.europesays.com\/fr\/444105\/","title":{"rendered":"Plusieurs cadres de retour pour PSG \/ Strasbourg ?"},"content":{"rendered":"<p><img width=\"700\" height=\"467\" src=\"https:\/\/www.europesays.com\/fr\/wp-content\/uploads\/2025\/10\/Doue-Dembele.jpg\" class=\"attachment-jannah-image-post size-jannah-image-post wp-post-image\" alt=\"Doue\u0301 dembe\u0301le\u0301\" is_main_img=\"1\" decoding=\"async\" fetchpriority=\"high\"  \/><\/p>\n<p>Avec une infirmerie bien remplie depuis le d\u00e9but de saison,<br \/>\nle PSG pourrait retrouver la quasi totalit\u00e9 de ses joueurs cadres<br \/>\nau retour de la tr\u00eave internationale d\u2019octobre.<\/p>\n<p>Malgr\u00e9 un effectif d\u00e9cim\u00e9, le <strong>PSG<\/strong> r\u00e9pond \u00e0 ses<br \/>\nobjectifs en ce d\u00e9but de saison. Leader de <strong>Ligue 1<\/strong><br \/>\napr\u00e8s sept journ\u00e9es, le club parisien performe \u00e9galement en<br \/>\n<strong>Ligue des champions<\/strong> avec deux victoires en autant<br \/>\nrencontres disput\u00e9es. Pourtant, depuis plusieurs matchs,<br \/>\n<strong>Luis Enrique<\/strong> doit composer avec la plupart de ses<br \/>\ncadres absents pour cause de blessure. En effet,<br \/>\n<strong>Marquinhos<\/strong>, <strong>Jo\u00e3o Neves<\/strong>,<br \/>\n<strong>Fabian Ruiz<\/strong>, <strong>D\u00e9sir\u00e9 Dou\u00e9<\/strong>,<br \/>\n<strong>Khvicha Kvaratskhelia<\/strong> et <strong><a href=\"https:\/\/canal-supporters.com\/psg-dembele-va-poursuivre-sa-reeducation-au-qatar\/\" title=\"\" target=\"_blank\" rel=\"noopener\">Ousmane Demb\u00e9l\u00e9<\/a><\/strong> ont manqu\u00e9 les derni\u00e8res<br \/>\nrencontres.<\/p>\n<p>Six cadres de<br \/>\nretour pour PSG \/ Strasbourg ?<\/p>\n<p>Mais cette tr\u00eave internationale pourrait permettre \u00e0 ces joueurs<br \/>\nde parfaire leur retour \u00e0 la comp\u00e9tition. Oblig\u00e9 de bricoler depuis<br \/>\nle d\u00e9but de saison, le coach parisien pourrait bient\u00f4t compter sur<br \/>\nleur retour, et peut-\u00eatre m\u00eame d\u00e8s le prochain match face au<br \/>\n<strong>RC Strasbourg<\/strong> (vendredi 17 octobre). En effet,<br \/>\ncomme le rapporte <strong><a href=\"https:\/\/www.leparisien.fr\/sports\/football\/ligue-1\/revenir-plus-fort-le-psg-compte-sur-la-treve-pour-soigner-ses-blesses-et-retrouver-six-cadres-06-10-2025-BGBXPV4YOZHQ5HFOYK4SZQ4X2A.php\" target=\"_blank\" rel=\"noopener\" title=\"\">Le<br \/>\nParisien<\/a><\/strong>, <strong>Ousmane Demb\u00e9l\u00e9<\/strong> doit<br \/>\nrevenir face aux Alsaciens, lui qui poursuit sa r\u00e9\u00e9ducation au<br \/>\n<strong>Qatar<\/strong>. \u00ab\u00a0Ce m\u00eame match devrait permettre<br \/>\n\u00e0 <strong>D\u00e9sir\u00e9 Dou\u00e9<\/strong>, <strong><a href=\"https:\/\/canal-supporters.com\/selections-joao-neves-dispense-de-rassemblement-avec-le-portugal-rentre-a-paris\/\" title=\"\" target=\"_blank\" rel=\"noopener\">Jo\u00e3o Neves<\/a><\/strong> et <strong>Khvicha<br \/>\nKvaratskhelia<\/strong> de reprendre avec l\u2019\u00e9quipe.\u00a0\u00bb De<br \/>\nm\u00eame pour <strong>Marquinhos<\/strong> et <strong>Fabian<br \/>\nRuiz<\/strong>. Ces prochains jours au <strong>Campus PSG<\/strong><br \/>\nvont leur permettre de se refaire physiquement. Une bonne nouvelle<br \/>\navec un calendrier charg\u00e9 qui attend les Rouge &amp; Bleu au retour de<br \/>\nla tr\u00eave internationale avec sept matches programm\u00e9s en 24 jours<br \/>\n(<strong>Strasbourg<\/strong>, <strong>Bayer Leverkusen<\/strong>,<br \/>\n<strong>Stade Brestois<\/strong>, <strong>FC Lorient<\/strong>,<br \/>\n<strong>OGC Nice<\/strong>, <strong>Bayern Munich<\/strong> et<br \/>\n<strong>Olympique Lyonnais<\/strong>).<\/p>\n<\/p>\n<p>Youtube :<br \/>\n<strong><a href=\"https:\/\/www.youtube.com\/@CanalSupportersParis\/videos\" target=\"_blank\" rel=\"noopener\" title=\"\">Canal Supporters<br \/>\nParis<\/a><\/strong><\/p>\n","protected":false},"excerpt":{"rendered":"Avec une infirmerie bien remplie depuis le d\u00e9but de saison, le PSG pourrait retrouver la quasi totalit\u00e9 de&hellip;\n","protected":false},"author":2,"featured_media":444106,"comment_status":"","ping_status":"","sticky":false,"template":"","format":"standard","meta":{"footnotes":""},"categories":[2820],"tags":[1111,11,81,787,1640,1777,674,14700,1011,27,775,28852,87,13297,66,791,12,2782,91,92,93,50653,25,640,96],"class_list":{"0":"post-444105","1":"post","2":"type-post","3":"status-publish","4":"format-standard","5":"has-post-thumbnail","7":"category-strasbourg","8":"tag-actu","9":"tag-actualites","10":"tag-canal-supporters","11":"tag-cs","12":"tag-desire-doue","13":"tag-eu","14":"tag-europe","15":"tag-fabian-ruiz","16":"tag-fr","17":"tag-france","18":"tag-grand-est","19":"tag-infirmerie-psg","20":"tag-joao-neves","21":"tag-khvicha-kvaratskhelia","22":"tag-ligue-1","23":"tag-marquinhos","24":"tag-news","25":"tag-ousmane-dembele","26":"tag-paris-saint-germain","27":"tag-paris-sg","28":"tag-psg","29":"tag-psg-strasbourg","30":"tag-republique-francaise","31":"tag-strasbourg","32":"tag-une"},"share_on_mastodon":{"url":"https:\/\/pubeurope.com\/@fr\/115330382805355436","error":""},"_links":{"self":[{"href":"https:\/\/www.europesays.com\/fr\/wp-json\/wp\/v2\/posts\/444105","targetHints":{"allow":["GET"]}}],"collection":[{"href":"https:\/\/www.europesays.com\/fr\/wp-json\/wp\/v2\/posts"}],"about":[{"href":"https:\/\/www.europesays.com\/fr\/wp-json\/wp\/v2\/types\/post"}],"author":[{"embeddable":true,"href":"https:\/\/www.europesays.com\/fr\/wp-json\/wp\/v2\/users\/2"}],"replies":[{"embeddable":true,"href":"https:\/\/www.europesays.com\/fr\/wp-json\/wp\/v2\/comments?post=444105"}],"version-history":[{"count":0,"href":"https:\/\/www.europesays.com\/fr\/wp-json\/wp\/v2\/posts\/444105\/revisions"}],"wp:featuredmedia":[{"embeddable":true,"href":"https:\/\/www.europesays.com\/fr\/wp-json\/wp\/v2\/media\/444106"}],"wp:attachment":[{"href":"https:\/\/www.europesays.com\/fr\/wp-json\/wp\/v2\/media?parent=444105"}],"wp:term":[{"taxonomy":"category","embeddable":true,"href":"https:\/\/www.europesays.com\/fr\/wp-json\/wp\/v2\/categories?post=444105"},{"taxonomy":"post_tag","embeddable":true,"href":"https:\/\/www.europesays.com\/fr\/wp-json\/wp\/v2\/tags?post=444105"}],"curies":[{"name":"wp","href":"https:\/\/api.w.org\/{rel}","templated":true}]}}