{"id":444115,"date":"2025-10-07T01:58:13","date_gmt":"2025-10-07T01:58:13","guid":{"rendered":"https:\/\/www.europesays.com\/fr\/444115\/"},"modified":"2025-10-07T01:58:13","modified_gmt":"2025-10-07T01:58:13","slug":"deux-ados-hospitalises-apres-la-consommation-dune-mysterieuse-poudre-blanche-les-victimes-ne-sont-plus-dans-le-coma","status":"publish","type":"post","link":"https:\/\/www.europesays.com\/fr\/444115\/","title":{"rendered":"Deux ados hospitalis\u00e9s apr\u00e8s la consommation d\u2019une myst\u00e9rieuse poudre blanche\u00a0: les victimes ne sont plus dans le coma"},"content":{"rendered":"<p>\n                                                                    l&rsquo;essentiel<br \/>\n                                                                Jeudi soir, une f\u00eate entre jeunes dans l\u2019ouest toulousain a tourn\u00e9 au drame apr\u00e8s l\u2019ingestion d\u2019un m\u00e9lange toxique encore non identifi\u00e9. Hospitalis\u00e9s dans un \u00e9tat critique, deux adolescents de 17 ans viennent de sortir du coma. Une enqu\u00eate est en cours pour d\u00e9terminer l\u2019origine des substances en cause.\n                            <\/p>\n<p>Hospitalis\u00e9s depuis jeudi soir \u00e0 l\u2019h\u00f4pital Rangueil de Toulouse apr\u00e8s avoir ing\u00e9r\u00e9 une myst\u00e9rieuse poudre blanche lors d\u2019une soir\u00e9e \u00e0 Tournefeuille, deux adolescents de 17 ans sont d\u00e9sormais sortis du coma.<\/p>\n<p>Selon nos informations, leur pronostic vital n\u2019est plus engag\u00e9. Toutefois, les m\u00e9decins restent prudents\u00a0: il est encore trop t\u00f4t pour exclure l\u2019apparition de s\u00e9quelles neurologiques ou physiques. Cette am\u00e9lioration de leur \u00e9tat constitue un immense soulagement pour leurs familles, encore sous le choc.<\/p>\n<p class=\"std-elt__inline\">\n        <strong>\u00c0 lire aussi :<\/strong><br \/>\n        <a href=\"https:\/\/www.ladepeche.fr\/2025\/10\/04\/ados-de-17-ans-dans-le-coma-ingestion-dun-produit-non-identifie-enquete-ce-que-lon-sait-de-laffaire-12971191.php\" rel=\"nofollow noopener\" target=\"_blank\">Ados de 17 ans dans le coma\u00a0: ingestion d\u2019un produit non identifi\u00e9, enqu\u00eate\u2026 Ce que l\u2019on sait de l\u2019affaire<\/a>\n    <\/p>\n<p>Les investigations toxicologiques sont en cours afin de d\u00e9terminer avec pr\u00e9cision la composition du cocktail absorb\u00e9. D\u2019apr\u00e8s les premiers \u00e9l\u00e9ments recueillis, le m\u00e9lange pourrait inclure des m\u00e9dicaments, du protoxyde d\u2019azote \u2014 ce gaz hilarant pris\u00e9 dans les milieux festifs \u2014 et potentiellement une drogue de synth\u00e8se non encore identifi\u00e9e. Les r\u00e9sultats attendus permettront de v\u00e9rifier la v\u00e9racit\u00e9 des t\u00e9moignages recueillis par les enqu\u00eateurs.<\/p>\n<p>Qui a ramen\u00e9 la drogue\u00a0?<\/p>\n<p>Vendredi soir, une soir\u00e9e entre amis dans l\u2019ouest toulousain a bascul\u00e9 lorsque deux adolescents de 17 ans ont \u00e9t\u00e9 pris de convulsions. Ils ont rapidement perdu connaissance avant d\u2019\u00eatre transf\u00e9r\u00e9s en urgence \u00e0 l\u2019h\u00f4pital, dans un \u00e9tat critique.<\/p>\n<p>Au lendemain de leur r\u00e9veil, l\u2019enqu\u00eate se poursuit dans le cadre d\u2019une proc\u00e9dure ouverte pour blessures involontaires. Les policiers de la s\u00fbret\u00e9 d\u00e9partementale s\u2019efforcent d\u2019identifier l\u2019origine exacte des substances et la personne qui les aurait introduites lors de la f\u00eate. Selon une source proche du dossier, l\u2019hypoth\u00e8se d\u2019un m\u00e9lange accidentel entre m\u00e9dicaments et drogue de synth\u00e8se reste envisag\u00e9e \u00e0 ce stade.<\/p>\n<p>Cette affaire s\u2019inscrit dans un contexte sanitaire et s\u00e9curitaire particuli\u00e8rement pr\u00e9occupant. Trois overdoses mortelles ont d\u00e9j\u00e0 \u00e9t\u00e9 recens\u00e9es \u00e0 Toulouse depuis janvier\u00a02025, principalement li\u00e9es \u00e0 des substances frelat\u00e9es circulant dans les milieux festifs. Face \u00e0 la recrudescence de ces cas, les autorit\u00e9s sanitaires et judiciaires appellent \u00e0 la plus grande vigilance vis-\u00e0-vis des produits de composition incertaine.<\/p>\n","protected":false},"excerpt":{"rendered":"l&rsquo;essentiel Jeudi soir, une f\u00eate entre jeunes dans l\u2019ouest toulousain a tourn\u00e9 au drame apr\u00e8s l\u2019ingestion d\u2019un m\u00e9lange&hellip;\n","protected":false},"author":2,"featured_media":444116,"comment_status":"","ping_status":"","sticky":false,"template":"","format":"standard","meta":{"footnotes":""},"categories":[2816],"tags":[1111,11,1777,674,1011,27,12,2680,25,2312],"class_list":{"0":"post-444115","1":"post","2":"type-post","3":"status-publish","4":"format-standard","5":"has-post-thumbnail","7":"category-toulouse","8":"tag-actu","9":"tag-actualites","10":"tag-eu","11":"tag-europe","12":"tag-fr","13":"tag-france","14":"tag-news","15":"tag-occitanie","16":"tag-republique-francaise","17":"tag-toulouse"},"share_on_mastodon":{"url":"https:\/\/pubeurope.com\/@fr\/115330410422548464","error":""},"_links":{"self":[{"href":"https:\/\/www.europesays.com\/fr\/wp-json\/wp\/v2\/posts\/444115","targetHints":{"allow":["GET"]}}],"collection":[{"href":"https:\/\/www.europesays.com\/fr\/wp-json\/wp\/v2\/posts"}],"about":[{"href":"https:\/\/www.europesays.com\/fr\/wp-json\/wp\/v2\/types\/post"}],"author":[{"embeddable":true,"href":"https:\/\/www.europesays.com\/fr\/wp-json\/wp\/v2\/users\/2"}],"replies":[{"embeddable":true,"href":"https:\/\/www.europesays.com\/fr\/wp-json\/wp\/v2\/comments?post=444115"}],"version-history":[{"count":0,"href":"https:\/\/www.europesays.com\/fr\/wp-json\/wp\/v2\/posts\/444115\/revisions"}],"wp:featuredmedia":[{"embeddable":true,"href":"https:\/\/www.europesays.com\/fr\/wp-json\/wp\/v2\/media\/444116"}],"wp:attachment":[{"href":"https:\/\/www.europesays.com\/fr\/wp-json\/wp\/v2\/media?parent=444115"}],"wp:term":[{"taxonomy":"category","embeddable":true,"href":"https:\/\/www.europesays.com\/fr\/wp-json\/wp\/v2\/categories?post=444115"},{"taxonomy":"post_tag","embeddable":true,"href":"https:\/\/www.europesays.com\/fr\/wp-json\/wp\/v2\/tags?post=444115"}],"curies":[{"name":"wp","href":"https:\/\/api.w.org\/{rel}","templated":true}]}}