{"id":444117,"date":"2025-10-07T01:59:23","date_gmt":"2025-10-07T01:59:23","guid":{"rendered":"https:\/\/www.europesays.com\/fr\/444117\/"},"modified":"2025-10-07T01:59:23","modified_gmt":"2025-10-07T01:59:23","slug":"la-mairie-de-toulouse-eclipse-les-soins-a-la-grave-en-misant-tout-sur-le-patrimoine","status":"publish","type":"post","link":"https:\/\/www.europesays.com\/fr\/444117\/","title":{"rendered":"La mairie de Toulouse \u00e9clipse les soins \u00e0 la Grave en misant tout sur le patrimoine"},"content":{"rendered":"<p>Avec son d\u00f4me gris\u2010vert, il est le monument le plus photographi\u00e9 de Toulouse. En son c\u0153ur, la chapelle Saint\u2010Joseph, class\u00e9e depuis 1978 aux Monuments historiques, domine sur la rive gauche de la Garonne, le site de 4,8 hectares. Au\u2010del\u00e0 de la carte postale, celui\u2010ci est le berceau de l\u2019histoire hospitali\u00e8re de la\u00a0cit\u00e9.<\/p>\n<p>Depuis le 12e si\u00e8cle, ses b\u00e2timents ont \u00e9t\u00e9 destin\u00e9s aux soins, accueillant d\u2019abord les pestif\u00e9r\u00e9s, puis les mendiants, les prostitu\u00e9es et les personnes souffrant de troubles psychiatriques, en particulier lors du Grand Renfermement, aux 17e et 18e si\u00e8cles.\u00a0<\/p>\n<p>Cette histoire, racont\u00e9e aux visiteurs du mus\u00e9e inaugur\u00e9 en 2022 dans la chapelle Saint\u2010Joseph enti\u00e8rement r\u00e9nov\u00e9e, ne s\u2019\u00e9crit pas seulement au pass\u00e9. Certaines activit\u00e9s importantes du site ont disparu, comme les services de la maternit\u00e9 qui ont d\u00e9m\u00e9nag\u00e9 \u00e0 Purpan en 2003, mais la Grave abrite encore aujourd\u2019hui de nombreux services dits de \u00ab\u202fm\u00e9decine sociale\u202f\u00bb, d\u00e9di\u00e9s aux personnes pr\u00e9caires et aux soins psychiatriques.<\/p>\n<p>Il est difficile de donner le nombre pr\u00e9cis de soignants en activit\u00e9, sans r\u00e9ponse du CHU sur cette question et en raison d\u2019un important \u00ab\u202fturn\u2010over\u202f\u00bb dans certains services. Une dizaine de personnes travaillent dans les services de la Cit\u00e9 de la sant\u00e9 (centre de sant\u00e9 sexuelle, centre de d\u00e9pistage pour les infections sexuellement transmissibles Cegidd, permanence d\u2019acc\u00e8s aux soins de sant\u00e9 \u2013 PASS et PASS Psy). S\u2019y ajoutent l\u2019important service de g\u00e9riatrie du professeur Vellas, et un p\u00f4le recherche sur le vieillissement (<a href=\"https:\/\/sfgg.org\/espace-presse\/communiques-de-presse\/le-1er-institut-hospitalo-universitaire-ihu-dedie-au-vieillissement-vient-detre-cree-a-toulouse-entretien-avec-le-pr-bruno-vellas\/\" target=\"_blank\" rel=\"noopener\">le premier institut hospitalo\u2010universitaire de France d\u00e9di\u00e9 au vieillissement<\/a>) que nous n\u2019avons pu quantifier.<\/p>\n<p>En plus, pr\u00e8s d\u2019une cinquantaine de soignants et travailleurs sociaux (en \u00e9quivalents temps plein) exerceraient sur le reste du site, dont une trentaine dans les services de p\u00e9dopsychiatrie, mais aussi \u00e0 la Halte sant\u00e9, \u00e0 l\u2019USPS (unit\u00e9 de souffrance psychosociale), au CSAPA Maurice Dide (addictologie) ou au Centre m\u00e9dico\u2010psychologique (CMP). Des b\u00e9n\u00e9voles de la Croix rouge g\u00e8rent par ailleurs le point sant\u00e9\u2010douche, auparavant g\u00e9r\u00e9 par le\u00a0CHU.<\/p>\n<p>Au total, pr\u00e8s d\u2019une centaine de personnes travailleraient sur le\u00a0site.<br \/>Une communication qui invisibilise les\u00a0soins<br \/>Centrale \u00e0 La Grave, la sant\u00e9 est pourtant un th\u00e8me qui transpara\u00eet tr\u00e8s peu dans la communication officielle de la mairie, \u00e0 qui le CHU a confi\u00e9 la gestion du site en\u00a02015.<\/p>\n<p>Lors de l\u2019inauguration des jardins du parvis du D\u00f4me, le 6 juin dernier, le directeur du CHU Jean\u2010Fran\u00e7ois Lefebvre a pu vanter les qualit\u00e9s du projet\u00a0\u2026<\/p>\n<p>Nous vous offrons l\u2019acc\u00e8s \u00e0 cet article<\/p>\n<p>Et \u00e0 toutes nos enqu\u00eates pendant deux jours\u00a0\u00a0! <br \/>Oui, on est g\u00e9n\u00e9reux \ud83d\ude09 Mais pensez aussi \u00e0 <a href=\"https:\/\/www.mediacites.fr\/sabonner\/\" target=\"_blank\" style=\"color:#fff\" rel=\"noopener\">vous abonner<\/a>\u00a0\u00a0!<\/p>\n<p>\t\tEn renseignant votre adresse, vous acceptez nos <a href=\"https:\/\/www.mediacites.fr\/conditions-generales-d-utilisation\/\" target=\"_blank\" rel=\"noopener\">conditions g\u00e9n\u00e9rales d\u2019utilisation<\/a>. <br \/>Mediacit\u00e9s s\u2019engage \u00e0 ne pas c\u00e9der votre adresse \u00e0 des tiers. En cas d\u2019\u00e9chec, \u00e9crivez \u00e0 <a href=\"https:\/\/www.mediacites.fr\/sante\/toulouse\/2025\/10\/06\/la-mairie-de-toulouse-eclipse-les-soins-a-la-grave-en-misant-tout-sur-le-patrimoine\/mailto:contact@mediacites.fr\" target=\"_blank\" rel=\"noopener\">contact@mediacites.fr<\/a><\/p>\n<ul>\n<li>J\u2019acc\u00e8de aux 4 \u00e9ditions de Mediacit\u00e9s (Lille, Lyon, Nantes et Toulouse)<\/li>\n<li>Je d\u00e9couvre un m\u00e9dia 100 % ind\u00e9pendant, avec 0 % de publicit\u00e9<\/li>\n<\/ul>\n<p>Envie de lire la\u00a0suite\u202f?<\/p>\n<p class=\"price\">1\u20ac le premier mois<\/p>\n<p class=\"description\">Puis 7,90\u20ac par\u00a0mois<\/p>\n<p><a class=\"button button--green\" href=\"https:\/\/www.mediacites.fr\/sabonner\/?sub=55\" style=\"margin-top:22px;font-size:13px;\" target=\"_blank\" rel=\"noopener\">Je teste\u202f! <\/a><\/p>\n<ul>\n<li>Acc\u00e8s aux 4 \u00e9ditions de Mediacit\u00e9s (Lille, Lyon, Nantes et Toulouse)<\/li>\n<li>100 % ind\u00e9pendant, avec 0 % de publicit\u00e9<\/li>\n<li>R\u00e9siliation facile \u00e0 tout moment<\/li>\n<\/ul>\n<p>Mediacit\u00e9s offre l\u2019acc\u00e8s \u00e0 cet article aux lecteurs de News2Com<\/p>\n<p>Et \u00e0 toutes nos enqu\u00eates pendant deux jours\u00a0\u00a0! <br \/>Oui, on est g\u00e9n\u00e9reux \ud83d\ude09 Mais pensez aussi \u00e0 <a href=\"https:\/\/www.mediacites.fr\/sabonner\/\" target=\"_blank\" style=\"color:#fff\" rel=\"noopener\">vous abonner<\/a>\u00a0\u00a0!<\/p>\n<p>\t\tEn renseignant votre adresse, vous acceptez nos <a href=\"https:\/\/www.mediacites.fr\/conditions-generales-d-utilisation\/\" target=\"_blank\" rel=\"noopener\">conditions g\u00e9n\u00e9rales d\u2019utilisation<\/a>. <br \/>Mediacit\u00e9s s\u2019engage \u00e0 ne pas c\u00e9der votre adresse \u00e0 des tiers. En cas d\u2019\u00e9chec, \u00e9crivez \u00e0 <a href=\"https:\/\/www.mediacites.fr\/sante\/toulouse\/2025\/10\/06\/la-mairie-de-toulouse-eclipse-les-soins-a-la-grave-en-misant-tout-sur-le-patrimoine\/mailto:contact@mediacites.fr\" target=\"_blank\" rel=\"noopener\">contact@mediacites.fr<\/a><\/p>\n<ul>\n<li>J\u2019acc\u00e8de aux 4 \u00e9ditions de Mediacit\u00e9s (Lille, Lyon, Nantes et Toulouse)<\/li>\n<li>Je d\u00e9couvre un m\u00e9dia 100 % ind\u00e9pendant, avec 0 % de publicit\u00e9<\/li>\n<\/ul>\n","protected":false},"excerpt":{"rendered":"Avec son d\u00f4me gris\u2010vert, il est le monument le plus photographi\u00e9 de Toulouse. En son c\u0153ur, la chapelle&hellip;\n","protected":false},"author":2,"featured_media":444118,"comment_status":"","ping_status":"","sticky":false,"template":"","format":"standard","meta":{"footnotes":""},"categories":[2816],"tags":[1111,11,251,1777,674,1011,27,2857,20384,12,2680,2551,57050,25,71,2312],"class_list":{"0":"post-444117","1":"post","2":"type-post","3":"status-publish","4":"format-standard","5":"has-post-thumbnail","7":"category-toulouse","8":"tag-actu","9":"tag-actualites","10":"tag-culture","11":"tag-eu","12":"tag-europe","13":"tag-fr","14":"tag-france","15":"tag-jean-luc-moudenc","16":"tag-la-grave","17":"tag-news","18":"tag-occitanie","19":"tag-patrimoine","20":"tag-promesses-de-campagne","21":"tag-republique-francaise","22":"tag-sante","23":"tag-toulouse"},"share_on_mastodon":{"url":"https:\/\/pubeurope.com\/@fr\/115330414269195541","error":""},"_links":{"self":[{"href":"https:\/\/www.europesays.com\/fr\/wp-json\/wp\/v2\/posts\/444117","targetHints":{"allow":["GET"]}}],"collection":[{"href":"https:\/\/www.europesays.com\/fr\/wp-json\/wp\/v2\/posts"}],"about":[{"href":"https:\/\/www.europesays.com\/fr\/wp-json\/wp\/v2\/types\/post"}],"author":[{"embeddable":true,"href":"https:\/\/www.europesays.com\/fr\/wp-json\/wp\/v2\/users\/2"}],"replies":[{"embeddable":true,"href":"https:\/\/www.europesays.com\/fr\/wp-json\/wp\/v2\/comments?post=444117"}],"version-history":[{"count":0,"href":"https:\/\/www.europesays.com\/fr\/wp-json\/wp\/v2\/posts\/444117\/revisions"}],"wp:featuredmedia":[{"embeddable":true,"href":"https:\/\/www.europesays.com\/fr\/wp-json\/wp\/v2\/media\/444118"}],"wp:attachment":[{"href":"https:\/\/www.europesays.com\/fr\/wp-json\/wp\/v2\/media?parent=444117"}],"wp:term":[{"taxonomy":"category","embeddable":true,"href":"https:\/\/www.europesays.com\/fr\/wp-json\/wp\/v2\/categories?post=444117"},{"taxonomy":"post_tag","embeddable":true,"href":"https:\/\/www.europesays.com\/fr\/wp-json\/wp\/v2\/tags?post=444117"}],"curies":[{"name":"wp","href":"https:\/\/api.w.org\/{rel}","templated":true}]}}