{"id":444119,"date":"2025-10-07T02:00:51","date_gmt":"2025-10-07T02:00:51","guid":{"rendered":"https:\/\/www.europesays.com\/fr\/444119\/"},"modified":"2025-10-07T02:00:51","modified_gmt":"2025-10-07T02:00:51","slug":"roubaix-fete-les-nuits-des-bibliotheques-les-11-et-12-octobre-a-la-grand-plage","status":"publish","type":"post","link":"https:\/\/www.europesays.com\/fr\/444119\/","title":{"rendered":"Roubaix f\u00eate les Nuits des biblioth\u00e8ques les 11 et 12 octobre \u00e0 La Grand-Plage"},"content":{"rendered":"<p class=\"introduction\">Les Nuits des biblioth\u00e8ques sont de retour les 11 et 12 octobre 2025 dans toute la M\u00e9tropole Europ\u00e9enne de Lille. Roubaix y participera une nouvelle fois avec une programmation haute en couleurs \u00e0 la M\u00e9diath\u00e8que La Grand-Plage. Plac\u00e9e sous le signe de la f\u00eate, en r\u00e9sonance avec la saison Fiesta de Lille3000, cette \u00e9dition roubaisienne promet de conjuguer litt\u00e9rature, musique et cr\u00e9ativit\u00e9 dans un esprit chaleureux.<\/p>\n<p data-start=\"582\" data-end=\"1052\">D\u00e8s le samedi apr\u00e8s-midi, les visiteurs pourront s\u2019immerger dans un univers festif : ateliers cr\u00e9atifs pour fabriquer des accessoires \u00e9tincelants, initiation au maquillage paillet\u00e9 pour les plus jeunes, ou encore fabrication de gel biod\u00e9gradable \u00ab maison \u00bb .Petits et grands trouveront de quoi exprimer leur imagination ! La <strong data-start=\"911\" data-end=\"931\">veill\u00e9e musicale<\/strong> men\u00e9e par Karim invitera ensuite le public, d\u00e8s 18 mois, \u00e0 partager chants du monde et \u00e9motions interg\u00e9n\u00e9rationnelles.<\/p>\n<p data-start=\"1054\" data-end=\"1487\">Le collectif <strong data-start=\"1067\" data-end=\"1085\">Les Paillettes<\/strong>, compos\u00e9 des drag queens Tata Foxie et Jessica Triss, sera l\u2019un des temps forts du week-end. Avec humour et tendresse, elles r\u00e9inventeront les contes traditionnels pour en faire des histoires o\u00f9 princesses courageuses, h\u00e9ros sensibles et sorci\u00e8res astucieuses prennent la place des arch\u00e9types. Un moment magique, dr\u00f4le et inspirant, pens\u00e9 pour \u00e9veiller les imaginaires des enfants comme des adultes.<\/p>\n<p data-start=\"1489\" data-end=\"1882\">Et parce qu\u2019une f\u00eate ne saurait \u00eatre compl\u00e8te sans musique, la soir\u00e9e du samedi se prolongera au rythme du <strong data-start=\"1596\" data-end=\"1625\">DJ set de BarbaPaillettes<\/strong>. Entre disco, chansons populaires et \u00e9nergie \u00e9tincelante, la salle La Cri\u00e9e se transformera en v\u00e9ritable piste de danse familiale. Le dimanche, place \u00e0 la convivialit\u00e9 avec des jeux de soci\u00e9t\u00e9 et des jeux vid\u00e9o festifs, pour clore ce week-end en douceur.<\/p>\n<p data-start=\"1884\" data-end=\"2196\">Plus qu\u2019un simple rendez-vous culturel, les <strong data-start=\"1928\" data-end=\"1955\">Nuits des biblioth\u00e8ques<\/strong> rappellent que les m\u00e9diath\u00e8ques sont aussi des lieux de vie, d\u2019\u00e9changes et de partage. \u00c0 Roubaix, la lecture se m\u00eale \u00e0 la musique, au jeu et \u00e0 la cr\u00e9ativit\u00e9 pour offrir \u00e0 toutes les g\u00e9n\u00e9rations un moment hors du temps, lumineux et festif.<\/p>\n","protected":false},"excerpt":{"rendered":"Les Nuits des biblioth\u00e8ques sont de retour les 11 et 12 octobre 2025 dans toute la M\u00e9tropole Europ\u00e9enne&hellip;\n","protected":false},"author":2,"featured_media":444120,"comment_status":"","ping_status":"","sticky":false,"template":"","format":"standard","meta":{"footnotes":""},"categories":[2815],"tags":[1111,11,1777,674,1011,27,811,16581,1307,16582,12,57051,25],"class_list":{"0":"post-444119","1":"post","2":"type-post","3":"status-publish","4":"format-standard","5":"has-post-thumbnail","7":"category-lille","8":"tag-actu","9":"tag-actualites","10":"tag-eu","11":"tag-europe","12":"tag-fr","13":"tag-france","14":"tag-hauts-de-france","15":"tag-la-grand-plage","16":"tag-lille","17":"tag-mediatheque","18":"tag-news","19":"tag-nuits-des-bibliotheque","20":"tag-republique-francaise"},"share_on_mastodon":{"url":"https:\/\/pubeurope.com\/@fr\/115330422079633551","error":""},"_links":{"self":[{"href":"https:\/\/www.europesays.com\/fr\/wp-json\/wp\/v2\/posts\/444119","targetHints":{"allow":["GET"]}}],"collection":[{"href":"https:\/\/www.europesays.com\/fr\/wp-json\/wp\/v2\/posts"}],"about":[{"href":"https:\/\/www.europesays.com\/fr\/wp-json\/wp\/v2\/types\/post"}],"author":[{"embeddable":true,"href":"https:\/\/www.europesays.com\/fr\/wp-json\/wp\/v2\/users\/2"}],"replies":[{"embeddable":true,"href":"https:\/\/www.europesays.com\/fr\/wp-json\/wp\/v2\/comments?post=444119"}],"version-history":[{"count":0,"href":"https:\/\/www.europesays.com\/fr\/wp-json\/wp\/v2\/posts\/444119\/revisions"}],"wp:featuredmedia":[{"embeddable":true,"href":"https:\/\/www.europesays.com\/fr\/wp-json\/wp\/v2\/media\/444120"}],"wp:attachment":[{"href":"https:\/\/www.europesays.com\/fr\/wp-json\/wp\/v2\/media?parent=444119"}],"wp:term":[{"taxonomy":"category","embeddable":true,"href":"https:\/\/www.europesays.com\/fr\/wp-json\/wp\/v2\/categories?post=444119"},{"taxonomy":"post_tag","embeddable":true,"href":"https:\/\/www.europesays.com\/fr\/wp-json\/wp\/v2\/tags?post=444119"}],"curies":[{"name":"wp","href":"https:\/\/api.w.org\/{rel}","templated":true}]}}