{"id":444123,"date":"2025-10-07T02:04:14","date_gmt":"2025-10-07T02:04:14","guid":{"rendered":"https:\/\/www.europesays.com\/fr\/444123\/"},"modified":"2025-10-07T02:04:14","modified_gmt":"2025-10-07T02:04:14","slug":"municipales-martine-vassal-tend-la-main-aux-electeurs-de-stephane-ravier","status":"publish","type":"post","link":"https:\/\/www.europesays.com\/fr\/444123\/","title":{"rendered":"[Municipales] Martine Vassal tend la main aux \u00e9lecteurs de St\u00e9phane Ravier"},"content":{"rendered":"\n<p>\u00ab Il a des \u00e9lecteurs qui vont se retrouver orphelins. La seule personne qui peut correspondre \u00e0 ce que les Marseillais attendent c\u2019est moi. J\u2019invite les \u00e9lecteurs de St\u00e9phane Ravier \u00e0 regarder mon programme et celui propos\u00e9 par le RN \u00bb d\u00e9clare dans les colonnes de <a rel=\"nofollow noopener noreferrer\" href=\"https:\/\/www.laprovence.com\/article\/elections\/7588454038676314\/municipales-2026-vassal-dvd-appelle-les-electeurs-orphelins-de-ravier-extreme-droite-a-regarder-son-programme\" target=\"_blank\">La Provence <\/a>ce samedi Martine Vassal. Elle assure ainsi que sur le th\u00e8me de la s\u00e9curit\u00e9, \u00ab l\u2019original, c\u2019est moi \u00bb, et promet de se distinguer sur l\u2019\u00e9conomie. Peu importe si St\u00e9phane Ravier lui-m\u00eame a \u00e9t\u00e9 clair sur son soutien \u00ab sans r\u00e9serve \u00bb \u00e0 Franck Allisio et au RN, s\u2019affichant \u00e0 ses c\u00f4t\u00e9s vendredi soir dans les all\u00e9es de la Foire de Marseille.<\/p>\n<p>\u00ab Je souffre pour les gens qui se disent macronistes, d\u00e9plore en face le maire (DVG) Beno\u00eet Payan, en marge de l\u2019inauguration des \u00e9coles Aygalades &#8211; Oasis. On a vot\u00e9 pour des macronistes pour faire barrage au RN, on a fait un front r\u00e9publicain en consid\u00e9rant qu\u2019il y a des pas qu\u2019il ne fallait pas franchir&#8230; Mais quand elle dit que l\u2019original, c\u2019est elle, que je lis : \u00ab j\u2019invite les \u00e9lecteurs de St\u00e9phane Ravier\u00bb, dont m\u00eame le RN dit qu\u2019il est trop extr\u00eame, il n\u2019y a plus de limite. Tout est permis, et pour glaner quelques voix, on perd sa boussole. \u00bb Et de plaindre Gabriel Attal ainsi qu\u2019Emmanuel Macron qui \u00ab nous ont racont\u00e9 qu\u2019ils ont fond\u00e9 leur combat contre le RN \u00bb. De quoi piquer dans les rangs de Renaissance. \u00ab Nous avons confiance en Martine Vassal pour rester fid\u00e8le \u00e0 la Charte des valeurs de Renaissance, qu\u2019elle s\u2019est engag\u00e9e \u00e0 poursuivre \u00bb, r\u00e9agissent ce dimanche les responsables du parti \u00e0 Marseille. Avant de promettre de ne laisser passer \u00ab aucune entorse \u00bb aux valeurs humanistes, la\u00efques et progressistes.<\/p>\n","protected":false},"excerpt":{"rendered":"\u00ab Il a des \u00e9lecteurs qui vont se retrouver orphelins. La seule personne qui peut correspondre \u00e0 ce&hellip;\n","protected":false},"author":2,"featured_media":444124,"comment_status":"","ping_status":"","sticky":false,"template":"","format":"standard","meta":{"footnotes":""},"categories":[2814],"tags":[1111,11,22330,1777,674,1011,27,884,12,882,25],"class_list":{"0":"post-444123","1":"post","2":"type-post","3":"status-publish","4":"format-standard","5":"has-post-thumbnail","7":"category-marseille","8":"tag-actu","9":"tag-actualites","10":"tag-electeurs","11":"tag-eu","12":"tag-europe","13":"tag-fr","14":"tag-france","15":"tag-marseille","16":"tag-news","17":"tag-provence-alpes-cote-dazur","18":"tag-republique-francaise"},"share_on_mastodon":{"url":"https:\/\/pubeurope.com\/@fr\/115330433947164052","error":""},"_links":{"self":[{"href":"https:\/\/www.europesays.com\/fr\/wp-json\/wp\/v2\/posts\/444123","targetHints":{"allow":["GET"]}}],"collection":[{"href":"https:\/\/www.europesays.com\/fr\/wp-json\/wp\/v2\/posts"}],"about":[{"href":"https:\/\/www.europesays.com\/fr\/wp-json\/wp\/v2\/types\/post"}],"author":[{"embeddable":true,"href":"https:\/\/www.europesays.com\/fr\/wp-json\/wp\/v2\/users\/2"}],"replies":[{"embeddable":true,"href":"https:\/\/www.europesays.com\/fr\/wp-json\/wp\/v2\/comments?post=444123"}],"version-history":[{"count":0,"href":"https:\/\/www.europesays.com\/fr\/wp-json\/wp\/v2\/posts\/444123\/revisions"}],"wp:featuredmedia":[{"embeddable":true,"href":"https:\/\/www.europesays.com\/fr\/wp-json\/wp\/v2\/media\/444124"}],"wp:attachment":[{"href":"https:\/\/www.europesays.com\/fr\/wp-json\/wp\/v2\/media?parent=444123"}],"wp:term":[{"taxonomy":"category","embeddable":true,"href":"https:\/\/www.europesays.com\/fr\/wp-json\/wp\/v2\/categories?post=444123"},{"taxonomy":"post_tag","embeddable":true,"href":"https:\/\/www.europesays.com\/fr\/wp-json\/wp\/v2\/tags?post=444123"}],"curies":[{"name":"wp","href":"https:\/\/api.w.org\/{rel}","templated":true}]}}