{"id":444127,"date":"2025-10-07T02:06:13","date_gmt":"2025-10-07T02:06:13","guid":{"rendered":"https:\/\/www.europesays.com\/fr\/444127\/"},"modified":"2025-10-07T02:06:13","modified_gmt":"2025-10-07T02:06:13","slug":"lyon-une-pietonne-perd-la-vie-sur-cette-avenue-les-habitants-alertent-on-a-peur","status":"publish","type":"post","link":"https:\/\/www.europesays.com\/fr\/444127\/","title":{"rendered":"Lyon. Une pi\u00e9tonne perd la vie sur cette avenue, les habitants alertent : \u00ab\u00a0On a peur\u00a0\u00bb"},"content":{"rendered":"<p>            Par<br \/>\n        <strong><br \/>\n            <a href=\"https:\/\/actu.fr\/auteur\/theo-zuili\" title=\"Consulter tous les articles de Th\u00e9o Zuili\" target=\"_blank\" rel=\"noopener\">Th\u00e9o Zuili<\/a><br \/>\n        <\/strong><\/p>\n<p>        Publi\u00e9 le<\/p>\n<p>            6 oct. 2025 \u00e0 18h07        <\/p>\n<p>Quelques jours apr\u00e8s <a href=\"https:\/\/actu.fr\/auvergne-rhone-alpes\/lyon_69123\/lyon-on-a-vu-la-femme-voler-un-mort-et-deux-blesses-dans-un-accident-a-la-part-dieu_63256040.html\" target=\"_blank\" rel=\"noopener\">l\u2019accident survenu vendredi soir<\/a> dans le 3\u1d49 arrondissement de <a href=\"https:\/\/actu.fr\/auvergne-rhone-alpes\/lyon_69123\" target=\"_blank\" rel=\"noopener\">Lyon<\/a>, les habitants de l\u2019avenue Lacassagne d\u00e9noncent un \u00ab\u00a0drame pr\u00e9visible\u00a0\u00bb depuis <a href=\"https:\/\/actu.fr\/auvergne-rhone-alpes\/lyon_69123\/lyon-un-pic-de-travaux-debute-voici-ou-les-nouveaux-chantiers-compliquent-la-circulation_62876235.html\" target=\"_blank\" rel=\"noopener\">les travaux r\u00e9alis\u00e9s cet \u00e9t\u00e9<\/a>. <br \/>L\u2019\u00e9motion est encore vive l\u00e0 o\u00f9 une pi\u00e9tonne a perdu la vie, <strong>fauch\u00e9e par une moto<\/strong> apr\u00e8s une collision avec une voiture. C\u2019est avec une col\u00e8re m\u00eal\u00e9e de peur que parlent les habitu\u00e9s de ce carrefour qui \u00e9voquent \u00ab\u00a0un axe dangereux\u00a0\u00bb.<\/p>\n<p>Une pi\u00e9tonne perd la vie sur le trottoir<\/p>\n<p class=\" wall-content\">Vendredi 3 octobre, vers 19 h, une pi\u00e9tonne a perdu la vie alors qu\u2019elle se tenait sur le trottoir \u00e0 cet angle de la rue Moissonnier. Selon les premiers \u00e9l\u00e9ments de l\u2019enqu\u00eate, un automobiliste tournait \u00e0 gauche pour rejoindre la rue Paul-Bert quand un motard, qui d\u00e9passait par la gauche en empruntant la voie de bus en sens inverse, l\u2019aurait heurt\u00e9 violemment \u00e0 pleine vitesse.<\/p>\n<p>    <img   decoding=\"async\" loading=\"lazy\" src=\"https:\/\/www.europesays.com\/fr\/wp-content\/uploads\/2025\/10\/carrefour-avenue-lacassagne-lyon-rue-moissonnier-accident-mortel-960x640.jpg\" alt=\"Un feu de circulation laissait les pi\u00e9tons passer \u00e0 ce carrefour Lacassagne-Moissonnier (Lyon 3e arrondissement).\" width=\"960\" height=\"640\"\/><br \/>\n    Un feu de circulation laissait les pi\u00e9tons passer \u00e0 ce carrefour Lacassagne-Moissonnier (Lyon 3e arrondissement). (\u00a9Th\u00e9o Zuili \/ actu Lyon)<\/p>\n<p class=\" wall-content\">Projet\u00e9 en l\u2019air, il aurait perdu le contr\u00f4le de son deux-roues, qui aurait fini sa course en percutant mortellement la passante. Le motard est toujours <strong>entre la vie et la mort<\/strong>.<\/p>\n<p class=\" wall-content\">Il ne reste qu\u2019une large trace blanch\u00e2tre sur le bitume ce lundi ; la poudre r\u00e9pandue par les secours pour absorber le sang et les fluides de moteur apr\u00e8s le choc. Albert, habitant du quartier depuis trente ans, se tient tout pr\u00e8s : \u00ab\u00a0Avant, il y avait un feu ici, les voitures \u00e9taient forc\u00e9es de ralentir\u00a0\u00bb, soupire-t-il. \u00ab\u00a0Maintenant c\u2019est une ligne droite, <strong>ils foncent<\/strong>.\u00a0\u00bb\u00a0<\/p>\n<p>    <a href=\"https:\/\/www.google.com\/maps\/embed?pb=!1m17!1m12!1m3!1d4164.741489953181!2d4.861417769910392!3d45.75521171944566!2m3!1f0!2f0!3f0!3m2!1i1024!2i768!4f13.1!3m2!1m1!2zNDXCsDQ1JzIxLjkiTiA0wrA1MSc1MC43IkU!5e1!3m2!1sfr!2sfr!4v1759766115252!5m2!1sfr!2sfr\" title=\"Ouvrie le lien\" target=\"_blank\" rel=\"noopener\">Cliquez ici pour visualiser le contenu<\/a><\/p>\n<p class=\" wall-content\">Cette intersection a bien perdu un feu tricolore au profit d\u2019une circulation plus fluide. Parents, retrait\u00e9s, habitants comme passants disent la m\u00eame chose ce matin : \u00ab\u00a0\u00c7a roule trop vite ici.\u00a0\u00bb<\/p>\n<p>Votre r\u00e9gion, votre actu !<\/p>\n<p>Recevez chaque jour les infos qui comptent pour vous.<\/p>\n<p>\t<a href=\"https:\/\/actu.fr\/newsletter\" class=\"ac-btn ac-btn--corner ac-btn--medium ac-btn--blue800\" target=\"_blank\" rel=\"noopener\">S&rsquo;incrire<\/a><br \/>\nUn r\u00e9am\u00e9nagement qui empire la situation ?<\/p>\n<p class=\" wall-content\">L\u2019avenue Lacassagne a connu cet \u00e9t\u00e9 d\u2019importants travaux de r\u00e9am\u00e9nagement sur environ 400 m\u00e8tres, entre la place Rouget-de-l\u2019Isle et l\u2019avenue F\u00e9lix-Faure. La chauss\u00e9e et les marques au sol ont \u00e9t\u00e9 refaites et les deux voies ont \u00e9t\u00e9 <strong>r\u00e9duites \u00e0 une seule<\/strong>. Dans l\u2019autre sens, la voie partag\u00e9e bus-v\u00e9lo a \u00e9t\u00e9 maintenue.<\/p>\n<p class=\" wall-content\">Depuis la suppression du feu tricolore situ\u00e9 \u00e0 l\u2019angle de la rue Moissonnier, la portion limit\u00e9e \u00e0 50 km\/h est d\u00e9sormais continue sur plusieurs centaines de m\u00e8tres. Une<strong> limite g\u00e9n\u00e9reusement d\u00e9pass\u00e9e<\/strong> par nombre de motards, automobilistes et m\u00eame camions lors de notre pr\u00e9sence sur place.<\/p>\n<p class=\" wall-content\">Les riverains de cette avenue bord\u00e9e d\u2019immeubles et tr\u00e8s habit\u00e9e rel\u00e8vent un seul panneau de sens unique et l\u2019absence de rappel de vitesse sur le secteur. Si l\u2019enrob\u00e9 a \u00e9t\u00e9 refait \u00e0 neuf, \u00ab\u00a0il n\u2019y a rien qui va depuis les travaux\u00a0\u00bb : Antoinette, habitante du quartier depuis longue date, traverse d\u00e9sormais l\u2019avenue avec une grande pr\u00e9caution. Devant nos yeux, des voitures et des motos circulent sur la voie de bus, parfois m\u00eame en sens interdit.<\/p>\n<p><strong>\u00ab\u00a0Une frayeur quotidienne\u00a0\u00bb<\/strong><\/p>\n<p class=\" wall-content\">\u00ab\u00a0\u00c7a va vite, tr\u00e8s vite\u00a0\u00bb, d\u00e9plore elle aussi Nicole, retrait\u00e9e. \u00ab\u00a0Je faisais d\u00e9j\u00e0 tr\u00e8s attention quand je traversais avec le feu, maintenant,<strong> je ne pourrais pas traverser ici<\/strong>.\u00a0\u00bb Marie, assistante maternelle, approche la chauss\u00e9e avec une poussette : \u00ab\u00a0C\u2019est une frayeur quotidienne. Et l\u00e0, avec plusieurs enfants \u00e0 g\u00e9rer, plus que jamais, on a peur.\u00a0\u00bb<\/p>\n<blockquote class=\"ac-article-quote wall-content\">\n<p>J\u2019ai d\u00e9j\u00e0 stopp\u00e9 net quelqu\u2019un \u00e0 un pas de se faire \u00e9craser. J\u2019en ai des frissons rien que d\u2019y penser. Il faut faire quelque chose. J&rsquo;avais h\u00e9sit\u00e9 \u00e0 envoyer une alerte, j&rsquo;avais pris des photos, mais entre tout&#8230; j&rsquo;avais fini par ne pas le faire.<\/p>\n<p>    <strong>Marie<\/strong><br \/>\n        Assistante maternelle    <\/p><\/blockquote>\n<p class=\" wall-content\">Elle continue : \u00ab\u00a0Apr\u00e8s les travaux, on s\u2019est dit qu\u2019ils allaient remettre le feu tricolore, mais on attend toujours. C\u2019est un axe dangereux, <strong>\u00e7a m\u00e9riterait un ralentisseur<\/strong> plut\u00f4t que d\u2019ouvrir la voie aux voitures \u00e0 fond. On est plusieurs \u00e0 se le dire, ce drame \u00e9tait compl\u00e8tement pr\u00e9visible.\u00a0\u00bb Comme d\u2019autres habitants, elle attend de pied ferme une solution.<\/p>\n<p class=\" wall-content\">Personnalisez votre actualit\u00e9 en ajoutant vos villes et m\u00e9dias en favori avec <a href=\"https:\/\/moncompte.actu.fr\" title=\"D\u00e9couvez Mon Actu\" rel=\"nofollow noopener\" data-trk=\"{&quot;cta&quot;:{&quot;action&quot;:&quot;https:\\\/\\\/moncompte.actu.fr&quot;,&quot;category&quot;:&quot;mon compte&quot;,&quot;from&quot;:&quot;article footer&quot;,&quot;name&quot;:&quot;Mon actu&quot;,&quot;type&quot;:&quot;cta&quot;}}\" target=\"_blank\">Mon Actu<\/a>.<\/p>\n","protected":false},"excerpt":{"rendered":"Par Th\u00e9o Zuili Publi\u00e9 le 6 oct. 2025 \u00e0 18h07 Quelques jours apr\u00e8s l\u2019accident survenu vendredi soir dans&hellip;\n","protected":false},"author":2,"featured_media":444128,"comment_status":"","ping_status":"","sticky":false,"template":"","format":"standard","meta":{"footnotes":""},"categories":[1889],"tags":[119,1111,11,2430,3542,1777,674,1011,27,2428,12,25,5009,104],"class_list":{"0":"post-444127","1":"post","2":"type-post","3":"status-publish","4":"format-standard","5":"has-post-thumbnail","7":"category-lyon","8":"tag-accident","9":"tag-actu","10":"tag-actualites","11":"tag-auvergne-rhone-alpes","12":"tag-circulation","13":"tag-eu","14":"tag-europe","15":"tag-fr","16":"tag-france","17":"tag-lyon","18":"tag-news","19":"tag-republique-francaise","20":"tag-securite-routiere","21":"tag-societe"},"share_on_mastodon":{"url":"https:\/\/pubeurope.com\/@fr\/115330442287367187","error":""},"_links":{"self":[{"href":"https:\/\/www.europesays.com\/fr\/wp-json\/wp\/v2\/posts\/444127","targetHints":{"allow":["GET"]}}],"collection":[{"href":"https:\/\/www.europesays.com\/fr\/wp-json\/wp\/v2\/posts"}],"about":[{"href":"https:\/\/www.europesays.com\/fr\/wp-json\/wp\/v2\/types\/post"}],"author":[{"embeddable":true,"href":"https:\/\/www.europesays.com\/fr\/wp-json\/wp\/v2\/users\/2"}],"replies":[{"embeddable":true,"href":"https:\/\/www.europesays.com\/fr\/wp-json\/wp\/v2\/comments?post=444127"}],"version-history":[{"count":0,"href":"https:\/\/www.europesays.com\/fr\/wp-json\/wp\/v2\/posts\/444127\/revisions"}],"wp:featuredmedia":[{"embeddable":true,"href":"https:\/\/www.europesays.com\/fr\/wp-json\/wp\/v2\/media\/444128"}],"wp:attachment":[{"href":"https:\/\/www.europesays.com\/fr\/wp-json\/wp\/v2\/media?parent=444127"}],"wp:term":[{"taxonomy":"category","embeddable":true,"href":"https:\/\/www.europesays.com\/fr\/wp-json\/wp\/v2\/categories?post=444127"},{"taxonomy":"post_tag","embeddable":true,"href":"https:\/\/www.europesays.com\/fr\/wp-json\/wp\/v2\/tags?post=444127"}],"curies":[{"name":"wp","href":"https:\/\/api.w.org\/{rel}","templated":true}]}}