{"id":444129,"date":"2025-10-07T02:07:13","date_gmt":"2025-10-07T02:07:13","guid":{"rendered":"https:\/\/www.europesays.com\/fr\/444129\/"},"modified":"2025-10-07T02:07:13","modified_gmt":"2025-10-07T02:07:13","slug":"previsions-du-mardi-7-octobre-2025-15","status":"publish","type":"post","link":"https:\/\/www.europesays.com\/fr\/444129\/","title":{"rendered":"pr\u00e9visions du mardi 7 octobre 2025"},"content":{"rendered":"<p class=\"mb-4 text-lg md:leading-8 break-words\"><strong>M\u00e9t\u00e9o &#8211; C&rsquo;est un soleil \u00e9clatant qui va se montrer aujourd&rsquo;hui. Les temp\u00e9ratures seront de 12\u00b0C le matin et de 17\u00b0C l&rsquo;apr\u00e8s-midi&#8230;<\/strong><\/p>\n<p class=\"mb-4 text-lg md:leading-8 break-words\">Aujourd&rsquo;hui, les temp\u00e9ratures afficheront entre 8 et 18\u00b0C \u00e0 Lyon. Un vent de nord-ouest rafra\u00eechira sensiblement l&rsquo;atmosph\u00e8re. La m\u00e9t\u00e9o devrait s&rsquo;am\u00e9liorer durant la matin\u00e9e. Il fera en moyenne 12\u00b0C. Le soleil sera dominant, la garantie d&rsquo;un magnifique apr\u00e8s-midi ! Les temp\u00e9ratures vont conna\u00eetre une augmentation de plusieurs degr\u00e9s. Les valeurs iront de 15 \u00e0 18\u00b0C. Apr\u00e8s un passage nuageux, le ciel va s&rsquo;\u00e9claircir au cours de la soir\u00e9e. Le thermom\u00e8tre affichera 13\u00b0C en moyenne. Le passage de mardi \u00e0 mercredi s&rsquo;effectuera sous un ciel clair.<\/p>\n<p class=\"mb-4 text-lg md:leading-8 break-words\">Demain, un ciel avec des \u00e9claircies va peu \u00e0 peu se substituer aux nuages \u00e0 Lyon. C&rsquo;est une hausse de quelques degr\u00e9s que vont enregistrer les temp\u00e9ratures. On pr\u00e9voit des temp\u00e9ratures d&rsquo;environ 15\u00b0C. Un modeste vent de nord-est sera ressenti par les habitants. Dans la matin\u00e9e, les temp\u00e9ratures avoisineront les 14\u00b0C. Le temps va se r\u00e9chauffer demain apr\u00e8s-midi avec une augmentation de plusieurs degr\u00e9s. Les valeurs seront comprises entre 16\u00b0C et 20\u00b0C. Des \u00e9claircies appara\u00eetront dans la soir\u00e9e.<\/p>\n<p class=\"mb-4 text-lg md:leading-8 break-words\">On s&rsquo;attend \u00e0 une am\u00e9lioration vendredi, apr\u00e8s une journ\u00e9e pluvieuse jeudi.<\/p>\n<p class=\"mb-4 text-lg md:leading-8 break-words\"><a href=\"https:\/\/www.20minutes.fr\/planete\/previsions-meteo\/4177575-20251007-meteo-lyon-previsions-mardi-7-octobre-2025?at_medium=RSS%20feed&amp;at_campaign=ynews&amp;utm_source=yahoo&amp;utm_medium=rss&amp;utm_campaign=news_feed&amp;utm_content=read_more_link&quot;\" rel=\"nofollow noopener\" target=\"_blank\" data-ylk=\"slk:Lire la suite sur 20minutes;elm:context_link;itc:0;sec:content-canvas\" class=\"link \">Lire la suite sur 20minutes<\/a><\/p>\n","protected":false},"excerpt":{"rendered":"M\u00e9t\u00e9o &#8211; C&rsquo;est un soleil \u00e9clatant qui va se montrer aujourd&rsquo;hui. Les temp\u00e9ratures seront de 12\u00b0C le matin&hellip;\n","protected":false},"author":2,"featured_media":444130,"comment_status":"","ping_status":"","sticky":false,"template":"","format":"standard","meta":{"footnotes":""},"categories":[1889],"tags":[1111,11,2430,1777,674,1011,27,51394,2428,12,25],"class_list":{"0":"post-444129","1":"post","2":"type-post","3":"status-publish","4":"format-standard","5":"has-post-thumbnail","7":"category-lyon","8":"tag-actu","9":"tag-actualites","10":"tag-auvergne-rhone-alpes","11":"tag-eu","12":"tag-europe","13":"tag-fr","14":"tag-france","15":"tag-la-matinee","16":"tag-lyon","17":"tag-news","18":"tag-republique-francaise"},"share_on_mastodon":{"url":"https:\/\/pubeurope.com\/@fr\/115330445668522258","error":""},"_links":{"self":[{"href":"https:\/\/www.europesays.com\/fr\/wp-json\/wp\/v2\/posts\/444129","targetHints":{"allow":["GET"]}}],"collection":[{"href":"https:\/\/www.europesays.com\/fr\/wp-json\/wp\/v2\/posts"}],"about":[{"href":"https:\/\/www.europesays.com\/fr\/wp-json\/wp\/v2\/types\/post"}],"author":[{"embeddable":true,"href":"https:\/\/www.europesays.com\/fr\/wp-json\/wp\/v2\/users\/2"}],"replies":[{"embeddable":true,"href":"https:\/\/www.europesays.com\/fr\/wp-json\/wp\/v2\/comments?post=444129"}],"version-history":[{"count":0,"href":"https:\/\/www.europesays.com\/fr\/wp-json\/wp\/v2\/posts\/444129\/revisions"}],"wp:featuredmedia":[{"embeddable":true,"href":"https:\/\/www.europesays.com\/fr\/wp-json\/wp\/v2\/media\/444130"}],"wp:attachment":[{"href":"https:\/\/www.europesays.com\/fr\/wp-json\/wp\/v2\/media?parent=444129"}],"wp:term":[{"taxonomy":"category","embeddable":true,"href":"https:\/\/www.europesays.com\/fr\/wp-json\/wp\/v2\/categories?post=444129"},{"taxonomy":"post_tag","embeddable":true,"href":"https:\/\/www.europesays.com\/fr\/wp-json\/wp\/v2\/tags?post=444129"}],"curies":[{"name":"wp","href":"https:\/\/api.w.org\/{rel}","templated":true}]}}