{"id":444133,"date":"2025-10-07T02:10:16","date_gmt":"2025-10-07T02:10:16","guid":{"rendered":"https:\/\/www.europesays.com\/fr\/444133\/"},"modified":"2025-10-07T02:10:16","modified_gmt":"2025-10-07T02:10:16","slug":"gabriel-attal-ne-comprend-plus-les-decisions-demmanuel-macron-et-denonce-une-forme-dacharnement-a-garder-la-main","status":"publish","type":"post","link":"https:\/\/www.europesays.com\/fr\/444133\/","title":{"rendered":"Gabriel Attal \u00ab\u00a0ne comprend plus les d\u00e9cisions\u00a0\u00bb d&rsquo;Emmanuel Macron et d\u00e9nonce \u00ab\u00a0une forme d&rsquo;acharnement \u00e0 garder la main\u00a0\u00bb"},"content":{"rendered":"\n<p class=\"c-chapo \">\n  L&rsquo;ancien Premier ministre n&rsquo;a pas retenu ses coups contre celui qui l&rsquo;avait nomm\u00e9 \u00e0 Matignon en janvier 2024. Il appelle le chef de l&rsquo;Etat \u00e0 \u00ab\u00a0partager le pouvoir\u00a0\u00bb.\n<\/p>\n<p>      lire plus tard<\/p>\n<p id=\"dialog__title\" class=\"dialog__title\">Pour sauvegarder cet article, connectez-vous ou cr\u00e9ez un compte franceinfo<\/p>\n<p class=\"dialog__description\">Sans paiement. Sans abonnement.<\/p>\n<p>        Fermer la fen\u00eatre d\u2019activation des notifications France Info<\/p>\n<p>      cr\u00e9er votre compte<\/p>\n<p>      se connecter<\/p>\n<p>        Fermer la fen\u00eatre de pr\u00e9sentation<\/p>\n<p>    <img loading=\"lazy\" decoding=\"async\" class=\"signature__image lazyload\" width=\"100\" height=\"100\" data- alt=\"\" src=\"https:\/\/www.europesays.com\/fr\/wp-content\/uploads\/2025\/05\/64a68815cd1a7_placeholder-36b69ec8.png\"\/><\/p>\n<p>    Publi\u00e9 le 07\/10\/2025 00:44<\/p>\n<p>      Mis \u00e0 jour le 07\/10\/2025 00:46<\/p>\n<p>        Temps de lecture : 1min<\/p>\n<p>    <img decoding=\"async\"  alt=\"Gabriel Attal, patron de Renaissance et ancien Premier ministre, sur le plateau de TF1, \u00e0 Boulogne-Billancourt (Hauts-de-Seine), le 6 octobre 2025. (LUDOVIC MARIN \/ AFP)\" width=\"432\" height=\"243\" src=\"https:\/\/www.europesays.com\/fr\/wp-content\/uploads\/2025\/10\/000-77wd7zv-68e445df3a575517425091.jpg\" fetchpriority=\"high\"\/><\/p>\n<p>      Gabriel Attal, patron de Renaissance et ancien Premier ministre, sur le plateau de TF1, \u00e0 Boulogne-Billancourt (Hauts-de-Seine), le 6 octobre 2025. (LUDOVIC MARIN \/ AFP)<\/p>\n<p>Plus qu&rsquo;une prise de distance, c&rsquo;est une rupture franche dans le bloc pr\u00e9sidentiel. Dans la soir\u00e9e du lundi 6 octobre, quelques heures <a href=\"https:\/\/www.franceinfo.fr\/politique\/gouvernement-de-sebastien-lecornu\/demission-de-sebastien-lecornu-comment-le-gouvernement-a-implose-en-moins-de-24-heures_7534978.html\" rel=\"nofollow noopener\" target=\"_blank\">apr\u00e8s la d\u00e9mission soudaine de S\u00e9bastien Lecornu<\/a>, Gabriel Attal s&rsquo;en est pris \u00e0 Emmanuel Macron, dont il a \u00e9t\u00e9 le Premier ministre de plein exercice de janvier \u00e0 juillet 2024. \u00ab\u00a0Comme beaucoup de Fran\u00e7ais, je ne comprend plus les d\u00e9cisions\u00a0\u00bb du chef de l&rsquo;Etat, a-t-il d\u00e9clar\u00e9 sur TF1.<\/p>\n<p>\u00ab\u00a0Il y a eu la dissolution. Il y a depuis des d\u00e9cisions qui donnent le sentiment d&rsquo;une forme d&rsquo;acharnement \u00e0 vouloir garder la main\u00a0\u00bb, a-t-il ajout\u00e9, alors qu&rsquo;Emmanuel Macron a charg\u00e9 S\u00e9bastien Lecornu de mener d'\u00a0\u00bbultimes n\u00e9gociations\u00a0\u00bb pour \u00ab\u00a0d\u00e9finir une plateforme d&rsquo;action et de stabilit\u00e9 pour le pays\u00a0\u00bb et sortir ainsi de la crise politique. Gabriel Attal a fait savoir qu&rsquo;il participerait \u00e0 ces discussions et notamment \u00e0 la r\u00e9union du \u00ab\u00a0socle commun\u00a0\u00bb du centre et de la droite, mardi, \u00e0 9 heures.<\/p>\n<p>\u00ab\u00a0Il faut maintenant partager le pouvoir\u00a0\u00bb, a lanc\u00e9 Gabriel Attal, qui plaide pour un changement de m\u00e9thode. \u00ab\u00a0Tout n&rsquo;a pas \u00e9t\u00e9 essay\u00e9, le pr\u00e9sident a essay\u00e9 trois fois la m\u00eame chose depuis un an, je pense qu&rsquo;on peut essayer autre chose\u00a0\u00bb, a affirm\u00e9 le patron de Renaissance. L&rsquo;ancien socialiste <a href=\"https:\/\/www.franceinfo.fr\/politique\/gabriel-attal\/en-meeting-a-arras-gabriel-attal-appelle-a-une-ve-republique-du-21e-siecle_7505410.html\" rel=\"nofollow noopener\" target=\"_blank\">a remis en cause les choix du chef de l&rsquo;Etat \u00e0 plusieurs reprises<\/a> \u00e0 partir de la dissolution de juin 2024, <a href=\"https:\/\/www.franceinfo.fr\/elections\/legislatives\/demission-de-gabriel-attal-emmanuel-macron-lui-demande-de-rester-premier-ministre-afin-d-assurer-la-stabilite-du-pays_6654021.html\" rel=\"nofollow noopener\" target=\"_blank\">qui a pr\u00e9cipit\u00e9 son d\u00e9part de Matignon<\/a>.<\/p>\n","protected":false},"excerpt":{"rendered":"L&rsquo;ancien Premier ministre n&rsquo;a pas retenu ses coups contre celui qui l&rsquo;avait nomm\u00e9 \u00e0 Matignon en janvier 2024.&hellip;\n","protected":false},"author":2,"featured_media":444134,"comment_status":"","ping_status":"","sticky":false,"template":"","format":"standard","meta":{"footnotes":""},"categories":[1888],"tags":[1111,1928,11,1927,1777,674,1011,27,12,1926,626,1925,25],"class_list":{"0":"post-444133","1":"post","2":"type-post","3":"status-publish","4":"format-standard","5":"has-post-thumbnail","7":"category-paris","8":"tag-actu","9":"tag-actu-paris","10":"tag-actualites","11":"tag-actualites-paris","12":"tag-eu","13":"tag-europe","14":"tag-fr","15":"tag-france","16":"tag-news","17":"tag-news-paris","18":"tag-paris","19":"tag-paris-news","20":"tag-republique-francaise"},"share_on_mastodon":{"url":"https:\/\/pubeurope.com\/@fr\/115330457998431643","error":""},"_links":{"self":[{"href":"https:\/\/www.europesays.com\/fr\/wp-json\/wp\/v2\/posts\/444133","targetHints":{"allow":["GET"]}}],"collection":[{"href":"https:\/\/www.europesays.com\/fr\/wp-json\/wp\/v2\/posts"}],"about":[{"href":"https:\/\/www.europesays.com\/fr\/wp-json\/wp\/v2\/types\/post"}],"author":[{"embeddable":true,"href":"https:\/\/www.europesays.com\/fr\/wp-json\/wp\/v2\/users\/2"}],"replies":[{"embeddable":true,"href":"https:\/\/www.europesays.com\/fr\/wp-json\/wp\/v2\/comments?post=444133"}],"version-history":[{"count":0,"href":"https:\/\/www.europesays.com\/fr\/wp-json\/wp\/v2\/posts\/444133\/revisions"}],"wp:featuredmedia":[{"embeddable":true,"href":"https:\/\/www.europesays.com\/fr\/wp-json\/wp\/v2\/media\/444134"}],"wp:attachment":[{"href":"https:\/\/www.europesays.com\/fr\/wp-json\/wp\/v2\/media?parent=444133"}],"wp:term":[{"taxonomy":"category","embeddable":true,"href":"https:\/\/www.europesays.com\/fr\/wp-json\/wp\/v2\/categories?post=444133"},{"taxonomy":"post_tag","embeddable":true,"href":"https:\/\/www.europesays.com\/fr\/wp-json\/wp\/v2\/tags?post=444133"}],"curies":[{"name":"wp","href":"https:\/\/api.w.org\/{rel}","templated":true}]}}