{"id":444135,"date":"2025-10-07T02:11:26","date_gmt":"2025-10-07T02:11:26","guid":{"rendered":"https:\/\/www.europesays.com\/fr\/444135\/"},"modified":"2025-10-07T02:11:26","modified_gmt":"2025-10-07T02:11:26","slug":"thomas-tuccinardi-ouvre-son-salon-de-coiffure-haut-de-gamme-a-paris","status":"publish","type":"post","link":"https:\/\/www.europesays.com\/fr\/444135\/","title":{"rendered":"Thomas Tuccinardi ouvre son salon de coiffure haut de gamme \u00e0 Paris"},"content":{"rendered":"<p><strong>Le coiffeur star Thomas Tuccinardi inaugure son premier salon parisien, au c\u0153ur du quartier \u00c9tienne Marcel.<\/strong><\/p>\n<p>Apr\u00e8s Lyon et Saint-Tropez, <strong>Thomas Tuccinardi<\/strong>, expert reconnu pour son <strong>Balayage Signature\u00ae<\/strong>, s\u2019installe \u00e0 Paris. Le 10 juin 2025, son nouveau salon a ouvert ses portes dans le quartier dynamique d\u2019\u00c9tienne Marcel. Un lieu pens\u00e9 comme un loft new-yorkais, lumineux et intimiste, qui refl\u00e8te sa vision de la coiffure comme un art.<\/p>\n<p><img loading=\"lazy\" decoding=\"async\" width=\"1148\" height=\"646\" src=\"https:\/\/www.europesays.com\/fr\/wp-content\/uploads\/2025\/10\/Capture-decran-2025-09-30-a-20.18.15-edited.png\" alt=\"\" class=\"wp-image-189553\"  \/><\/p>\n<p>Le salon a \u00e9t\u00e9 imagin\u00e9 pour offrir bien plus qu\u2019une simple prestation technique. En plus du fameux <strong>bar \u00e0 couleurs<\/strong>, un <strong>Head Spa<\/strong> a \u00e9t\u00e9 int\u00e9gr\u00e9. Cet espace propose une v\u00e9ritable parenth\u00e8se de d\u00e9tente, rare dans l\u2019effervescence parisienne. C\u2019est aussi une fa\u00e7on de renforcer l\u2019id\u00e9e que la coiffure doit \u00eatre v\u00e9cue comme une exp\u00e9rience globale, o\u00f9 soin et beaut\u00e9 se rencontrent.<\/p>\n<p>Une philosophie tourn\u00e9e vers la qualit\u00e9<\/p>\n<p>Thomas Tuccinardi s\u2019est fait conna\u00eetre par une approche novatrice : privil\u00e9gier la qualit\u00e9 \u00e0 la quantit\u00e9. Aux \u00c9tats-Unis, il a affin\u00e9 sa technique et con\u00e7u le <strong>Balayage Signature\u00ae<\/strong>, aujourd\u2019hui reconnu comme une r\u00e9f\u00e9rence. Ce travail d\u00e9licat permet d\u2019\u00e9claircir subtilement les cheveux, sans effet racine et avec un entretien limit\u00e9. Une approche qui s\u00e9duit particuli\u00e8rement \u00e0 Paris, ville o\u00f9 l\u2019image et le soin capillaire occupent une place centrale.<\/p>\n<p><img loading=\"lazy\" decoding=\"async\" width=\"606\" height=\"606\" data-id=\"189563\" src=\"data:image\/svg+xml,%3Csvg%20xmlns=\" http:=\"\" alt=\"\" class=\"wp-image-189563\" data-lazy- data-lazy- data-lazy-src=\"https:\/\/www.europesays.com\/fr\/wp-content\/uploads\/2025\/10\/Capture-decran-2025-09-30-a-20.20.35-edited-1.png\"\/><\/p>\n<p><img loading=\"lazy\" decoding=\"async\" width=\"606\" height=\"606\" data-id=\"189565\" src=\"data:image\/svg+xml,%3Csvg%20xmlns=\" http:=\"\" alt=\"\" class=\"wp-image-189565\" data-lazy- data-lazy- data-lazy-src=\"https:\/\/www.europesays.com\/fr\/wp-content\/uploads\/2025\/10\/Capture-decran-2025-09-30-a-20.20.46-edited.png\"\/><\/p>\n<p>Dans un march\u00e9 parisien tr\u00e8s concurrentiel, Tuccinardi se d\u00e9marque par une volont\u00e9 claire : prendre le temps avec chaque client. Ses prestations longues, parfois plusieurs heures, contrastent avec une offre locale souvent tourn\u00e9e vers la rapidit\u00e9. Ce choix suscite l\u2019int\u00e9r\u00eat d\u2019une client\u00e8le en qu\u00eate de r\u00e9sultats durables et d\u2019une exp\u00e9rience haut de gamme.<\/p>\n<p>Une notori\u00e9t\u00e9 port\u00e9e par les r\u00e9seaux sociaux<\/p>\n<p>Avec plus de <strong>375 000 abonn\u00e9s sur Instagram<\/strong> et pr\u00e8s de <strong>290 000 sur TikTok<\/strong>, Thomas Tuccinardi est aujourd\u2019hui l\u2019un des coiffeurs les plus suivis de France. Son succ\u00e8s repose sur la proximit\u00e9 qu\u2019il entretient avec sa communaut\u00e9 et sur la visibilit\u00e9 de ses transformations capillaires.<\/p>\n<p>Sa carri\u00e8re est marqu\u00e9e par plusieurs distinctions, dont un <strong>One Shot Hair Awards<\/strong> remport\u00e9 au Texas en 2023. Il est aussi <strong>ambassadeur mondial Redken<\/strong>, une reconnaissance suppl\u00e9mentaire qui confirme son influence internationale.<\/p>\n<p>Paris, un nouveau chapitre strat\u00e9gique<\/p>\n<p><img loading=\"lazy\" decoding=\"async\" width=\"1140\" height=\"641\" src=\"data:image\/svg+xml,%3Csvg%20xmlns=\" http:=\"\" alt=\"\" class=\"wp-image-189555\" data-lazy- data-lazy- data-lazy-src=\"https:\/\/www.europesays.com\/fr\/wp-content\/uploads\/2025\/10\/Capture-decran-2025-09-30-a-20.18.46-edited.png\"\/><\/p>\n<p>L\u2019ouverture du salon parisien s\u2019inscrit dans une expansion r\u00e9fl\u00e9chie. Apr\u00e8s avoir conquis Lyon et Saint-Tropez, Tuccinardi s\u2019installe dans une capitale o\u00f9 la mode et la beaut\u00e9 dictent les tendances. Paris devient pour lui une vitrine strat\u00e9gique, capable d\u2019attirer une client\u00e8le locale mais aussi internationale.<\/p>\n<p>Ce nouvel espace ambitionne de s\u2019imposer comme une adresse incontournable. Dans une ville o\u00f9 la recherche d\u2019excellence est permanente, l\u2019arriv\u00e9e de Thomas Tuccinardi participe \u00e0 renforcer l\u2019image de la coiffure comme un m\u00e9tier d\u2019art.<\/p>\n","protected":false},"excerpt":{"rendered":"Le coiffeur star Thomas Tuccinardi inaugure son premier salon parisien, au c\u0153ur du quartier \u00c9tienne Marcel. Apr\u00e8s Lyon&hellip;\n","protected":false},"author":2,"featured_media":444136,"comment_status":"","ping_status":"","sticky":false,"template":"","format":"standard","meta":{"footnotes":""},"categories":[1888],"tags":[1111,1928,11,1927,1777,674,1011,27,12,1926,626,1925,25],"class_list":{"0":"post-444135","1":"post","2":"type-post","3":"status-publish","4":"format-standard","5":"has-post-thumbnail","7":"category-paris","8":"tag-actu","9":"tag-actu-paris","10":"tag-actualites","11":"tag-actualites-paris","12":"tag-eu","13":"tag-europe","14":"tag-fr","15":"tag-france","16":"tag-news","17":"tag-news-paris","18":"tag-paris","19":"tag-paris-news","20":"tag-republique-francaise"},"share_on_mastodon":{"url":"https:\/\/pubeurope.com\/@fr\/115330461695916165","error":""},"_links":{"self":[{"href":"https:\/\/www.europesays.com\/fr\/wp-json\/wp\/v2\/posts\/444135","targetHints":{"allow":["GET"]}}],"collection":[{"href":"https:\/\/www.europesays.com\/fr\/wp-json\/wp\/v2\/posts"}],"about":[{"href":"https:\/\/www.europesays.com\/fr\/wp-json\/wp\/v2\/types\/post"}],"author":[{"embeddable":true,"href":"https:\/\/www.europesays.com\/fr\/wp-json\/wp\/v2\/users\/2"}],"replies":[{"embeddable":true,"href":"https:\/\/www.europesays.com\/fr\/wp-json\/wp\/v2\/comments?post=444135"}],"version-history":[{"count":0,"href":"https:\/\/www.europesays.com\/fr\/wp-json\/wp\/v2\/posts\/444135\/revisions"}],"wp:featuredmedia":[{"embeddable":true,"href":"https:\/\/www.europesays.com\/fr\/wp-json\/wp\/v2\/media\/444136"}],"wp:attachment":[{"href":"https:\/\/www.europesays.com\/fr\/wp-json\/wp\/v2\/media?parent=444135"}],"wp:term":[{"taxonomy":"category","embeddable":true,"href":"https:\/\/www.europesays.com\/fr\/wp-json\/wp\/v2\/categories?post=444135"},{"taxonomy":"post_tag","embeddable":true,"href":"https:\/\/www.europesays.com\/fr\/wp-json\/wp\/v2\/tags?post=444135"}],"curies":[{"name":"wp","href":"https:\/\/api.w.org\/{rel}","templated":true}]}}