{"id":444137,"date":"2025-10-07T02:12:26","date_gmt":"2025-10-07T02:12:26","guid":{"rendered":"https:\/\/www.europesays.com\/fr\/444137\/"},"modified":"2025-10-07T02:12:26","modified_gmt":"2025-10-07T02:12:26","slug":"la-ville-de-paris-saisit-la-justice-face-au-cyberharcelement-de-barbara-butch","status":"publish","type":"post","link":"https:\/\/www.europesays.com\/fr\/444137\/","title":{"rendered":"La Ville de Paris saisit la justice face au cyberharc\u00e8lement de Barbara Butch"},"content":{"rendered":"<p class=\"paragraph text_align_left lp-f-body-02\">Pour la deuxi\u00e8me fois en moins de trois mois, <a href=\"https:\/\/www.leparisien.fr\/paris-75\/paris-revelee-pendant-les-jo-la-dj-barbara-butch-nommee-directrice-artistique-de-la-nuit-blanche-2026-02-10-2025-ZRXUIBUOHFGAPGUXOJUBSVABFY.php\" target=\"_blank\" rel=\"noreferrer noopener\">Barbara Butch<\/a> se retrouve dans l\u2019\u0153il du cyclone num\u00e9rique. La figure embl\u00e9matique des nuits parisiennes, fra\u00eechement nomm\u00e9e directrice artistique de Nuit Blanche 2026, essuie depuis quarante-huit heures une nouvelle salve de messages homophobes et grossophobes sur les r\u00e9seaux sociaux.<\/p>\n<p class=\"paragraph text_align_left lp-f-body-02\">Face \u00e0 cette \u00e9ni\u00e8me campagne de haine, la Ville de Paris a d\u00e9gain\u00e9 ce lundi 6 octobre. Un signalement a \u00e9t\u00e9 transmis au Procureur de la R\u00e9publique, sur le fondement de l\u2019article 40 du code de proc\u00e9dure p\u00e9nale. Les faits vis\u00e9s ? \u00ab Injures publiques \u00e0 caract\u00e8re discriminatoire et harc\u00e8lement moral commis via des services de communication en ligne \u00bb, indique la Ville de Paris dans son communiqu\u00e9 publi\u00e9 dans l\u2019apr\u00e8s-midi.<\/p>\n<p class=\"paragraph text_align_left lp-f-body-02\">Barbara Butch avait d\u00e9j\u00e0 pay\u00e9 le prix fort de sa notori\u00e9t\u00e9 apr\u00e8s sa performance remarqu\u00e9e lors de la c\u00e9r\u00e9monie d\u2019ouverture des Jeux olympiques. Mixant sur une passerelle au-dessus de la Seine, entour\u00e9e de drag-queens dans le tableau \u00ab Festivit\u00e9s \u00bb, son apparition lui avait valu une premi\u00e8re vague de cyberharc\u00e8lement \u00e0 base de menaces de mort, insultes antis\u00e9mites et messages de torture.<\/p>\n<p class=\"paragraph text_align_left lp-f-body-02\"><a href=\"https:\/\/www.leparisien.fr\/sports\/JO\/pere-de-famille-aide-soignant-trois-a-huit-mois-de-prison-requis-contre-les-cyberharceleurs-de-la-dj-barbara-butch-25-09-2025-GTEWLENOTFALVGVHUDD7TSBW4M.php\" target=\"_blank\" rel=\"noreferrer noopener\">Six hommes avaient \u00e9t\u00e9 mis en examen<\/a>, le parquet ayant d\u00e9nonc\u00e9 des \u00ab violences num\u00e9riques massives \u00bb causant une \u00ab alt\u00e9ration de la sant\u00e9 \u00bb de l\u2019artiste. <a href=\"https:\/\/www.leparisien.fr\/faits-divers\/jo-de-paris-interpellations-apres-la-vague-de-haine-en-ligne-ayant-vise-la-dj-barbara-butch-12-12-2024-FLS36UJ7RVGSPFJNV7KEOYIBBE.php\" target=\"_blank\" rel=\"noreferrer noopener\">Des peines de prison avaient \u00e9t\u00e9 requises<\/a> contre les harceleurs. \u00ab Je ne me tairai pas face \u00e0 cette haine \u00bb, avait alors d\u00e9clar\u00e9 la DJ, promettant de poursuivre \u00ab toute personne cherchant \u00e0 l\u2019intimider \u00bb.<\/p>\n<p>Promesse d\u2019accompagnement<\/p>\n<p class=\"paragraph text_align_left lp-f-body-02\">L\u2019artiste venait tout juste d\u2019\u00eatre choisie par Anne Hidalgo pour orchestrer la 25e \u00e9dition de Nuit Blanche, pr\u00e9vue le 6 juin 2026. Une nomination qui a eu pour effet de raviver les passions haineuses. \u00ab Je veux apporter tout mon soutien \u00e0 Barbara Butch, victime d\u2019une nouvelle campagne de cyberharc\u00e8lement naus\u00e9abonde \u00bb, a r\u00e9agi la maire de Paris. \u00ab Barbara Butch, c\u2019est Paris. L\u2019\u00e9dition 2026 sera belle, joyeuse et g\u00e9n\u00e9reuse, n\u2019en d\u00e9plaise aux sexistes, lesbophobes, grossophobes et antis\u00e9mites qui ha\u00efssent notre ville. \u00bb<\/p>\n<p class=\"paragraph text_align_left lp-f-body-02\">Ce soutien municipal s\u2019inscrit dans la continuit\u00e9 des actions men\u00e9es apr\u00e8s les JO. Thomas Jolly, directeur artistique des c\u00e9r\u00e9monies olympiques, avait lui aussi \u00e9t\u00e9 <a href=\"https:\/\/www.leparisien.fr\/paris-75\/paris-sept-personnes-jugees-pour-le-cyberharcelement-de-thomas-jolly-05-03-2025-2CNNPADHAVAXPKH76JNQOBT6QY.php\" target=\"_blank\" rel=\"noreferrer noopener\">victime de cyberharc\u00e8lemen<\/a>t. Sept personnes avaient \u00e9cop\u00e9 d\u2019amendes et de peines avec sursis pour leurs messages haineux.<\/p>\n<p class=\"paragraph text_align_left lp-f-body-02\">La Capitale promet d\u2019accompagner Barbara Butch \u00ab dans toutes les d\u00e9marches judiciaires \u00bb contre ses harceleurs, rappelant son combat \u00ab sans faille contre tout type de discrimination \u00bb.<\/p>\n","protected":false},"excerpt":{"rendered":"Pour la deuxi\u00e8me fois en moins de trois mois, Barbara Butch se retrouve dans l\u2019\u0153il du cyclone num\u00e9rique.&hellip;\n","protected":false},"author":2,"featured_media":444138,"comment_status":"","ping_status":"","sticky":false,"template":"","format":"standard","meta":{"footnotes":""},"categories":[1888],"tags":[11,1777,674,1011,27,1944,12,626,5856,25],"class_list":{"0":"post-444137","1":"post","2":"type-post","3":"status-publish","4":"format-standard","5":"has-post-thumbnail","7":"category-paris","8":"tag-actualites","9":"tag-eu","10":"tag-europe","11":"tag-fr","12":"tag-france","13":"tag-ma-ville","14":"tag-news","15":"tag-paris","16":"tag-paris-2024","17":"tag-republique-francaise"},"share_on_mastodon":{"url":"https:\/\/pubeurope.com\/@fr\/115330465409057343","error":""},"_links":{"self":[{"href":"https:\/\/www.europesays.com\/fr\/wp-json\/wp\/v2\/posts\/444137","targetHints":{"allow":["GET"]}}],"collection":[{"href":"https:\/\/www.europesays.com\/fr\/wp-json\/wp\/v2\/posts"}],"about":[{"href":"https:\/\/www.europesays.com\/fr\/wp-json\/wp\/v2\/types\/post"}],"author":[{"embeddable":true,"href":"https:\/\/www.europesays.com\/fr\/wp-json\/wp\/v2\/users\/2"}],"replies":[{"embeddable":true,"href":"https:\/\/www.europesays.com\/fr\/wp-json\/wp\/v2\/comments?post=444137"}],"version-history":[{"count":0,"href":"https:\/\/www.europesays.com\/fr\/wp-json\/wp\/v2\/posts\/444137\/revisions"}],"wp:featuredmedia":[{"embeddable":true,"href":"https:\/\/www.europesays.com\/fr\/wp-json\/wp\/v2\/media\/444138"}],"wp:attachment":[{"href":"https:\/\/www.europesays.com\/fr\/wp-json\/wp\/v2\/media?parent=444137"}],"wp:term":[{"taxonomy":"category","embeddable":true,"href":"https:\/\/www.europesays.com\/fr\/wp-json\/wp\/v2\/categories?post=444137"},{"taxonomy":"post_tag","embeddable":true,"href":"https:\/\/www.europesays.com\/fr\/wp-json\/wp\/v2\/tags?post=444137"}],"curies":[{"name":"wp","href":"https:\/\/api.w.org\/{rel}","templated":true}]}}