{"id":444141,"date":"2025-10-07T02:14:19","date_gmt":"2025-10-07T02:14:19","guid":{"rendered":"https:\/\/www.europesays.com\/fr\/444141\/"},"modified":"2025-10-07T02:14:19","modified_gmt":"2025-10-07T02:14:19","slug":"bachar-el-assad-hospitalise-a-moscou-apres-une-tentative-dempoisonnement-selon-une-ong","status":"publish","type":"post","link":"https:\/\/www.europesays.com\/fr\/444141\/","title":{"rendered":"Bachar el-Assad hospitalis\u00e9 \u00e0 Moscou apr\u00e8s une \u00abtentative d\u2019empoisonnement\u00bb, selon une ONG"},"content":{"rendered":"<p>Exil\u00e9 en Russie depuis la chute de son r\u00e9gime en d\u00e9cembre dernier, l\u2019ancien pr\u00e9sident syrien Bachar el-Assad a \u00e9t\u00e9 admis dans un \u00e9tat critique dans un h\u00f4pital pr\u00e8s de Moscou. Il aurait \u00e9t\u00e9 victime d\u2019un empoisonnement selon l\u2019ONG syrienne OSDH.<\/p>\n<p class=\"fig-paragraph\">L\u2019ancien pr\u00e9sident syrien\u00a0<a href=\"http:\/\/www.lefigaro.fr\/arts-expositions\/le-musee-national-de-damas-met-a-l-honneur-les-disparus-du-regime-de-bachar-el-assad-20250523\" data-fig-type=\"Article\" data-gtm-custom-categorie=\"navigation\" data-gtm-custom-action=\"crossclick\" data-gtm-custom-label=\"Contextuel\" data-gtm-event=\"customEventSPE\" data-fig-domain=\"LEFIGARO\" target=\"_blank\" rel=\"noopener\">Bachar el-Assad<\/a>,\u00a0<a href=\"http:\/\/www.lefigaro.fr\/flash-actu\/russie-entretien-entre-vladimir-poutine-et-bachar-el-assad-pour-parler-reconciliation-turco-syrienne-20230315\" data-fig-type=\"NewsFlash\" data-gtm-custom-categorie=\"navigation\" data-gtm-custom-action=\"crossclick\" data-gtm-custom-label=\"Contextuel\" data-gtm-event=\"customEventSPE\" data-fig-domain=\"LEFIGARO\" target=\"_blank\" rel=\"noopener\">exil\u00e9 en Russie\u00a0<\/a>depuis la chute de son r\u00e9gime en d\u00e9cembre dernier, a \u00e9t\u00e9 admis le 20 septembre dans un h\u00f4pital pr\u00e8s de Moscou dans un \u00ab\u202f\u00e9tat critique en soins intensifs\u00a0\u00bb, r\u00e9v\u00e8le\u00a0<a href=\"https:\/\/www.syriahr.com\/%d9%85%d8%af%d9%8a%d8%b1-%d8%a7%d9%84%d9%85%d8%b1%d8%b5%d8%af-%d8%a7%d9%84%d8%b3%d9%88%d8%b1%d9%8a-%d9%84%d8%ad%d9%82%d9%88%d9%82-%d8%a7%d9%84%d8%a5%d9%86%d8%b3%d8%a7%d9%86-%d8%a3%d8%b3%d8%b9%d9%81\/778906\/\" target=\"_blank\" rel=\"sponsored noopener\" data-gtm-custom-categorie=\"navigation\" data-gtm-custom-action=\"crossclick\" data-gtm-custom-label=\"Contextuel\" data-gtm-event=\"customEventSPE\">l\u2019Observatoire syrien des droits de l\u2019homme<\/a>\u00a0(OSDH) dans un rapport dat\u00e9 du 2 octobre. Selon une source russe \u00e0 l\u2019ONG, le dirigeant d\u00e9chu a \u00e9t\u00e9 victime non pas \u00ab\u202fd\u2019une simple intoxication alimentaire mais bien d\u2019un empoisonnement\u00a0\u00bb. Apr\u00e8s neuf jours de convalescence, il serait sorti de l\u2019\u00e9tablissement, et son \u00e9tat serait d\u00e9sormais stable.<\/p>\n<p class=\"fig-paragraph\">\u00ab\u202fSeul son fr\u00e8re Maher el-Assad avait \u00e9t\u00e9 autoris\u00e9 \u00e0 lui rendre visite pendant son hospitalisation, ainsi que l\u2019ancien secr\u00e9taire aux affaires pr\u00e9sidentielles, Mansour Azzam\u00a0\u00bb, pr\u00e9cise l\u2019organisation. L\u2019empoisonnement aurait eu lieu dans sa villa pr\u00e8s de Moscou, hautement s\u00e9curis\u00e9e par les autorit\u00e9s russes. L\u2019h\u00f4pital qui l\u2019a accueilli, d\u00e9crit comme tr\u00e8s priv\u00e9, n\u2019est accessible qu\u2019\u00e0 des personnalit\u00e9s de la s\u00e9curit\u00e9, de l\u2019arm\u00e9e et du gouvernement russe.<\/p>\n<p>                                    <a class=\"fig-a11y-skip a11y-hidden\" href=\"#fig-a11y-skip-main-inarticle\"><br \/>\n        Passer la publicit\u00e9<br \/>\n    <\/a><\/p>\n<p>Discr\u00e9diter le pouvoir russe<\/p>\n<p class=\"fig-paragraph\">Selon le rapport, la tentative d\u2019empoisonnement aurait \u00e9t\u00e9 planifi\u00e9e par un ancien officier syrien. L\u2019observatoire affirme que les autorit\u00e9s russes \u00ab n\u2019auraient rien \u00e0 voir avec cela\u00a0\u00bb, avan\u00e7ant que la tentative d\u2019assassinat pourrait avoir \u00e9t\u00e9 orchestr\u00e9e pour discr\u00e9diter le Kremlin \u00ab incapable de prot\u00e9ger\u00a0\u00bb ses habitants. Les autorit\u00e9s tous comme les m\u00e9dias russes n\u2019ont pas communiqu\u00e9 sur l\u2019incident.<\/p>\n<p class=\"fig-paragraph\">\u00ab\u202fSeul celui qui a commis l\u2019acte sait si l\u2019objectif \u00e9tait d\u2019\u00e9liminer Assad ou d\u2019embarrasser le gouvernement russe\u00a0\u00bb, \u00e9crit encore l\u2019OSDH. L\u2019ancien pr\u00e9sident se trouve actuellement dans sa villa, entour\u00e9 de son escorte et de plusieurs personnalit\u00e9s de confiance, sous une protection encore plus stricte.<\/p>\n<p class=\"fig-paragraph\">Ce n\u2019est pas la premi\u00e8re fois que Bachar el-Assad, au pouvoir pendant plus de 24 ans, serait victime d\u2019une tentative d\u2019empoisonnement. En janvier dernier, le tablo\u00efd britannique\u00a0<a href=\"https:\/\/h24info.ma\/monde\/the-sun-bachar-al-assad-empoisonne-dans-son-appartement-a-moscou\/\" target=\"_blank\" rel=\"sponsored noopener\" data-gtm-custom-categorie=\"navigation\" data-gtm-custom-action=\"crossclick\" data-gtm-custom-label=\"Contextuel\" data-gtm-event=\"customEventSPE\">The Sun<\/a> \u00a0avait \u00e9voqu\u00e9 une \u00ab\u202ftentative d\u2019assassinat\u00a0\u00bb le laissant \u00ab\u202fen difficult\u00e9 pour respirer\u00a0\u00bb. Cette information n\u2019a cependant jamais \u00e9t\u00e9 confirm\u00e9e.<\/p>\n","protected":false},"excerpt":{"rendered":"Exil\u00e9 en Russie depuis la chute de son r\u00e9gime en d\u00e9cembre dernier, l\u2019ancien pr\u00e9sident syrien Bachar el-Assad a&hellip;\n","protected":false},"author":2,"featured_media":444142,"comment_status":"","ping_status":"","sticky":false,"template":"","format":"standard","meta":{"footnotes":""},"categories":[1591],"tags":[11,11423,32328,1887,12,1885,1886,132],"class_list":{"0":"post-444141","1":"post","2":"type-post","3":"status-publish","4":"format-standard","5":"has-post-thumbnail","7":"category-russie","8":"tag-actualites","9":"tag-bachar-el-assad","10":"tag-empoisonnement","11":"tag-federation-de-russie","12":"tag-news","13":"tag-russia","14":"tag-russian-federation","15":"tag-russie"},"share_on_mastodon":{"url":"https:\/\/pubeurope.com\/@fr\/115330473318858893","error":""},"_links":{"self":[{"href":"https:\/\/www.europesays.com\/fr\/wp-json\/wp\/v2\/posts\/444141","targetHints":{"allow":["GET"]}}],"collection":[{"href":"https:\/\/www.europesays.com\/fr\/wp-json\/wp\/v2\/posts"}],"about":[{"href":"https:\/\/www.europesays.com\/fr\/wp-json\/wp\/v2\/types\/post"}],"author":[{"embeddable":true,"href":"https:\/\/www.europesays.com\/fr\/wp-json\/wp\/v2\/users\/2"}],"replies":[{"embeddable":true,"href":"https:\/\/www.europesays.com\/fr\/wp-json\/wp\/v2\/comments?post=444141"}],"version-history":[{"count":0,"href":"https:\/\/www.europesays.com\/fr\/wp-json\/wp\/v2\/posts\/444141\/revisions"}],"wp:featuredmedia":[{"embeddable":true,"href":"https:\/\/www.europesays.com\/fr\/wp-json\/wp\/v2\/media\/444142"}],"wp:attachment":[{"href":"https:\/\/www.europesays.com\/fr\/wp-json\/wp\/v2\/media?parent=444141"}],"wp:term":[{"taxonomy":"category","embeddable":true,"href":"https:\/\/www.europesays.com\/fr\/wp-json\/wp\/v2\/categories?post=444141"},{"taxonomy":"post_tag","embeddable":true,"href":"https:\/\/www.europesays.com\/fr\/wp-json\/wp\/v2\/tags?post=444141"}],"curies":[{"name":"wp","href":"https:\/\/api.w.org\/{rel}","templated":true}]}}