{"id":444161,"date":"2025-10-07T02:32:22","date_gmt":"2025-10-07T02:32:22","guid":{"rendered":"https:\/\/www.europesays.com\/fr\/444161\/"},"modified":"2025-10-07T02:32:22","modified_gmt":"2025-10-07T02:32:22","slug":"un-transfert-contrarie-par-des-indemnites-de-formation","status":"publish","type":"post","link":"https:\/\/www.europesays.com\/fr\/444161\/","title":{"rendered":"Un transfert contrari\u00e9 par des indemnit\u00e9s de formation"},"content":{"rendered":"<p>                                            Publi\u00e9 le 30\/09\/2025 \u00e0 16h56<br \/>\n                                                                                3 minutes de lecture\n                                                                    <\/p>\n<p>F\u00e9ru de sport et plus particuli\u00e8rement de ballon rond depuis ma plus tendre enfance.<\/p>\n<p>                                            Lire la suite<\/p>\n<p>Le football fran\u00e7ais conna\u00eet r\u00e9guli\u00e8rement des situations complexes li\u00e9es aux transferts de jeunes joueurs, mais le cas de <strong>Willsem Boussaid<\/strong> illustre parfaitement les difficult\u00e9s que peuvent rencontrer les talents \u00e9mergents. Cet <strong>ancien international U17 fran\u00e7ais<\/strong>, \u00e2g\u00e9 de seulement <strong>19 ans<\/strong>, se retrouve aujourd\u00a0\u00bbhui dans une situation particuli\u00e8rement d\u00e9licate qui l&#8217;emp\u00eache de poursuivre sa carri\u00e8re professionnelle. Natif de <strong>Cr\u00e9teil<\/strong>, le jeune ailier avait pourtant tout pour r\u00e9ussir apr\u00e8s son passage prometteur dans le syst\u00e8me de formation strasbourgeois. Sa trajectoire r\u00e9cente, marqu\u00e9e par un refus de contrat stagiaire et un passage par <strong>Angers<\/strong> sous licence amateur, devait logiquement le mener vers le <strong>RC Lens<\/strong> pour y signer son premier contrat professionnel. Cependant, les r\u00e8glements de la FIFA et les exigences de son club formateur cr\u00e9ent aujourd&rsquo;hui un v\u00e9ritable blocage qui pourrait compromettre l&rsquo;avenir sportif de ce jeune espoir du football fran\u00e7ais.<\/p>\n<p>                                <img decoding=\"async\" src=\"https:\/\/www.europesays.com\/fr\/wp-content\/uploads\/2025\/04\/1744123449_543_logo.png\" alt=\"Logo\"\/><\/p>\n<p>100\u20ac offerts sur ton 1er pari !<\/p>\n<p>                            <a href=\"https:\/\/bit.ly\/4j5wl4k\" class=\"headband-button\" rel=\"nofollow noopener\" target=\"_blank\">J&rsquo;en profite<\/a><\/p>\n<p>                                                                <img loading=\"lazy\" decoding=\"async\" src=\"https:\/\/www.europesays.com\/fr\/wp-content\/uploads\/2025\/10\/mercato-lens-un-transfert-contrarie-par-des-indemnites-de-formation.jpg\" alt=\"Illustration : &quot;Mercato Lens : Un transfert contrari\u00e9 par des indemnit\u00e9s de formation&quot;\" class=\"figure-img img-fluid\" width=\"780\" height=\"478\"\/><\/p>\n<p>                                    \u00a9 Site officiel du RC Lens                                <\/p>\n<p>Un refus de contrat aux cons\u00e9quences durables<\/p>\n<p>La situation actuelle de Willsem Boussaid trouve ses origines dans une d\u00e9cision prise la saison derni\u00e8re, lorsque le jeune joueur a choisi de <strong>refuser une offre de contrat stagiaire<\/strong> propos\u00e9e par <strong>Strasbourg<\/strong>, son club formateur. Cette d\u00e9cision, qui peut para\u00eetre anodine, a en r\u00e9alit\u00e9 d\u00e9clench\u00e9 un m\u00e9canisme r\u00e9glementaire complexe qui continue aujourd&rsquo;hui de peser sur l&rsquo;avenir du joueur. Les r\u00e8glements FIFA sont en effet tr\u00e8s clairs sur ce point : \u00ab\u00a0lorsqu&rsquo;un joueur form\u00e9 dans un club refuse de signer une proposition envoy\u00e9e avant le 30 avril de la derni\u00e8re ann\u00e9e de son bail, celui-ci conserve le droit de r\u00e9clamer les indemnit\u00e9s de formation\u00a0\u00bb. Ces indemnit\u00e9s sont calcul\u00e9es selon une m\u00e9thode pr\u00e9cise, prenant en compte <strong>le nombre d&rsquo;ann\u00e9es pass\u00e9es au sein de la structure formatrice<\/strong>. Pour Strasbourg, cette situation repr\u00e9sente donc un droit l\u00e9gitime \u00e0 compensation, d&rsquo;autant plus que le club a investi dans la formation de ce joueur pendant plusieurs ann\u00e9es. Le refus initial de Boussaid, bien que compr\u00e9hensible dans une logique de carri\u00e8re personnelle, a ainsi cr\u00e9\u00e9 une dette morale et financi\u00e8re qui continue de le poursuivre.<\/p>\n<p>Le passage par Angers et l&rsquo;int\u00e9r\u00eat de Lens<\/p>\n<p>Face aux contraintes r\u00e9glementaires li\u00e9es \u00e0 son statut, <strong>Willsem Boussaid<\/strong> avait opt\u00e9 pour une solution temporaire en rejoignant <strong>Angers sous licence amateur<\/strong>. Cette p\u00e9riode de transition lui a permis de continuer \u00e0 jouer et \u00e0 se d\u00e9velopper, disputant <strong>22 matches avec la r\u00e9serve angevine<\/strong> et obtenant m\u00eame une convocation sur le banc de l&rsquo;\u00e9quipe premi\u00e8re lors d&rsquo;un match de <strong>Coupe de France<\/strong>. Ces performances ont visiblement convaincu les recruteurs du <strong>RC Lens<\/strong>, club r\u00e9put\u00e9 pour sa capacit\u00e9 \u00e0 d\u00e9tecter et d\u00e9velopper les jeunes talents. L&rsquo;int\u00e9r\u00eat lensois pour Boussaid s&rsquo;inscrit parfaitement dans la philosophie du club nordiste, qui mise r\u00e9guli\u00e8rement sur des joueurs en devenir pour renforcer son effectif. Le profil de l&rsquo;ailier, avec son exp\u00e9rience en \u00e9quipes de France jeunes et ses qualit\u00e9s techniques d\u00e9montr\u00e9es \u00e0 Angers, correspondait exactement aux crit\u00e8res recherch\u00e9s par Lens. Le club \u00e9tait m\u00eame pr\u00eat \u00e0 proposer un <strong>premier contrat professionnel<\/strong> au jeune joueur, marquant ainsi une \u00e9tape cruciale dans sa carri\u00e8re naissante.<\/p>\n<p>Un blocage financier qui paralyse l&rsquo;op\u00e9ration<\/p>\n<p>Malgr\u00e9 la volont\u00e9 manifeste de Lens de recruter Willsem Boussaid et l&rsquo;accord du joueur pour rejoindre le club nordiste, l&rsquo;op\u00e9ration se heurte aujourd&rsquo;hui \u00e0 l&rsquo;intransigeance de <strong>Strasbourg<\/strong> concernant les indemnit\u00e9s de formation. Le club alsacien a en effet <strong>refus\u00e9 l&rsquo;accord propos\u00e9 par Lens<\/strong>, qui comprenait pourtant \u00ab\u00a0des indemnit\u00e9s plus un pourcentage \u00e0 la revente\u00a0\u00bb, une formule habituellement accept\u00e9e dans ce type de transaction. Strasbourg exige d\u00e9sormais <strong>le paiement int\u00e9gral des indemnit\u00e9s de formation<\/strong>, une position ferme qui bloque compl\u00e8tement les n\u00e9gociations. Cette situation cr\u00e9e une impasse totale : Boussaid se retrouve <strong>sans club et sans possibilit\u00e9 de jouer officiellement<\/strong>, une situation particuli\u00e8rement frustrante pour un joueur de son \u00e2ge qui devrait \u00eatre en pleine progression. L&rsquo;entourage du joueur exprime d&rsquo;ailleurs son incompr\u00e9hension face \u00e0 cette rigidit\u00e9, estimant que la proposition lensoise \u00e9tait \u00e9quitable et respectueuse des droits de formation de Strasbourg.<\/p>\n<p>Epatant face au Stade Rennais \u00e0 10 contre 11, le RCL tentera de l\u2019emporter \u00e0 Auxerre ce samedi. Pour cette rencontre, profitez de 100\u20ac offerts pour votre premi\u00e8re inscription sur Parions Sport en Ligne. <a href=\"http:\/\/bit.ly\/4hgs1yE\" rel=\"nofollow noopener\" target=\"_blank\"><strong>Pariez sur une victoire du RC Lens face \u00e0 Auxerre sur le score de 0-1, 0-2 ou 0-3 vous rapporte jusqu\u2019\u00e0 280\u20ac !<\/strong><\/a><\/p>\n<p><strong>Pour en profiter, c\u2019est tr\u00e8s simple :<\/strong><\/p>\n<p>&#8211;                  Cr\u00e9ez votre compte joueur en seulement 2 \u00e9tapes <a href=\"http:\/\/bit.ly\/4hgs1yE\" rel=\"nofollow noopener\" target=\"_blank\"><strong>ici<\/strong><\/a><\/p>\n<p>&#8211;                  R\u00e9alisez votre 1er d\u00e9p\u00f4t puis placez votre 1er pari (Minimum 5\u20ac)<\/p>\n<p>&#8211;                  Une fois votre 1er d\u00e9p\u00f4t et votre 1er pari r\u00e9alis\u00e9s, l\u2019int\u00e9gralit\u00e9 du montant de ce 1er pari sera cr\u00e9dit\u00e9e sur votre compte joueur dans la limite de 100\u20ac maximum et sous la forme de cr\u00e9dits de jeu non retirables. Le cr\u00e9dit s\u2019effectuera alors en une seule \u00e9tape et sous 3 jours<\/p>\n<p>Jouer comporte des risques : endettement, d\u00e9pendance\u2026 Appelez le 09 74 75 13 13 (appel non surtax\u00e9)<\/p>\n","protected":false},"excerpt":{"rendered":"Publi\u00e9 le 30\/09\/2025 \u00e0 16h56 3 minutes de lecture F\u00e9ru de sport et plus particuli\u00e8rement de ballon rond&hellip;\n","protected":false},"author":2,"featured_media":444162,"comment_status":"","ping_status":"","sticky":false,"template":"","format":"standard","meta":{"footnotes":""},"categories":[1410],"tags":[63,1011,27,60],"class_list":{"0":"post-444161","1":"post","2":"type-post","3":"status-publish","4":"format-standard","5":"has-post-thumbnail","7":"category-football","8":"tag-football","9":"tag-fr","10":"tag-france","11":"tag-sports"},"share_on_mastodon":{"url":"https:\/\/pubeurope.com\/@fr\/115330544635518095","error":""},"_links":{"self":[{"href":"https:\/\/www.europesays.com\/fr\/wp-json\/wp\/v2\/posts\/444161","targetHints":{"allow":["GET"]}}],"collection":[{"href":"https:\/\/www.europesays.com\/fr\/wp-json\/wp\/v2\/posts"}],"about":[{"href":"https:\/\/www.europesays.com\/fr\/wp-json\/wp\/v2\/types\/post"}],"author":[{"embeddable":true,"href":"https:\/\/www.europesays.com\/fr\/wp-json\/wp\/v2\/users\/2"}],"replies":[{"embeddable":true,"href":"https:\/\/www.europesays.com\/fr\/wp-json\/wp\/v2\/comments?post=444161"}],"version-history":[{"count":0,"href":"https:\/\/www.europesays.com\/fr\/wp-json\/wp\/v2\/posts\/444161\/revisions"}],"wp:featuredmedia":[{"embeddable":true,"href":"https:\/\/www.europesays.com\/fr\/wp-json\/wp\/v2\/media\/444162"}],"wp:attachment":[{"href":"https:\/\/www.europesays.com\/fr\/wp-json\/wp\/v2\/media?parent=444161"}],"wp:term":[{"taxonomy":"category","embeddable":true,"href":"https:\/\/www.europesays.com\/fr\/wp-json\/wp\/v2\/categories?post=444161"},{"taxonomy":"post_tag","embeddable":true,"href":"https:\/\/www.europesays.com\/fr\/wp-json\/wp\/v2\/tags?post=444161"}],"curies":[{"name":"wp","href":"https:\/\/api.w.org\/{rel}","templated":true}]}}