{"id":444165,"date":"2025-10-07T02:35:13","date_gmt":"2025-10-07T02:35:13","guid":{"rendered":"https:\/\/www.europesays.com\/fr\/444165\/"},"modified":"2025-10-07T02:35:13","modified_gmt":"2025-10-07T02:35:13","slug":"grands-prix-litteraires-dautomne-le-bilan-des-premieres-selections","status":"publish","type":"post","link":"https:\/\/www.europesays.com\/fr\/444165\/","title":{"rendered":"Grands prix litt\u00e9raires d&rsquo;automne\u00a0: le bilan des premi\u00e8res s\u00e9lections"},"content":{"rendered":"<p>Sans conteste, dans la course aux grands prix d\u2019automne 2025, La nuit au c\u0153ur de <strong>Nathacha Appanah<\/strong> (Gallimard), roman pl\u00e9biscit\u00e9\u00a0des libraires d\u2019apr\u00e8s le <a href=\"https:\/\/www.livreshebdo.fr\/article\/romans-preferes-des-libraires-le-palmares-livres-hebdo\" target=\"_blank\" rel=\"nofollow noopener\">Palmar\u00e8s de la rentr\u00e9e Livres Hebdo<\/a>, est le titre le plus s\u00e9lectionn\u00e9 de la saison avec pas moins de cinq nominations sur sept parmi les grands prix litt\u00e9raires historiques d&rsquo;automne, selon notre d\u00e9compte. Le roman figure en effet dans les premi\u00e8res s\u00e9lections des prix <a href=\"https:\/\/www.livreshebdo.fr\/article\/la-premiere-liste-du-prix-goncourt-2025\" target=\"_blank\" rel=\"nofollow noopener\">Goncourt<\/a>, <a href=\"https:\/\/www.livreshebdo.fr\/article\/la-premiere-selection-du-prix-renaudot-2025\" target=\"_blank\" rel=\"nofollow noopener\">Renaudot<\/a>, <a href=\"https:\/\/www.livreshebdo.fr\/article\/la-premiere-selection-du-prix-medicis-2025\" target=\"_blank\" rel=\"nofollow noopener\">M\u00e9dicis<\/a>, <a href=\"https:\/\/www.livreshebdo.fr\/article\/la-premiere-selection-des-prix-femina-2025\" target=\"_blank\" rel=\"nofollow noopener\">Femina<\/a> et <a href=\"https:\/\/www.livreshebdo.fr\/article\/la-premiere-selection-du-grand-prix-du-roman-de-lacademie-francaise-2025\" target=\"_blank\" rel=\"nofollow noopener\">Acad\u00e9mie fran\u00e7aise<\/a>. Seuls les jurys des prix <a href=\"https:\/\/www.livreshebdo.fr\/article\/la-premiere-selection-du-prix-interallie-2025\" target=\"_blank\" rel=\"nofollow noopener\">Interalli\u00e9<\/a> et <a href=\"https:\/\/www.livreshebdo.fr\/article\/la-premiere-selection-du-prix-decembre-2025\" target=\"_blank\" rel=\"nofollow noopener\">D\u00e9cembre<\/a> ne l&rsquo;ont pas retenu.<\/p>\n<p>Du c\u00f4t\u00e9 des auteurs\u2026<\/p>\n<p>Derri\u00e8re, pas moins de cinq titres sont nomm\u00e9s dans trois premi\u00e8res s\u00e9lections, ceux d\u2019<strong>Emmanuel Carr\u00e8re,<\/strong> <strong>Laurent Mauvignier<\/strong>, <strong>Jakuta Alikavazovic<\/strong>, <strong>Maria Pourchet<\/strong> et <strong>Alfred de\u00a0Montesquiou<\/strong>.<\/p>\n<p>Sur le fond, la th\u00e9matique phare\u00a0des relations filiales, identifi\u00e9e pour cette rentr\u00e9e par la presse, \u00e0 commencer par Livres Hebdo, se retrouve dans ces premi\u00e8res s\u00e9lections.<\/p>\n<p class=\"p1\">Jakuta Alikavazovic, Emmanuel Carr\u00e8re, <strong>Rams\u00e8s Kefi\u00a0<\/strong>et <strong>Justine L\u00e9vy<\/strong> s\u2019attachent \u00e0 leur m\u00e8re. Alors qu&rsquo;<strong>Anne Berest<\/strong>, <strong>Catherine Girard<\/strong>, <strong>Anthony Passeron<\/strong> ou\u00a0<strong>Vanessa Schneider<\/strong>\u00a0\u00e9voquent leur p\u00e8re. Quand <strong>Yanick Lahens<\/strong>, <strong>Caroline Larmarche<\/strong> ou <strong>Laurent Mauvignier<\/strong>, remontent plus loin dans leur g\u00e9n\u00e9alogie.<\/p>\n<p>Invention formelle<\/p>\n<p class=\"p1\">Les approches plus romanesques qu\u2019ont longtemps privil\u00e9gi\u00e9es les jurys, du Goncourt et du Renaudot notamment, ne sont pas oubli\u00e9es. Citons <strong>Michel Bussi<\/strong>, <strong>David Diop<\/strong>, <strong>Ad\u00e9la\u00efde de Clermont-Tonnerre<\/strong> et <strong>Pierre Jourde<\/strong>. Tout comme les romans anim\u00e9s par la volont\u00e9 d\u2019embrasser notre modernit\u00e9 dans sa complexit\u00e9, qu\u2019on pourrait qualifier de houellebecquiens ou de despentesques. Citons par exemple\u00a0ceux de <strong>Sarah Chiche<\/strong>, <strong>Nathan Devers<\/strong>, <strong>Joseph Incardona <\/strong><a href=\"https:\/\/www.livreshebdo.fr\/article\/joseph-incardona-laureat-2025-du-prix-des-deux-magots\" target=\"_blank\" rel=\"nofollow noopener\">(tout juste couronn\u00e9 du prix des Deux Magots)<\/a><strong> <\/strong>ou <strong>Fabrice Pliskin<\/strong>.<\/p>\n<p class=\"p1\">Ce sont les propositions plus exp\u00e9rimentales qui semblent moins nombreuses. M\u00eame si les jurys ont remarqu\u00e9 les livres d\u2019<strong>H\u00e9l\u00e8ne Laurain<\/strong>, <strong>C\u00e9line Minard<\/strong>, <strong>Alexandre Postel<\/strong>\u00a0et <strong>Laura Vazquez<\/strong>. Mais l\u2019exploration familiale n\u2019interdit pas l\u2019invention formelle comme le d\u00e9montre le texte de Jakuta Alikavazovic comme celui d\u2019Anthony Passeron.<\/p>\n<p>Sur la forme, parmi les 57 s\u00e9lectionn\u00e9s au total cette ann\u00e9e, 17 le sont dans deux prix, dont deux premiers romans \u2013 Il pleut sur la parade de <strong>Lucie-Anne Belgy <\/strong>(Gallimard \u2013 Femina \/ D\u00e9cembre) et Quatre jours sans ma m\u00e8re de Rams\u00e8s Kefi (Philippe Rey \u2013 Renaudot \/ Acad\u00e9mie fran\u00e7aise). En tout, sept premiers romans sont parvenus \u00e0 int\u00e9grer au moins l&rsquo;une des listes des grands prix d&rsquo;automne.<\/p>\n<p>Les premiers romans s\u00e9lectionn\u00e9s<\/p>\n<p>Trois des premiers romans proviennent d\u2019\u00e9diteurs ind\u00e9pendants, qui sont repr\u00e9sent\u00e9s au total par neuf titres cette ann\u00e9e, dont deux provenant de Sabine Wespieser \u00e9diteur (Passag\u00e8res de nuit de <strong>Yanick Lahens<\/strong> \u2013 Goncourt \/ Acad\u00e9mie et Officier Radio de <strong>Marie Richeux<\/strong> \u2013 F\u00e9mina \/ M\u00e9dicis).<\/p>\n<p>\u00a0<\/p>\n<p>Les titres issus d&rsquo;\u00e9diteurs ind\u00e9pendants s\u00e9lectionn\u00e9s<\/p>\n<p>\u00a0<\/p>\n<p>Du c\u00f4t\u00e9 des maisons et des groupes\u2026<\/p>\n<p>Concernant les maisons d\u2019\u00e9dition, Grasset, malgr\u00e9 l\u2019absence de titres dans les listes du Goncourt et du M\u00e9dicis, place six romans cette ann\u00e9e, soit autant que Gallimard et deux fois plus qu\u2019Albin Michel, P.O.L et Stock. Le Seuil place cette ann\u00e9e deux titres, comme Julliard, Flammarion, Robert Laffont, Les \u00c9quateurs\u2026<\/p>\n<p>Au niveau des groupes, Madrigall est largement le plus repr\u00e9sent\u00e9 avec 17 titres, contre dix pour Editis et Hachette, six pour Albin Michel, trois pour M\u00e9dia Participations et deux pour Actes Sud.<\/p>\n<p>La <a href=\"http:\/\/www.livreshebdo.fr\/article\/la-deuxieme-selection-des-prix-femina-2025\" target=\"_blank\" rel=\"nofollow noopener\">deuxi\u00e8me s\u00e9lection du Femina<\/a> r\u00e9v\u00e9l\u00e9e lundi 29\u00a0septembre a d\u00e9j\u00e0 sorti trois titres de la course aux grands prix d\u2019automne 2025. Il en reste 54 encore suspendus aux d\u00e9cisions des jur\u00e9s dont les deuxi\u00e8mes listes sont attendues d\u2019ici la mi-octobre. \u00c0 commencer par celle du prix Goncourt, d\u00e8s ce mardi 7\u00a0octobre.<\/p>\n","protected":false},"excerpt":{"rendered":"Sans conteste, dans la course aux grands prix d\u2019automne 2025, La nuit au c\u0153ur de Nathacha Appanah (Gallimard),&hellip;\n","protected":false},"author":2,"featured_media":444166,"comment_status":"","ping_status":"","sticky":false,"template":"","format":"standard","meta":{"footnotes":""},"categories":[1357],"tags":[1379,58,59,1011,27,1380],"class_list":{"0":"post-444165","1":"post","2":"type-post","3":"status-publish","4":"format-standard","5":"has-post-thumbnail","7":"category-livres","8":"tag-books","9":"tag-divertissement","10":"tag-entertainment","11":"tag-fr","12":"tag-france","13":"tag-livres"},"share_on_mastodon":{"url":"https:\/\/pubeurope.com\/@fr\/115330555862844516","error":""},"_links":{"self":[{"href":"https:\/\/www.europesays.com\/fr\/wp-json\/wp\/v2\/posts\/444165","targetHints":{"allow":["GET"]}}],"collection":[{"href":"https:\/\/www.europesays.com\/fr\/wp-json\/wp\/v2\/posts"}],"about":[{"href":"https:\/\/www.europesays.com\/fr\/wp-json\/wp\/v2\/types\/post"}],"author":[{"embeddable":true,"href":"https:\/\/www.europesays.com\/fr\/wp-json\/wp\/v2\/users\/2"}],"replies":[{"embeddable":true,"href":"https:\/\/www.europesays.com\/fr\/wp-json\/wp\/v2\/comments?post=444165"}],"version-history":[{"count":0,"href":"https:\/\/www.europesays.com\/fr\/wp-json\/wp\/v2\/posts\/444165\/revisions"}],"wp:featuredmedia":[{"embeddable":true,"href":"https:\/\/www.europesays.com\/fr\/wp-json\/wp\/v2\/media\/444166"}],"wp:attachment":[{"href":"https:\/\/www.europesays.com\/fr\/wp-json\/wp\/v2\/media?parent=444165"}],"wp:term":[{"taxonomy":"category","embeddable":true,"href":"https:\/\/www.europesays.com\/fr\/wp-json\/wp\/v2\/categories?post=444165"},{"taxonomy":"post_tag","embeddable":true,"href":"https:\/\/www.europesays.com\/fr\/wp-json\/wp\/v2\/tags?post=444165"}],"curies":[{"name":"wp","href":"https:\/\/api.w.org\/{rel}","templated":true}]}}