{"id":444167,"date":"2025-10-07T02:36:42","date_gmt":"2025-10-07T02:36:42","guid":{"rendered":"https:\/\/www.europesays.com\/fr\/444167\/"},"modified":"2025-10-07T02:36:42","modified_gmt":"2025-10-07T02:36:42","slug":"quand-leo-parle-creole-dans-la-serie-scenes-de-menages-ote-zespri-gramoun-reveil-azot","status":"publish","type":"post","link":"https:\/\/www.europesays.com\/fr\/444167\/","title":{"rendered":"Quand \u00ab\u00a0L\u00e9o\u00a0\u00bb parle cr\u00e9ole dans la s\u00e9rie Sc\u00e8nes de m\u00e9nages\u00a0: \u00ab\u00a0Ot\u00e9 zespri gramoun r\u00e9veil azot\u00a0\u00bb"},"content":{"rendered":"<p>Cette sc\u00e8ne n\u2019est pas pass\u00e9e inaper\u00e7ue aupr\u00e8s des t\u00e9l\u00e9spectateurs et internautes r\u00e9unionnais. \u00ab\u00a0L\u00e9o\u00a0\u00bb, personnage interpr\u00e9t\u00e9 par l\u2019acteur r\u00e9unionnais Vinnie Dargaud, n\u2019a pas h\u00e9sit\u00e9 \u00e0 parler cr\u00e9ole.<\/p>\n<p>Originaire de La R\u00e9union et n\u00e9 \u00e0 Saint-Denis, Vinnie Dargaud a profit\u00e9 de cette s\u00e9quence pour faire un clin d\u2019\u0153il \u00e0 ses racines.<\/p>\n<blockquote cite=\"https:\/\/www.tiktok.com\/@m6officiel\/video\/7554318066486660374\" class=\"tiktok-embed\" data-video-id=\"7554318066486660374\" style=\"max-width: 605px;min-width: 325px;\"><p>\n<a href=\"https:\/\/www.tiktok.com\/@m6officiel?refer=embed\" target=\"_blank\" title=\"@m6officiel\" rel=\"noopener\">@m6officiel<\/a> \u00ab\u00a0Vous me laissez pas le choix\u00a0\u00bb \ud83d\ude05 Face \u00e0 son patron refusant de l\u2019augmenter, L\u00e9o est pr\u00eat \u00e0 tout&#8230; m\u00eame \u00e0 lui jeter un sort\u00a0! \ud83e\uddd9 #SDM, du lundi au vendredi \u00e0 20:35 sur M6 et en streaming sur M6+ <a href=\"https:\/\/www.tiktok.com\/tag\/onregardequoi?refer=embed\" target=\"_blank\" title=\"onregardequoi\" rel=\"noopener\">#OnRegardeQuoi<\/a> <a href=\"https:\/\/www.tiktok.com\/music\/son-original-M6-7554318086246107926?refer=embed\" target=\"_blank\" title=\"\u266c son original  - M6\" rel=\"noopener\">\u266c son original &#8211; M6<\/a>\n<\/p><\/blockquote>\n<p>Dans l\u2019\u00e9pisode, publi\u00e9 sur le compte TikTok officiel de M6, L\u00e9o fait face \u00e0 son patron qui refuse de l\u2019augmenter. Pr\u00eat \u00e0 tout pour obtenir gain de cause, il d\u00e9cide d\u2019invoquer les \u00ab\u00a0zesprit ban gramoune\u00a0\u00bb et les \u00ab\u00a0ban zancet La R\u00e9union\u00a0\u00bb pour tenter de le convaincre.<\/p>\n<p>La s\u00e9rie Sc\u00e8nes de m\u00e9nages est \u00e9galement diffus\u00e9 sur Antenne R\u00e9union.\u00a0<\/p>\n<p>                    <script async src=\"\/\/www.tiktok.com\/embed.js\"><\/script><\/p>\n","protected":false},"excerpt":{"rendered":"Cette sc\u00e8ne n\u2019est pas pass\u00e9e inaper\u00e7ue aupr\u00e8s des t\u00e9l\u00e9spectateurs et internautes r\u00e9unionnais. \u00ab\u00a0L\u00e9o\u00a0\u00bb, personnage interpr\u00e9t\u00e9 par l\u2019acteur r\u00e9unionnais&hellip;\n","protected":false},"author":2,"featured_media":444168,"comment_status":"","ping_status":"","sticky":false,"template":"","format":"standard","meta":{"footnotes":""},"categories":[1356],"tags":[47,58,59,1011,27,6335,1922,6336,7224,104,252,1364],"class_list":{"0":"post-444167","1":"post","2":"type-post","3":"status-publish","4":"format-standard","5":"has-post-thumbnail","7":"category-television","8":"tag-actualite","9":"tag-divertissement","10":"tag-entertainment","11":"tag-fr","12":"tag-france","13":"tag-home-page","14":"tag-info","15":"tag-la-reunion","16":"tag-newsletter-soir","17":"tag-societe","18":"tag-television","19":"tag-tv"},"share_on_mastodon":{"url":"https:\/\/pubeurope.com\/@fr\/115330559722523324","error":""},"_links":{"self":[{"href":"https:\/\/www.europesays.com\/fr\/wp-json\/wp\/v2\/posts\/444167","targetHints":{"allow":["GET"]}}],"collection":[{"href":"https:\/\/www.europesays.com\/fr\/wp-json\/wp\/v2\/posts"}],"about":[{"href":"https:\/\/www.europesays.com\/fr\/wp-json\/wp\/v2\/types\/post"}],"author":[{"embeddable":true,"href":"https:\/\/www.europesays.com\/fr\/wp-json\/wp\/v2\/users\/2"}],"replies":[{"embeddable":true,"href":"https:\/\/www.europesays.com\/fr\/wp-json\/wp\/v2\/comments?post=444167"}],"version-history":[{"count":0,"href":"https:\/\/www.europesays.com\/fr\/wp-json\/wp\/v2\/posts\/444167\/revisions"}],"wp:featuredmedia":[{"embeddable":true,"href":"https:\/\/www.europesays.com\/fr\/wp-json\/wp\/v2\/media\/444168"}],"wp:attachment":[{"href":"https:\/\/www.europesays.com\/fr\/wp-json\/wp\/v2\/media?parent=444167"}],"wp:term":[{"taxonomy":"category","embeddable":true,"href":"https:\/\/www.europesays.com\/fr\/wp-json\/wp\/v2\/categories?post=444167"},{"taxonomy":"post_tag","embeddable":true,"href":"https:\/\/www.europesays.com\/fr\/wp-json\/wp\/v2\/tags?post=444167"}],"curies":[{"name":"wp","href":"https:\/\/api.w.org\/{rel}","templated":true}]}}