{"id":444169,"date":"2025-10-07T02:39:14","date_gmt":"2025-10-07T02:39:14","guid":{"rendered":"https:\/\/www.europesays.com\/fr\/444169\/"},"modified":"2025-10-07T02:39:14","modified_gmt":"2025-10-07T02:39:14","slug":"sante-si-votre-pere-a-fume-etant-jeune-vous-allez-vieillir-plus-rapidement","status":"publish","type":"post","link":"https:\/\/www.europesays.com\/fr\/444169\/","title":{"rendered":"Sant\u00e9. Si votre p\u00e8re a fum\u00e9 \u00e9tant jeune, vous allez vieillir plus rapidement"},"content":{"rendered":"<p>Les gar\u00e7ons qui fument pendant la pubert\u00e9 pourraient, sans le savoir, nuire \u00e0 leurs enfants. Telle est la conclusion d\u2019un travail pr\u00e9sent\u00e9 par des chercheurs de l\u2019Universit\u00e9 de Bergen (Norv\u00e8ge), au Congr\u00e8s de la Soci\u00e9t\u00e9 europ\u00e9enne de pneumologie, qui se tient du 27 septembre au 1er octobre \u00e0 Amsterdam.<\/p>\n<p>Pour parvenir \u00e0 ce constat, ils ont analys\u00e9 les donn\u00e9es de 892 personnes \u00e2g\u00e9es de 7 \u00e0 50 ans. Et leurs r\u00e9sultats sont frappants : les personnes dont le p\u00e8re a commenc\u00e9 \u00e0 fumer avant 15 ans pr\u00e9sentent un vieillissement biologique sup\u00e9rieur de 9 \u00e0 12 mois \u00e0 leur \u00e2ge r\u00e9el. Ce d\u00e9calage s\u2019accentue m\u00eame jusqu\u2019\u00e0 15 mois si ces personnes sont elles-m\u00eames fumeuses.<\/p>\n<p>Pour mesurer ce vieillissement, les scientifiques ont utilis\u00e9 des \u00ab\u00a0horloges \u00e9pig\u00e9n\u00e9tiques\u00a0\u00bb qui analysent les modifications mol\u00e9culaires de l\u2019ADN li\u00e9es \u00e0 l\u2019\u00e2ge. Ces changements, bien qu\u2019ils ne modifient pas le code g\u00e9n\u00e9tique lui-m\u00eame, influencent le comportement des g\u00e8nes et sont associ\u00e9s aux maladies du vieillissement.<\/p>\n<p>\u00ab Ce vieillissement biologique acc\u00e9l\u00e9r\u00e9 n\u2019est pas anodin, car des recherches ant\u00e9rieures l\u2019ont associ\u00e9 \u00e0 un risque accru de maladies telles que le cancer, l\u2019arthrite et la d\u00e9mence\u00a0\u00bb, pr\u00e9cisent les scientifiques.<\/p>\n<p>Fait int\u00e9ressant (et surprenant), cette acc\u00e9l\u00e9ration du vieillissement n\u2019a pas \u00e9t\u00e9 observ\u00e9e chez les personnes dont les p\u00e8res ont commenc\u00e9 \u00e0 fumer plus tard dans leur vie. De m\u00eame, aucun sch\u00e9ma clair n\u2019a \u00e9t\u00e9 identifi\u00e9 en lien avec le tabagisme maternel.<\/p>\n<p><strong>Une alt\u00e9ration des spermatozo\u00efdes<\/strong><\/p>\n<p>Cette recherche n\u2019explique pas enti\u00e8rement pourquoi fumer pendant la pubert\u00e9 est li\u00e9 \u00e0 un vieillissement plus rapide. \u00ab\u00a0Nous pensons que lorsque les p\u00e8res commencent \u00e0 fumer pendant la pubert\u00e9, cela peut modifier le mat\u00e9riel \u00e9pig\u00e9n\u00e9tique de leurs spermatozo\u00efdes, et que ces changements peuvent \u00eatre transmis \u00e0 la g\u00e9n\u00e9ration suivante\u00a0\u00bb, pr\u00e9cisent les auteurs.<\/p>\n<p>\u00ab Nous savons tous que le tabagisme provoque des maladies telles que l\u2019asthme, la BPCO et le cancer, conclut le Dr Stamatoula Tsikrika qui pr\u00e9side le groupe d\u2019experts de la Soci\u00e9t\u00e9 europ\u00e9enne de pneumologie sur le tabac, la lutte antitabac et l\u2019\u00e9ducation sanitaire. Nous commen\u00e7ons \u00e0 comprendre que les dommages caus\u00e9s par le tabagisme peuvent persister d\u2019une g\u00e9n\u00e9ration \u00e0 l\u2019autre.\u00a0\u00bb<\/p>\n","protected":false},"excerpt":{"rendered":"Les gar\u00e7ons qui fument pendant la pubert\u00e9 pourraient, sans le savoir, nuire \u00e0 leurs enfants. Telle est la&hellip;\n","protected":false},"author":2,"featured_media":444170,"comment_status":"","ping_status":"","sticky":false,"template":"","format":"standard","meta":{"footnotes":""},"categories":[10],"tags":[107,1011,27,72,1031,5362,71],"class_list":{"0":"post-444169","1":"post","2":"type-post","3":"status-publish","4":"format-standard","5":"has-post-thumbnail","7":"category-sante","8":"tag-fil-info","9":"tag-fr","10":"tag-france","11":"tag-health","12":"tag-magazine","13":"tag-magazine-sante","14":"tag-sante"},"share_on_mastodon":{"url":"https:\/\/pubeurope.com\/@fr\/115330571560608658","error":""},"_links":{"self":[{"href":"https:\/\/www.europesays.com\/fr\/wp-json\/wp\/v2\/posts\/444169","targetHints":{"allow":["GET"]}}],"collection":[{"href":"https:\/\/www.europesays.com\/fr\/wp-json\/wp\/v2\/posts"}],"about":[{"href":"https:\/\/www.europesays.com\/fr\/wp-json\/wp\/v2\/types\/post"}],"author":[{"embeddable":true,"href":"https:\/\/www.europesays.com\/fr\/wp-json\/wp\/v2\/users\/2"}],"replies":[{"embeddable":true,"href":"https:\/\/www.europesays.com\/fr\/wp-json\/wp\/v2\/comments?post=444169"}],"version-history":[{"count":0,"href":"https:\/\/www.europesays.com\/fr\/wp-json\/wp\/v2\/posts\/444169\/revisions"}],"wp:featuredmedia":[{"embeddable":true,"href":"https:\/\/www.europesays.com\/fr\/wp-json\/wp\/v2\/media\/444170"}],"wp:attachment":[{"href":"https:\/\/www.europesays.com\/fr\/wp-json\/wp\/v2\/media?parent=444169"}],"wp:term":[{"taxonomy":"category","embeddable":true,"href":"https:\/\/www.europesays.com\/fr\/wp-json\/wp\/v2\/categories?post=444169"},{"taxonomy":"post_tag","embeddable":true,"href":"https:\/\/www.europesays.com\/fr\/wp-json\/wp\/v2\/tags?post=444169"}],"curies":[{"name":"wp","href":"https:\/\/api.w.org\/{rel}","templated":true}]}}