{"id":44417,"date":"2025-04-22T16:47:09","date_gmt":"2025-04-22T16:47:09","guid":{"rendered":"https:\/\/www.europesays.com\/fr\/44417\/"},"modified":"2025-04-22T16:47:09","modified_gmt":"2025-04-22T16:47:09","slug":"cyclisme-route-emmanuel-hubert-mon-equipe-arkea-bb-hotels-est-en-danger-de-mort","status":"publish","type":"post","link":"https:\/\/www.europesays.com\/fr\/44417\/","title":{"rendered":"Cyclisme. Route &#8211; Emmanuel Hubert : \u00abMon \u00e9quipe Ark\u00e9a-B&#038;B Hotels est en danger de mort&#8230;\u00bb"},"content":{"rendered":"<p>Sans garantie pour l\u2019avenir de son \u00e9quipe, <strong>Emmanuel Hubert,<\/strong> patron historique de la formation <strong><a href=\"https:\/\/www.cyclismactu.net\/..\/news-classement-uci-route-cofidis-arkea-b-b-hotels-deux-equipes-francaises-en-danger-86694.html\" target=\"_blank\" rel=\"noopener\">Ark\u00e9a-B&amp;B Hotels<\/a><\/strong>, est actuellement \u00e0 la recherche de nouveaux sponsors pour assurer sa survie. Pour <a href=\"https:\/\/www.leparisien.fr\/sports\/cyclisme\/mon-equipe-est-en-danger-de-mort-le-combat-du-patron-de-la-structure-cycliste-francaise-arkea-bb-20-04-2025-Y6M6GNLCBNBRBDPJT3XPCOPTVQ.php#:~:text=Emmanuel%20Hubert%20n&#039;a%20aucune,un%20contexte%20%C3%A9conomique%20particuli%C3%A8rement%20compliqu%C3%A9.\" target=\"_blank\" rel=\"noopener\">Le\u00a0Parisien<\/a>, le Fran\u00e7ais de 54 ans a admis que son \u00e9quipe \u00e9tait \u00ab\u00a0en danger de mort\u00a0\u00bb. Une phrase choc pour une formation cr\u00e9\u00e9e en 2005 et pr\u00e9sente dans le top 20 mondial depuis 2020.<\/p>\n<p>Vid\u00e9o &#8211; Emmanuel Hubert avec Cyclism&rsquo;Actu en d\u00e9but de saison Lire la suite de l&rsquo;article&#13;<\/p>\n<p>\u00a0<\/p>\n<p>&#13;<br \/>\n\u00ab\u00a0Mes coureurs ?\u00a0S\u2019ils ont une opportunit\u00e9 ailleurs, je leur dis de foncer&#8230;\u00a0\u00bb&#13;<\/p>\n<p>\u00ab\u00a0C\u2019est malheureusement tr\u00e8s simple. Tous les contrats avec les partenaires s\u2019ach\u00e8vent \u00e0 la fin 2025. Si je n\u2019ai aucune assurance de prolongation de ces accords, je ne sais pas non plus sur qui je peux m\u2019appuyer pour l\u2019avenir. Il faut trouver 25 millions d\u2019euros. Si je ne trouve pas de partenaires, c\u2019est fini. On va vers une disparition de l\u2019\u00e9quipe\u00a0\u00bb, explique <strong>Hubert. <\/strong>\u00ab\u00a0C\u2019est de la tristesse, un sentiment d\u2019injustice et aussi de la frustration. Je fais ce m\u00e9tier depuis vingt ans, je connais le cyclisme sur le bout des doigts et j\u2019ai construit cette \u00e9quipe \u00e0 la force du poignet. On a souvent \u00e9t\u00e9 moqu\u00e9s, mais on n\u2019a jamais rien vol\u00e9\u00a0\u00bb, ajoute-t-il.<\/p>\n<p>&#13;<\/p>\n<p>\u00ab\u00a0Les coureurs ?\u00a0Ils savent tout. Je ne veux rien leur cacher. S\u2019ils ont une opportunit\u00e9 ailleurs, je leur dis de foncer. Je ne suis pas l\u00e0 pour les freiner, au contraire. Ils ne sont pas esclaves de l\u2019\u00e9quipe. On leur a propos\u00e9 un cadre de vie professionnel et humain tr\u00e8s qualitatif. Je veux qu\u2019ils aient le choix. M\u00eame si, en tant que manager, ce n\u2019est jamais simple de voir partir un coureur qu\u2019on a aid\u00e9 \u00e0 faire grandir\u00a0\u00bb, avoue-t-il. Il y a quand m\u00eame de l&rsquo;espoir puisqu&rsquo;<strong>Emmanuel Hubert <\/strong>est en discussion avec des partenaires, mais ce qu&rsquo;il attend,\u00a0\u00ab\u00a0ce sont des garanties\u00a0\u00bb.<\/p>\n","protected":false},"excerpt":{"rendered":"Sans garantie pour l\u2019avenir de son \u00e9quipe, Emmanuel Hubert, patron historique de la formation Ark\u00e9a-B&amp;B Hotels, est actuellement&hellip;\n","protected":false},"author":2,"featured_media":44418,"comment_status":"","ping_status":"","sticky":false,"template":"","format":"standard","meta":{"footnotes":""},"categories":[1411],"tags":[1154,207,211,1011,27,209,60,210,212,208,213],"class_list":{"0":"post-44417","1":"post","2":"type-post","3":"status-publish","4":"format-standard","5":"has-post-thumbnail","7":"category-cyclisme","8":"tag-cycling","9":"tag-cyclisme","10":"tag-ffc","11":"tag-fr","12":"tag-france","13":"tag-route","14":"tag-sports","15":"tag-tour-de-france","16":"tag-uci","17":"tag-velo","18":"tag-world-tour"},"share_on_mastodon":{"url":"https:\/\/pubeurope.com\/@fr\/114382637840859873","error":""},"_links":{"self":[{"href":"https:\/\/www.europesays.com\/fr\/wp-json\/wp\/v2\/posts\/44417","targetHints":{"allow":["GET"]}}],"collection":[{"href":"https:\/\/www.europesays.com\/fr\/wp-json\/wp\/v2\/posts"}],"about":[{"href":"https:\/\/www.europesays.com\/fr\/wp-json\/wp\/v2\/types\/post"}],"author":[{"embeddable":true,"href":"https:\/\/www.europesays.com\/fr\/wp-json\/wp\/v2\/users\/2"}],"replies":[{"embeddable":true,"href":"https:\/\/www.europesays.com\/fr\/wp-json\/wp\/v2\/comments?post=44417"}],"version-history":[{"count":0,"href":"https:\/\/www.europesays.com\/fr\/wp-json\/wp\/v2\/posts\/44417\/revisions"}],"wp:featuredmedia":[{"embeddable":true,"href":"https:\/\/www.europesays.com\/fr\/wp-json\/wp\/v2\/media\/44418"}],"wp:attachment":[{"href":"https:\/\/www.europesays.com\/fr\/wp-json\/wp\/v2\/media?parent=44417"}],"wp:term":[{"taxonomy":"category","embeddable":true,"href":"https:\/\/www.europesays.com\/fr\/wp-json\/wp\/v2\/categories?post=44417"},{"taxonomy":"post_tag","embeddable":true,"href":"https:\/\/www.europesays.com\/fr\/wp-json\/wp\/v2\/tags?post=44417"}],"curies":[{"name":"wp","href":"https:\/\/api.w.org\/{rel}","templated":true}]}}