{"id":444180,"date":"2025-10-07T02:49:19","date_gmt":"2025-10-07T02:49:19","guid":{"rendered":"https:\/\/www.europesays.com\/fr\/444180\/"},"modified":"2025-10-07T02:49:19","modified_gmt":"2025-10-07T02:49:19","slug":"stojkovic-senvole-pour-la-serbie","status":"publish","type":"post","link":"https:\/\/www.europesays.com\/fr\/444180\/","title":{"rendered":"Stojkovic s&rsquo;envole pour la Serbie !"},"content":{"rendered":"<p data-start=\"217\" data-end=\"444\"><strong data-start=\"217\" data-end=\"444\">Malgr\u00e9 un temps de jeu limit\u00e9 avec l\u2019AS Saint-\u00c9tienne, Strahinja Stojkovic a \u00e9t\u00e9 de nouveau appel\u00e9 avec la s\u00e9lection serbe U19. Une marque de confiance forte pour le jeune lat\u00e9ral droit, d\u00e9termin\u00e9 \u00e0 s\u2019imposer dans le Forez.<\/strong><\/p>\n<p data-start=\"489\" data-end=\"1202\">Arriv\u00e9 cet \u00e9t\u00e9 \u00e0 l\u2019ASSE, Strahinja Stojkovic (portrait <a href=\"https:\/\/peuple-vert.fr\/mercato\/stojkovic-nouvelle-recrue-asse-portrait\/\" target=\"_blank\" rel=\"noopener nofollow\">ici<\/a>) n\u2019a pour l\u2019instant disput\u00e9 que trois rencontres officielles. Le lat\u00e9ral droit serbe a d\u2019abord \u00e9t\u00e9 titularis\u00e9 avec la r\u00e9serve lors de la victoire des Verts face \u00e0 Cosne en National 3 (2-1) le 24 ao\u00fbt, pour un total de 62 minutes de jeu puis ce samedi \u00e0 Feurs (0-1) avec un match disput\u00e9 en int\u00e9gralit\u00e9. Il y a semaines plus tard, il a encha\u00een\u00e9 avec les U19 lors d\u2019une rencontre difficile contre l\u2019OM, perdue 3-1, o\u00f9 il a cette fois disput\u00e9 80 minutes.<\/p>\n<p data-start=\"489\" data-end=\"1202\">Malgr\u00e9 un rendement encore en rodage, le jeune d\u00e9fenseur de 18 ans doit se faire \u00e0 un nouvel environnement au contact du staff st\u00e9phanois. S\u2019il reste encore \u00e0 convaincre pour int\u00e9grer durablement le groupe professionnel, Stojkovic avance dans son processus d&rsquo;int\u00e9gration.<\/p>\n<p>Stojkovic conserve la confiance de Gordan Petric<\/p>\n<p data-start=\"1259\" data-end=\"1801\">Le s\u00e9lectionneur serbe des U19, <a href=\"https:\/\/fss.rs\/u19-selektor-gordan-petric-odabrao-omladince-za-dve-provere-protiv-rusije-poslednje-pred-start-u-kvalifikacijama-za-ep\/\" target=\"_blank\" rel=\"noopener nofollow\">Gordan Petric, a de nouveau appel\u00e9<\/a> Stojkovic pour une double confrontation amicale face \u00e0 la Russie. Les rencontres auront lieu \u00e0 Stara Pazova, le vendredi 10 octobre \u00e0 17h00 et le mardi 14 octobre \u00e0 midi.<\/p>\n<p data-start=\"1259\" data-end=\"1801\">Cette convocation illustre la confiance du staff national, qui voit en lui un \u00e9l\u00e9ment prometteur pour la future s\u00e9lection espoirs. Pour le joueur, c\u2019est l\u2019opportunit\u00e9 parfaite de gagner en rythme et de continuer \u00e0 progresser sur le plan international, malgr\u00e9 une situation encore floue \u00e0 Saint-\u00c9tienne.<\/p>\n<p>Une opportunit\u00e9 pour relancer sa dynamique \u00e0 l\u2019ASSE<\/p>\n<p data-start=\"1861\" data-end=\"2456\">Si Stojkovic peine \u00e0 trouver du temps de jeu dans le Forez, cette exp\u00e9rience internationale pourrait lui permettre de revenir avec un suppl\u00e9ment de confiance. Le staff st\u00e9phanois, attentif \u00e0 son \u00e9volution, esp\u00e8re qu\u2019il saura capitaliser sur ces rencontres pour franchir un cap physique et tactique.<br data-start=\"2159\" data-end=\"2162\"\/>\u00c0 moyen terme, le jeune Serbe pourrait bien devenir une alternative cr\u00e9dible \u00e0 la concurrence sur le couloir droit, poste o\u00f9 l\u2019ASSE cherche encore son \u00e9quilibre.<br data-start=\"2323\" data-end=\"2326\"\/>Sa progression sera suivie de pr\u00e8s par les supporters, toujours curieux de d\u00e9couvrir les nouvelles p\u00e9pites du centre de formation.<\/p>\n<p><a href=\"https:\/\/www.footcenter.fr\/fr\/maillots\/saint_etienne.html?utm_source=peuplevert&amp;utm_medium=affiliate&amp;ae=88\" rel=\"nofollow noopener\" target=\"_blank\"><img loading=\"lazy\" decoding=\"async\" class=\"aligncenter wp-image-166952 \" src=\"data:image\/svg+xml,%3Csvg%20xmlns=\" http:=\"\" alt=\"\" width=\"500\" height=\"281\" data-lazy-src=\"https:\/\/www.europesays.com\/fr\/wp-content\/uploads\/2025\/09\/PEUPLE10-maillots-ASSE-Peuple-vert-2025.webp.webp\"\/><\/a><\/p>\n","protected":false},"excerpt":{"rendered":"Malgr\u00e9 un temps de jeu limit\u00e9 avec l\u2019AS Saint-\u00c9tienne, Strahinja Stojkovic a \u00e9t\u00e9 de nouveau appel\u00e9 avec la&hellip;\n","protected":false},"author":2,"featured_media":444181,"comment_status":"","ping_status":"","sticky":false,"template":"","format":"standard","meta":{"footnotes":""},"categories":[9653],"tags":[1111,11,2430,1777,674,1011,27,12,25,4001],"class_list":{"0":"post-444180","1":"post","2":"type-post","3":"status-publish","4":"format-standard","5":"has-post-thumbnail","7":"category-saint-etienne","8":"tag-actu","9":"tag-actualites","10":"tag-auvergne-rhone-alpes","11":"tag-eu","12":"tag-europe","13":"tag-fr","14":"tag-france","15":"tag-news","16":"tag-republique-francaise","17":"tag-saint-etienne"},"share_on_mastodon":{"url":"https:\/\/pubeurope.com\/@fr\/115330610910632719","error":""},"_links":{"self":[{"href":"https:\/\/www.europesays.com\/fr\/wp-json\/wp\/v2\/posts\/444180","targetHints":{"allow":["GET"]}}],"collection":[{"href":"https:\/\/www.europesays.com\/fr\/wp-json\/wp\/v2\/posts"}],"about":[{"href":"https:\/\/www.europesays.com\/fr\/wp-json\/wp\/v2\/types\/post"}],"author":[{"embeddable":true,"href":"https:\/\/www.europesays.com\/fr\/wp-json\/wp\/v2\/users\/2"}],"replies":[{"embeddable":true,"href":"https:\/\/www.europesays.com\/fr\/wp-json\/wp\/v2\/comments?post=444180"}],"version-history":[{"count":0,"href":"https:\/\/www.europesays.com\/fr\/wp-json\/wp\/v2\/posts\/444180\/revisions"}],"wp:featuredmedia":[{"embeddable":true,"href":"https:\/\/www.europesays.com\/fr\/wp-json\/wp\/v2\/media\/444181"}],"wp:attachment":[{"href":"https:\/\/www.europesays.com\/fr\/wp-json\/wp\/v2\/media?parent=444180"}],"wp:term":[{"taxonomy":"category","embeddable":true,"href":"https:\/\/www.europesays.com\/fr\/wp-json\/wp\/v2\/categories?post=444180"},{"taxonomy":"post_tag","embeddable":true,"href":"https:\/\/www.europesays.com\/fr\/wp-json\/wp\/v2\/tags?post=444180"}],"curies":[{"name":"wp","href":"https:\/\/api.w.org\/{rel}","templated":true}]}}