{"id":444185,"date":"2025-10-07T02:52:12","date_gmt":"2025-10-07T02:52:12","guid":{"rendered":"https:\/\/www.europesays.com\/fr\/444185\/"},"modified":"2025-10-07T02:52:12","modified_gmt":"2025-10-07T02:52:12","slug":"jamais-le-deuxieme-soir-09-11-2025-toulon-2","status":"publish","type":"post","link":"https:\/\/www.europesays.com\/fr\/444185\/","title":{"rendered":"Jamais le deuxi\u00e8me soir &#8211; 09\/11\/2025 &#8211; Toulon"},"content":{"rendered":"<p><strong>La com\u00e9die de boulevard culte qui fait le tour de la France !<\/strong><\/p>\n<p>&#13;<\/p>\n<p>Apr\u00e8s avoir s\u00e9duit plus de 700 000 spectateurs, JAMAIS LE DEUXIEME SOIR revient en force pour une grande tourn\u00e9e dans toute la France ! V\u00e9ritable succ\u00e8s du th\u00e9\u00e2tre de boulevard, cette com\u00e9die hilarante et pleine de rebondissements a su conqu\u00e9rir un public toujours plus large. Traduit en quatre langues, ce spectacle incontournable, port\u00e9 par des personnages hauts en couleur et des situations irr\u00e9sistibles, promet de faire rire aux \u00e9clats toutes les g\u00e9n\u00e9rations. Ne manquez pas ce ph\u00e9nom\u00e8ne du th\u00e9\u00e2tre fran\u00e7ais, qui continue de faire vibrer les salles avec son \u00e9nergie et son humour intemporel !<\/p>\n<p>&#13;<\/p>\n<p>R\u00e9sum\u00e9 :\u00a0<\/p>\n<p>&#13;<\/p>\n<p>Quand les femmes font comme les hommes !<\/p>\n<p>&#13;<\/p>\n<p>Et si les femmes \u00e9taient le sexe fort ?<br \/>Et si les r\u00f4les \u00e9taient inverses ?<br \/>Et si elles ne croyaient plus au grand amour ?<br \/>Et si l\u2019homme id\u00e9al venait frapper \u00e0 leur porte ?<br \/>Et si elles voulaient consommer le premier soir ?<br \/>Et si l\u2019homme \u00e9tait plus romantique que la femme ?<\/p>\n<p>&#13;<\/p>\n<p>Quand la belle ne croit plus au prince charmant !<\/p>\n<p>&#13;<\/p>\n<p>\u00a0<\/p>\n<p>&#13;<\/p>\n<p><strong>Tarifs ( assis num\u00e9rot\u00e9 )<\/strong><br \/>Carr\u00e9 Or\u00a0: 37 \u20ac<br \/>Cat\u00e9gorie 1\u00a0: 33 \u20ac<br \/>Cat\u00e9gorie 2\u00a0: 27 \u20ac<br \/>Cat\u00e9gorie 3\u00a0: 23 \u20ac<\/p>\n<p>&#13;<\/p>\n<p>Personne en Fauteuil roulant\u00a0: 27 \u20ac \u2013 R\u00e9servations et renseignements aupr\u00e8s de Sophie ou Patricia au 04\u00a094\u00a022\u00a066\u00a077<\/p>\n<p>&#13;<\/p>\n<p><a href=\"https:\/\/zenith-toulon.com\/programmation\/jamais-le-deuxieme-soir\/\" target=\"_blank\" rel=\"nofollow noopener\">R\u00e9server<\/a><\/p>\n","protected":false},"excerpt":{"rendered":"La com\u00e9die de boulevard culte qui fait le tour de la France ! &#13; Apr\u00e8s avoir s\u00e9duit plus&hellip;\n","protected":false},"author":2,"featured_media":442767,"comment_status":"","ping_status":"","sticky":false,"template":"","format":"standard","meta":{"footnotes":""},"categories":[9619],"tags":[1111,11,1777,674,1011,27,12,882,25,2310],"class_list":{"0":"post-444185","1":"post","2":"type-post","3":"status-publish","4":"format-standard","5":"has-post-thumbnail","7":"category-toulon","8":"tag-actu","9":"tag-actualites","10":"tag-eu","11":"tag-europe","12":"tag-fr","13":"tag-france","14":"tag-news","15":"tag-provence-alpes-cote-dazur","16":"tag-republique-francaise","17":"tag-toulon"},"share_on_mastodon":{"url":"https:\/\/pubeurope.com\/@fr\/115330622651680724","error":""},"_links":{"self":[{"href":"https:\/\/www.europesays.com\/fr\/wp-json\/wp\/v2\/posts\/444185","targetHints":{"allow":["GET"]}}],"collection":[{"href":"https:\/\/www.europesays.com\/fr\/wp-json\/wp\/v2\/posts"}],"about":[{"href":"https:\/\/www.europesays.com\/fr\/wp-json\/wp\/v2\/types\/post"}],"author":[{"embeddable":true,"href":"https:\/\/www.europesays.com\/fr\/wp-json\/wp\/v2\/users\/2"}],"replies":[{"embeddable":true,"href":"https:\/\/www.europesays.com\/fr\/wp-json\/wp\/v2\/comments?post=444185"}],"version-history":[{"count":0,"href":"https:\/\/www.europesays.com\/fr\/wp-json\/wp\/v2\/posts\/444185\/revisions"}],"wp:featuredmedia":[{"embeddable":true,"href":"https:\/\/www.europesays.com\/fr\/wp-json\/wp\/v2\/media\/442767"}],"wp:attachment":[{"href":"https:\/\/www.europesays.com\/fr\/wp-json\/wp\/v2\/media?parent=444185"}],"wp:term":[{"taxonomy":"category","embeddable":true,"href":"https:\/\/www.europesays.com\/fr\/wp-json\/wp\/v2\/categories?post=444185"},{"taxonomy":"post_tag","embeddable":true,"href":"https:\/\/www.europesays.com\/fr\/wp-json\/wp\/v2\/tags?post=444185"}],"curies":[{"name":"wp","href":"https:\/\/api.w.org\/{rel}","templated":true}]}}