{"id":444186,"date":"2025-10-07T02:53:25","date_gmt":"2025-10-07T02:53:25","guid":{"rendered":"https:\/\/www.europesays.com\/fr\/444186\/"},"modified":"2025-10-07T02:53:25","modified_gmt":"2025-10-07T02:53:25","slug":"toulon-je-voulais-vivre-de-de-adelaide-de-clermont-tonnerre","status":"publish","type":"post","link":"https:\/\/www.europesays.com\/fr\/444186\/","title":{"rendered":"TOULON : \u00ab\u00a0Je voulais vivre\u00a0\u00bb, de De Ad\u00e9la\u00efde DE CLERMONT TONNERRE"},"content":{"rendered":"<p style=\"text-align: left;\"><strong>Vous \u00eates-vous d\u00e9j\u00e0 dit qu\u2019un classique faisait partie de votre vie ?<\/strong><\/p>\n<p style=\"text-align: left;\">Cette semaine dans La Grande Librairie, on les relit, nos classiques !<\/p>\n<p style=\"text-align: left;\">Retrouvez les livres de l\u2019\u00e9mission dans notre librairie !<\/p>\n<p style=\"text-align: left;\">De la puissance, Ad\u00e9la\u00efde de Clermont-Tonnerre en a \u00e0 revendre ! Lectrice enfi\u00e9vr\u00e9e des Trois Mousquetaires d\u2019Alexandre Dumas, elle s\u2019empare du personnage de Milady de Winter, ennemie jur\u00e9e de d\u2019Artagnan, lui donne voix et lui rend surtout justice ! Je voulais vivre, son nouveau roman, retrace le parcours d\u2019une h\u00e9ro\u00efne anim\u00e9e par une soif de libert\u00e9. Une d\u00e9mystification en r\u00e8gle de l\u2019arch\u00e9type de la femme s\u00e9ductrice et manipulatrice. Romanesque. \u00c9pique. Et diablement r\u00e9ussi. Que cachent donc nos l\u00e9gendes ?<\/p>\n<p style=\"text-align: left;\"><a href=\"https:\/\/t.communication.libraires-ensemble.com\/l2\/83a0xMrwa24\/358228\/4129938739.html?s=20\" rel=\"nofollow noopener\" target=\"_blank\">Commander sur le site<\/a><\/p>\n<p style=\"text-align: left;\"><strong>SOURCE : Librairie Charlemagne Toulon \u2013 La Grande Librairie du 1er octobre.<\/strong><\/p>\n","protected":false},"excerpt":{"rendered":"Vous \u00eates-vous d\u00e9j\u00e0 dit qu\u2019un classique faisait partie de votre vie ? Cette semaine dans La Grande Librairie,&hellip;\n","protected":false},"author":2,"featured_media":444187,"comment_status":"","ping_status":"","sticky":false,"template":"","format":"standard","meta":{"footnotes":""},"categories":[9619],"tags":[1111,11,1777,674,1011,27,12,882,25,2310],"class_list":{"0":"post-444186","1":"post","2":"type-post","3":"status-publish","4":"format-standard","5":"has-post-thumbnail","7":"category-toulon","8":"tag-actu","9":"tag-actualites","10":"tag-eu","11":"tag-europe","12":"tag-fr","13":"tag-france","14":"tag-news","15":"tag-provence-alpes-cote-dazur","16":"tag-republique-francaise","17":"tag-toulon"},"share_on_mastodon":{"url":"https:\/\/pubeurope.com\/@fr\/115330626588377008","error":""},"_links":{"self":[{"href":"https:\/\/www.europesays.com\/fr\/wp-json\/wp\/v2\/posts\/444186","targetHints":{"allow":["GET"]}}],"collection":[{"href":"https:\/\/www.europesays.com\/fr\/wp-json\/wp\/v2\/posts"}],"about":[{"href":"https:\/\/www.europesays.com\/fr\/wp-json\/wp\/v2\/types\/post"}],"author":[{"embeddable":true,"href":"https:\/\/www.europesays.com\/fr\/wp-json\/wp\/v2\/users\/2"}],"replies":[{"embeddable":true,"href":"https:\/\/www.europesays.com\/fr\/wp-json\/wp\/v2\/comments?post=444186"}],"version-history":[{"count":0,"href":"https:\/\/www.europesays.com\/fr\/wp-json\/wp\/v2\/posts\/444186\/revisions"}],"wp:featuredmedia":[{"embeddable":true,"href":"https:\/\/www.europesays.com\/fr\/wp-json\/wp\/v2\/media\/444187"}],"wp:attachment":[{"href":"https:\/\/www.europesays.com\/fr\/wp-json\/wp\/v2\/media?parent=444186"}],"wp:term":[{"taxonomy":"category","embeddable":true,"href":"https:\/\/www.europesays.com\/fr\/wp-json\/wp\/v2\/categories?post=444186"},{"taxonomy":"post_tag","embeddable":true,"href":"https:\/\/www.europesays.com\/fr\/wp-json\/wp\/v2\/tags?post=444186"}],"curies":[{"name":"wp","href":"https:\/\/api.w.org\/{rel}","templated":true}]}}