{"id":444194,"date":"2025-10-07T02:59:21","date_gmt":"2025-10-07T02:59:21","guid":{"rendered":"https:\/\/www.europesays.com\/fr\/444194\/"},"modified":"2025-10-07T02:59:21","modified_gmt":"2025-10-07T02:59:21","slug":"la-metropole-de-grenoble-recrute-ses-propres-thanatopracteurs","status":"publish","type":"post","link":"https:\/\/www.europesays.com\/fr\/444194\/","title":{"rendered":"la m\u00e9tropole de Grenoble recrute ses propres thanatopracteurs"},"content":{"rendered":"<p>\t\tChiffres-cl\u00e9s<\/p>\n<p class=\"title\">Tarif : prix d\u2019un soin de thanatopraxie (\u00e9galement appel\u00e9 soin de\u00a0conservation) : 299,80\u00a0\u20ac. La moyenne nationale se situe entre 200 et 450\u00a0\u20ac.<\/p>\n<p>&#13;<\/p>\n<p class=\"title\">Contact : Pompes fun\u00e8bres intercommunales, 04.76.54.43.43.<\/p>\n<p>\u00a0<\/p>\n<p><b>Grenoble Alpes m\u00e9tropole (449 508 habitants, 49 communes)<\/b><\/p>\n<p>A la m\u00e9tropole de Grenoble, les pompes fun\u00e8bres intercommunales (PFI) embauchent des thanatopracteurs en contrat \u00e0 dur\u00e9e ind\u00e9termin\u00e9e. Pourtant, m\u00eame dans cette branche \u00e0 la fibre publique, la norme veut que l\u2019on fasse appel, en g\u00e9n\u00e9ral, \u00e0 des ind\u00e9pendants. \u00ab\u00a0Au d\u00e9part, solliciter des thanatopracteurs internes \u00e9tait un choix fort pour la disponibilit\u00e9 et la r\u00e9activit\u00e9 au\u00a0service des familles\u00a0\u00bb, explique \u00adCl\u00e9ment Mulassano, charg\u00e9 de qualit\u00e9 aux PFI de la m\u00e9tropole \u00adgrenobloise, une soci\u00e9t\u00e9 d\u2019\u00e9conomie mixte depuis 1988, apr\u00e8s soixante-quatre\u00a0ans de fonctionnement en r\u00e9gie. \u00ab\u00a0Un thanatopracteur sur place peut \u201cv\u00e9rifier\u201d les d\u00e9funts tous les matins, et proc\u00e9der \u00e0 des retouches dans la foul\u00e9e, si besoin. Lorsqu\u2019on contacte des &#8230;<\/p>\n<p class=\"blocCut__title\">\n\t\t\t\t\t\t\t\t\t[80% reste \u00e0 lire]\n\t\t\t\t\t\t\t<\/p>\n<p class=\"blocCut__title--type2\">Article r\u00e9serv\u00e9 aux abonn\u00e9s<\/p>\n<p class=\"blocCut__title--type3\">Gazette des Communes<\/p>\n<p class=\"blocCut__title--type2\">VOUS N&rsquo;\u00eaTES PAS ABONN\u00e9 ?<\/p>\n<p class=\"blocCut__title--type4\">D\u00e9couvrez nos formules et acc\u00e9dez aux articles en illimit\u00e9<\/p>\n<p>\t\t\t\t\t\t\t\t<a href=\"https:\/\/www.abonnement.infopro-digital.com\/la-gazette-des-communes\/formule\/1111\/CTA-P\" target=\"_blank\" class=\"btn__full buttonTypeA buttonTypeA--1\" rel=\"noopener\">Je m\u2019abonne<\/a><\/p>\n","protected":false},"excerpt":{"rendered":"Chiffres-cl\u00e9s Tarif : prix d\u2019un soin de thanatopraxie (\u00e9galement appel\u00e9 soin de\u00a0conservation) : 299,80\u00a0\u20ac. La moyenne nationale se&hellip;\n","protected":false},"author":2,"featured_media":444195,"comment_status":"","ping_status":"","sticky":false,"template":"","format":"standard","meta":{"footnotes":""},"categories":[9566],"tags":[1111,47,11,2349,2430,1777,674,1011,27,23031,2731,16243,108,12,1306,25,57054],"class_list":{"0":"post-444194","1":"post","2":"type-post","3":"status-publish","4":"format-standard","5":"has-post-thumbnail","7":"category-grenoble","8":"tag-actu","9":"tag-actualite","10":"tag-actualites","11":"tag-articles-reserves","12":"tag-auvergne-rhone-alpes","13":"tag-eu","14":"tag-europe","15":"tag-fr","16":"tag-france","17":"tag-funeraire","18":"tag-grenoble","19":"tag-innovations-et-territoires","20":"tag-isere","21":"tag-news","22":"tag-regions","23":"tag-republique-francaise","24":"tag-sboucault"},"share_on_mastodon":{"url":"https:\/\/pubeurope.com\/@fr\/115330650166848659","error":""},"_links":{"self":[{"href":"https:\/\/www.europesays.com\/fr\/wp-json\/wp\/v2\/posts\/444194","targetHints":{"allow":["GET"]}}],"collection":[{"href":"https:\/\/www.europesays.com\/fr\/wp-json\/wp\/v2\/posts"}],"about":[{"href":"https:\/\/www.europesays.com\/fr\/wp-json\/wp\/v2\/types\/post"}],"author":[{"embeddable":true,"href":"https:\/\/www.europesays.com\/fr\/wp-json\/wp\/v2\/users\/2"}],"replies":[{"embeddable":true,"href":"https:\/\/www.europesays.com\/fr\/wp-json\/wp\/v2\/comments?post=444194"}],"version-history":[{"count":0,"href":"https:\/\/www.europesays.com\/fr\/wp-json\/wp\/v2\/posts\/444194\/revisions"}],"wp:featuredmedia":[{"embeddable":true,"href":"https:\/\/www.europesays.com\/fr\/wp-json\/wp\/v2\/media\/444195"}],"wp:attachment":[{"href":"https:\/\/www.europesays.com\/fr\/wp-json\/wp\/v2\/media?parent=444194"}],"wp:term":[{"taxonomy":"category","embeddable":true,"href":"https:\/\/www.europesays.com\/fr\/wp-json\/wp\/v2\/categories?post=444194"},{"taxonomy":"post_tag","embeddable":true,"href":"https:\/\/www.europesays.com\/fr\/wp-json\/wp\/v2\/tags?post=444194"}],"curies":[{"name":"wp","href":"https:\/\/api.w.org\/{rel}","templated":true}]}}