{"id":444198,"date":"2025-10-07T03:02:26","date_gmt":"2025-10-07T03:02:26","guid":{"rendered":"https:\/\/www.europesays.com\/fr\/444198\/"},"modified":"2025-10-07T03:02:26","modified_gmt":"2025-10-07T03:02:26","slug":"la-strasbourgeoise-fiona-mischel-serait-en-route-pour-athenes","status":"publish","type":"post","link":"https:\/\/www.europesays.com\/fr\/444198\/","title":{"rendered":"la Strasbourgeoise Fiona Mischel serait en route pour Ath\u00e8nes"},"content":{"rendered":"<p>Six jours sans nouvelles. \u00c0 Strasbourg, la s\u0153ur et la m\u00e8re de Fiona Mischel, la Strasbourgeoise de 34 ans qui faisait partie des \u00e9quipages de <a href=\"https:\/\/www.dna.fr\/defense-guerre-conflit\/2025\/09\/27\/une-strasbourgeoise-dans-la-flottille-pour-gaza-deux-deputes-ecrivent-au-premier-ministre\" target=\"_blank\" rel=\"nofollow noopener\">la\u00a0flottille pour Gaza<\/a> , n\u2019ont eu aucune nouvelle de cette derni\u00e8re depuis l\u2019arraisonnement des 51 navires de la flotte par l\u2019arm\u00e9e isra\u00e9lienne le 1er \u00a0octobre dernier. Sauveteuse en mer, Fiona avait rejoint l\u2019\u00e9quip\u00e9e solidaire car elle \u00ab\u00a0ne supportait plus l\u2019ampleur, la cruaut\u00e9 et la persistance de cette campagne g\u00e9nocidaire qui se d\u00e9roule sous nos yeux\u00a0\u00bb, avait-elle rappel\u00e9 peu de temps avant <a href=\"https:\/\/www.dna.fr\/defense-guerre-conflit\/2025\/10\/02\/a-bord-d-un-bateau-pour-gaza-la-strasbourgeoise-fiona-mischel-a-ete-arretee\" target=\"_blank\" rel=\"nofollow noopener\">l\u2019intervention des militaires isra\u00e9liens<\/a>.<\/p>\n<p>  Violence psychologique<\/p>\n<p>Depuis cette intervention, sa famille n\u2019a plus de nouvelles de Fiona. \u00ab\u00a0Ma m\u00e8re a \u00e9t\u00e9 contact\u00e9e par les services consulaires fran\u00e7ais qui nous ont avertis que Fiona allait, comme 25 autres ressortissants fran\u00e7ais, \u00eatre rapatri\u00e9e en avion jusqu\u2019\u00e0 Ath\u00e8nes.\u00a0Elle est cens\u00e9e y atterrir ce lundi en fin de journ\u00e9e\u00a0\u00bb, annonce la s\u0153ur de Fiona, Ad\u00e8le.<\/p>\n<p>De quoi les rassurer, elle et sa m\u00e8re\u00a0? \u00ab\u00a0Tant que je ne l\u2019aurai pas en ligne, je resterai inqui\u00e8te sur les r\u00e9percussions psychologiques de son emprisonnement, m\u00eame temporaire, au centre p\u00e9nitentiaire de Ketziot. Cette prison, la plus grande d\u2019Isra\u00ebl, a aliment\u00e9 de nombreux r\u00e9cits sur des manques de soins, des humiliations permanentes. Les t\u00e9moignages qui la concernent sont terribles au sujet de la violence psychologique qui y est employ\u00e9e. J\u2019attends par cons\u00e9quent de revoir ma s\u0153ur pour \u00eatre compl\u00e8tement rassur\u00e9e\u00a0\u00bb, insiste Ad\u00e8le.<\/p>\n","protected":false},"excerpt":{"rendered":"Six jours sans nouvelles. \u00c0 Strasbourg, la s\u0153ur et la m\u00e8re de Fiona Mischel, la Strasbourgeoise de 34&hellip;\n","protected":false},"author":2,"featured_media":444199,"comment_status":"","ping_status":"","sticky":false,"template":"","format":"standard","meta":{"footnotes":""},"categories":[2820],"tags":[1111,11,2389,1777,674,274,107,1011,27,775,12,25,104,640],"class_list":{"0":"post-444198","1":"post","2":"type-post","3":"status-publish","4":"format-standard","5":"has-post-thumbnail","7":"category-strasbourg","8":"tag-actu","9":"tag-actualites","10":"tag-alsace","11":"tag-eu","12":"tag-europe","13":"tag-faits-divers-justice","14":"tag-fil-info","15":"tag-fr","16":"tag-france","17":"tag-grand-est","18":"tag-news","19":"tag-republique-francaise","20":"tag-societe","21":"tag-strasbourg"},"share_on_mastodon":{"url":"https:\/\/pubeurope.com\/@fr\/115330662021187953","error":""},"_links":{"self":[{"href":"https:\/\/www.europesays.com\/fr\/wp-json\/wp\/v2\/posts\/444198","targetHints":{"allow":["GET"]}}],"collection":[{"href":"https:\/\/www.europesays.com\/fr\/wp-json\/wp\/v2\/posts"}],"about":[{"href":"https:\/\/www.europesays.com\/fr\/wp-json\/wp\/v2\/types\/post"}],"author":[{"embeddable":true,"href":"https:\/\/www.europesays.com\/fr\/wp-json\/wp\/v2\/users\/2"}],"replies":[{"embeddable":true,"href":"https:\/\/www.europesays.com\/fr\/wp-json\/wp\/v2\/comments?post=444198"}],"version-history":[{"count":0,"href":"https:\/\/www.europesays.com\/fr\/wp-json\/wp\/v2\/posts\/444198\/revisions"}],"wp:featuredmedia":[{"embeddable":true,"href":"https:\/\/www.europesays.com\/fr\/wp-json\/wp\/v2\/media\/444199"}],"wp:attachment":[{"href":"https:\/\/www.europesays.com\/fr\/wp-json\/wp\/v2\/media?parent=444198"}],"wp:term":[{"taxonomy":"category","embeddable":true,"href":"https:\/\/www.europesays.com\/fr\/wp-json\/wp\/v2\/categories?post=444198"},{"taxonomy":"post_tag","embeddable":true,"href":"https:\/\/www.europesays.com\/fr\/wp-json\/wp\/v2\/tags?post=444198"}],"curies":[{"name":"wp","href":"https:\/\/api.w.org\/{rel}","templated":true}]}}