{"id":444200,"date":"2025-10-07T03:03:22","date_gmt":"2025-10-07T03:03:22","guid":{"rendered":"https:\/\/www.europesays.com\/fr\/444200\/"},"modified":"2025-10-07T03:03:22","modified_gmt":"2025-10-07T03:03:22","slug":"au-racing-club-de-strasbourg-recit-dun-fiasco-a-la-meinau","status":"publish","type":"post","link":"https:\/\/www.europesays.com\/fr\/444200\/","title":{"rendered":"au Racing Club de Strasbourg, r\u00e9cit d&rsquo;un fiasco \u00e0 la Meinau"},"content":{"rendered":"<p><b>Alors que le Racing s\u2019est largement impos\u00e9 face \u00e0 Angers ce 5 octobre (5-0) et occupe la 3e place de la Ligue 1, la tribune Ouest a de nouveau \u00e9t\u00e9 le th\u00e9\u00e2tre de plusieurs \u00e9v\u00e9nements. En cause : le d\u00e9part d\u2019ultras durant le match sous les hu\u00e9es de la Meinau. Un d\u00e9part caus\u00e9 par l\u2019arrachage d\u2019une b\u00e2che \u00ab BlueCo OUT \u00bb durant la rencontre. Explications.\u00a0<\/b><\/p>\n<p class=\"p1\">Il y a encore une vingtaine d\u2019ann\u00e9es, on surnommait Strasbourg \u00ab le Marseille de l\u2019Est \u00bb. <b>Une r\u00e9f\u00e9rence \u00e0 l\u2019instabilit\u00e9 que connaissait le club, constamment embarqu\u00e9 dans la valse de ses dirigeants et entra\u00eeneurs, et avec un public frondeur<\/b>.<\/p>\n<p class=\"p1\">Depuis la reprise du club en CFA2, le calme, la rigueur et la stabilit\u00e9 \u00e9taient devenus les ma\u00eetres-mots d\u2019un Racing devenu un exemple. Mais chassez le naturel, il finira toujours par revenir au galop.<\/p>\n<p>                <a href=\"https:\/\/pokaa.fr\/2025\/09\/25\/racing-club-de-strasbourg-apres-14-ans-damour-pourquoi-ultras-et-direction-divorcent\/\" target=\"_blank\" rel=\"noopener\"><br \/>\n                    <img width=\"450\" height=\"270\" src=\"https:\/\/www.europesays.com\/fr\/wp-content\/uploads\/2025\/07\/img-8932-grande-450x270.jpeg\" class=\"attachment-card-horizontal--same-subject size-card-horizontal--same-subject wp-post-image\" alt=\"\" decoding=\"async\" loading=\"lazy\"\/>                <\/a><\/p>\n<p class=\"p1\">Car quel autre club pourrait d\u00e9cemment se targuer d\u2019\u00eatre 3e de Ligue 1, d\u2019\u00eatre en Europe, de viser les \u00e9toiles cette saison\u2026 et d\u2019\u00eatre autant embourb\u00e9 dans une crise ? Ni une crise sportive, ni une crise institutionnelle, mais bien une crise identitaire et politique. <b>Qui am\u00e8ne conf\u00e9rences de presse martiales, communiqu\u00e9s \u00e0 tout-va, sifflets<\/b> <b>et bras d\u2019honneur entre supporters\/rices et changements d\u2019ambiance tous les quatre matins<\/b>. Pas de doute, le Racing est unique en son genre.<\/p>\n<p class=\"p1\">Une nouvelle fois, ce n\u2019est donc pas le terrain qui a occup\u00e9 les discussions d\u2019apr\u00e8s-match, alors que le Racing venait pourtant tout juste de concasser un tr\u00e8s faible Angers 5-0. <b>\u00c0 la place, de nouveaux \u00e9v\u00e9nements en tribune Ouest, avec notamment l\u2019arrachage d\u2019une b\u00e2che \u00ab BlueCo OUT \u00bb et le d\u00e9part d\u2019une partie des ultras sous les hu\u00e9es de la Meinau<\/b>. Une situation qui vire \u00e0 l\u2019absurde et au grotesque, \u00e9cornant davantage la r\u00e9putation du club.<\/p>\n<p>    <img width=\"800\" height=\"600\" src=\"https:\/\/www.europesays.com\/fr\/wp-content\/uploads\/2025\/10\/img-1044-grande-800x600.jpeg\" class=\"attachment-image-size-L size-image-size-L\" alt=\"stade de la meinau tifo\" decoding=\"async\" loading=\"lazy\"  \/>         \u00a9 Nicolas Kaspar \/ Pokaa <\/p>\n<p>\u00c9v\u00e9nement n\u00b01 : une gr\u00e8ve de la deuxi\u00e8me mi-temps<\/p>\n<p class=\"p1\">Un peu moins de 3h avant le match, les associations vis\u00e9es par les sanctions d\u00e9cid\u00e9es par le club ont publi\u00e9 un nouveau communiqu\u00e9. <b>Dans celui-ci, elles d\u00e9plorent un dialogue rompu avec la direction, ainsi que les restrictions \u00e0 leur encontre<\/b>.<\/p>\n<p class=\"p1\">En r\u00e9ponse, elles annoncent un nouveau moyen de contestation : une premi\u00e8re mi-temps anim\u00e9e d\u00e8s l\u2019avant-match, et un silence total pour la deuxi\u00e8me p\u00e9riode, laissant l\u2019ambiance \u00e0 l\u2019initiative du club.<\/p>\n<p class=\"p1\">Un nouveau changement apr\u00e8s Paris FC [o\u00f9 les associations s\u2019\u00e9taient tues tout le match en r\u00e9ponse \u00e0 des contr\u00f4les d\u2019identit\u00e9 ill\u00e9gaux, ndlr], Marseille \u00e0 la Meinau [silence total pendant 90 minutes, ndlr] puis Bratislava [chants \u00e0 partir de la 15e minute, puisque b\u00e2chage accept\u00e9, ndlr]. <b>Une d\u00e9cision qui peut faire craindre, \u00e0 terme, un manque de lisibilit\u00e9 des actions des associations, mais qui a permis de remettre au go\u00fbt du jour quelque chose que le stade avait oubli\u00e9<\/b> : une ambiance d\u00e8s la 1e minute.<\/p>\n<p class=\"p1\">\u00c0 ce moment-l\u00e0, m\u00eame si ce n\u2019est pas l\u2019ambiance des grands soirs, une fragile union s\u2019empare de la Meinau. La tribune Sud suit le Kop, les chants sont organis\u00e9s et partent \u00e0 l\u2019unisson. <b>Sur le terrain,<\/b> <b>le Racing est largement au-dessus, finissant par percer le verrou angevin gr\u00e2ce \u00e0 Panichelli et une erreur de relance au pied du gardien adverse<\/b>. 1-0 \u00e0 la pause, une ambiance apais\u00e9e en tribunes, que demande le peuple ?<\/p>\n<p>    <img width=\"800\" height=\"600\" src=\"https:\/\/www.europesays.com\/fr\/wp-content\/uploads\/2025\/10\/img-1662-800x600.jpeg\" class=\"attachment-image-size-L size-image-size-L\" alt=\"meinau supporters racing\" decoding=\"async\" loading=\"lazy\"  \/>         \u00a9 Nicolas Kaspar \/ Pokaa <\/p>\n<p>\u00c9v\u00e9nement n\u00b02 : le d\u00e9part des ultras sous les hu\u00e9es de la Meinau<\/p>\n<p class=\"p1\">En 2e p\u00e9riode, forc\u00e9ment, changement d\u2019atmosph\u00e8re. Le silence s\u2019empare un peu plus de la Meinau, m\u00eame si, motiv\u00e9es par le score positif et le jeu strasbourgeois, diff\u00e9rentes tribunes donnent de la voix. <b>Les d\u00e9cibels montent m\u00eame en intensit\u00e9, alors que Panichelli, Ouattara et Godo alourdissent le score<\/b>. 4-0, l\u2019hymne du Racing monte timidement dans la tribune Ouest, quand soudain, alors que les paroles arrivent sur \u00ab Les Bleus et Blancs on est les rois\/et les Ultra Boys sont avec toi \u00bb, le Kop commence \u00e0 se vider.<\/p>\n<p class=\"p1\">Tr\u00e8s vite, l\u2019incompr\u00e9hension initiale laisse la place aux sifflets et hu\u00e9es du reste du stade. Situation incroyable une nouvelle fois : <b>\u00e9norme bronca dans le stade, alors que le Racing m\u00e8ne 4-0<\/b>. Et bient\u00f4t 5, puisqu\u2019un nouveau but de Godo fait \u00e0 nouveau se lever les foules. Alors que les d\u00e9parts du Kop continuent, des auf wiedersehen descendent des tribunes ; <b>une attitude de d\u00e9fiance et moqueuse, que la Meinau r\u00e9serve d\u2019habitude aux joueurs adverses recevant un carton rouge<\/b>. Sifflets et bras d\u2019honneur s\u2019ensuivent, dans l\u2019ambiance toxique qui caract\u00e9rise d\u00e9sormais le stade.<\/p>\n<p>    <img width=\"800\" height=\"600\" src=\"https:\/\/www.europesays.com\/fr\/wp-content\/uploads\/2025\/10\/img-1666-800x600.jpeg\" class=\"attachment-image-size-L size-image-size-L\" alt=\"meinau racing\" decoding=\"async\" loading=\"lazy\"  \/>         \u00a9 Nicolas Kaspar \/ Pokaa <\/p>\n<p class=\"p1\">La fin du match se poursuit par des encouragements et quelques chants des tribunes, heureuses du r\u00e9sultat. <b>Voire compl\u00e8tement gris\u00e9es par le succ\u00e8s, entonnant des \u00ab\u00a0ol\u00e9s\u00a0\u00bb chambreurs pour humilier un Angers \u00e0 terre, \u00e0 chaque passe des joueurs strasbourgeois<\/b>. Preuve suppl\u00e9mentaire que le leitmotiv du club, o\u00f9 le r\u00e9sultat passe avant toute chose, est bien int\u00e9gr\u00e9.<\/p>\n<p class=\"p1\">Entre temps, la situation inflammable en tribunes a \u00e9t\u00e9 exacerb\u00e9e par un m\u00e9dia local. Celui-ci publie une vid\u00e9o accusant en l\u00e9gende les UB 90 [alors que ce sont les assos en g\u00e9n\u00e9ral, ndlr] de quitter le stade alors que le reste de la Meinau f\u00eate le 5e but, sans jamais donner une explication sur la raison de ce d\u00e9part [ce qu\u2019ils expliquent pourtant dans un article publi\u00e9 juste avant la vid\u00e9o, ndlr]. <b>Car le d\u00e9part de membres d\u2019associations n\u2019est pas li\u00e9 au succ\u00e8s du Racing<\/b>\u00a0; il a \u00e9t\u00e9 caus\u00e9 par un \u00e9v\u00e9nement qui s\u2019est d\u00e9roul\u00e9 durant la deuxi\u00e8me mi-temps.<\/p>\n<p>    <img width=\"800\" height=\"600\" src=\"https:\/\/www.europesays.com\/fr\/wp-content\/uploads\/2025\/10\/img-1665-800x600.jpeg\" class=\"attachment-image-size-L size-image-size-L\" alt=\"meinau supporters racing\" decoding=\"async\" loading=\"lazy\"  \/>         \u00a9 Nicolas Kaspar \/ Pokaa <\/p>\n<p>\u00c9v\u00e9nement n\u00b03 : l\u2019arrachage d\u2019une b\u00e2che \u00ab\u00a0BlueCo OUT \u00bb<\/p>\n<p class=\"p1\">On pouvait \u00eatre surpris au d\u00e9but de la rencontre, en regardant vers les b\u00e2ches des associations, en remarquant qu\u2019une indiquait \u00ab BlueCo OUT \u00bb. <b>Une libert\u00e9 d\u2019expression peu appr\u00e9ci\u00e9e par la direction, mais qui a manifestement \u00e9t\u00e9 valid\u00e9e par les services de s\u00e9curit\u00e9<\/b>. Ce qui signifie qu\u2019elle respectait le nouveau r\u00e8glement int\u00e9rieur impos\u00e9 par la direction. Elle a ainsi \u00e9t\u00e9 affich\u00e9e sans probl\u00e8me, durant la premi\u00e8re mi-temps.<\/p>\n<p class=\"p1\"><b>Pourtant, en deuxi\u00e8me p\u00e9riode, des membres de la s\u00e9curit\u00e9 ont arrach\u00e9 cette m\u00eame b\u00e2che, ce qui a provoqu\u00e9 le d\u00e9part de membres des associations<\/b>, comme on peut le voir sur une vid\u00e9o publi\u00e9e le 6 octobre par les UB 90 et les autres associations.<\/p>\n<p>Une explication loin de toutes les accusations qu\u2019on a pu entendre dans les tribunes ou sur les r\u00e9seaux sociaux au moment du d\u00e9part. Ce, m\u00eame si l\u2019absence de son sur la vid\u00e9o emp\u00eache la compr\u00e9hension totale de ce qu\u2019il s\u2019est pass\u00e9, que ce soit avant l\u2019entr\u00e9e en tribunes ou lors de l\u2019arrachage de la b\u00e2che. De son c\u00f4t\u00e9, <a href=\"https:\/\/www.lequipe.fr\/Football\/Actualites\/-blueco-out-la-banderole-de-la-discorde-deployee-puis-retiree-lors-de-strasbourg-angers\/1599527\" target=\"_blank\" rel=\"noopener\">comme on l\u2019apprend dans L\u2019\u00c9quipe<\/a>,<b> le club plaide \u00ab l\u2019erreur des services de s\u00e9curit\u00e9 \u00bb, et insiste sur le fait qu\u2019il \u00ab a \u00e9chang\u00e9 avec les groupes de supporters pour que la banderole soit retir\u00e9e par eux-m\u00eames \u00bb.<\/b><\/p>\n<p>Conclusion : quelle triste image pour le Racing !<\/p>\n<p class=\"p1\">Avec cette nouvelle \u00e9tape franchie dans la grave crise identitaire que traverse le Racing, il peut rester diff\u00e9rentes choses : <b>d\u2019un c\u00f4t\u00e9, on peut se concentrer sur le sportif, avec un club strasbourgeois brillant, qui luttera \u00e0 coup s\u00fbr pour les plus hautes places europ\u00e9ennes<\/b>. On peut saliver quant aux futurs affrontements avec le PSG et Lyon, autant d\u2019\u00e9tapes suppl\u00e9mentaires dans la formation d\u2019un groupe destin\u00e9 \u00e0 de grandes choses.<\/p>\n<p>    <img width=\"800\" height=\"533\" src=\"https:\/\/www.europesays.com\/fr\/wp-content\/uploads\/2025\/10\/dsc02424-800x533.jpg\" class=\"attachment-image-size-L size-image-size-L\" alt=\"racing meinau\" decoding=\"async\" loading=\"lazy\"  \/>         \u00a9 Anthony Jilli \/ Pokaa <\/p>\n<p class=\"p1\">Mais avec tout ce qui se passe, la focale se d\u00e9place au-del\u00e0 du pur aspect sportif ; et l\u00e0, l\u2019image est moins reluisante : <b>des supporters\/rices qui huent les leurs, leur font des bras d\u2019honneur et leur jettent m\u00eame des gobelets, gris\u00e9(e)s par de bons r\u00e9sultats jusqu\u2019\u00e0 demander des interdictions de stade ou des expulsions<\/b>. Un club qui restreint le droit \u00e0 la libert\u00e9 d\u2019expression, dont la s\u00e9curit\u00e9 arrache des b\u00e2ches et dont l\u2019attitude interroge sur ce qu\u2019il souhaite faire de ces associations contestataires.<\/p>\n<p class=\"p1\">En d\u00e9finitive, il en ressort une amertume et un ras-le-bol g\u00e9n\u00e9ralis\u00e9 de ce surplace permanent, qui ne fait qu\u2019aggraver les choses. Malaise, ambiance toxique, crise\u2026 les qualificatifs s\u2019accumulent pour qualifier la situation strasbourgeoise.<b> Une bien triste image pour feu le club diff\u00e9rent, qui n\u2019arrivera jamais \u00e0 \u00eatre effac\u00e9e par les r\u00e9sultats, aussi bons soient-ils<\/b>.<\/p>\n<p>    <img width=\"800\" height=\"533\" src=\"https:\/\/www.europesays.com\/fr\/wp-content\/uploads\/2025\/10\/dsc02414-800x533.jpg\" class=\"attachment-image-size-L size-image-size-L\" alt=\"racing meinau\" decoding=\"async\" loading=\"lazy\"  \/>         \u00a9 Anthony Jilli \/ Pokaa <\/p>\n","protected":false},"excerpt":{"rendered":"Alors que le Racing s\u2019est largement impos\u00e9 face \u00e0 Angers ce 5 octobre (5-0) et occupe la 3e&hellip;\n","protected":false},"author":2,"featured_media":444201,"comment_status":"","ping_status":"","sticky":false,"template":"","format":"standard","meta":{"footnotes":""},"categories":[2820],"tags":[1111,11,1777,674,1011,27,775,25323,28128,12,8708,25,640,2336],"class_list":{"0":"post-444200","1":"post","2":"type-post","3":"status-publish","4":"format-standard","5":"has-post-thumbnail","7":"category-strasbourg","8":"tag-actu","9":"tag-actualites","10":"tag-eu","11":"tag-europe","12":"tag-fr","13":"tag-france","14":"tag-grand-est","15":"tag-marc-keller","16":"tag-meinau","17":"tag-news","18":"tag-racing-club-de-strasbourg","19":"tag-republique-francaise","20":"tag-strasbourg","21":"tag-ultras"},"share_on_mastodon":{"url":"https:\/\/pubeurope.com\/@fr\/115330666649495582","error":""},"_links":{"self":[{"href":"https:\/\/www.europesays.com\/fr\/wp-json\/wp\/v2\/posts\/444200","targetHints":{"allow":["GET"]}}],"collection":[{"href":"https:\/\/www.europesays.com\/fr\/wp-json\/wp\/v2\/posts"}],"about":[{"href":"https:\/\/www.europesays.com\/fr\/wp-json\/wp\/v2\/types\/post"}],"author":[{"embeddable":true,"href":"https:\/\/www.europesays.com\/fr\/wp-json\/wp\/v2\/users\/2"}],"replies":[{"embeddable":true,"href":"https:\/\/www.europesays.com\/fr\/wp-json\/wp\/v2\/comments?post=444200"}],"version-history":[{"count":0,"href":"https:\/\/www.europesays.com\/fr\/wp-json\/wp\/v2\/posts\/444200\/revisions"}],"wp:featuredmedia":[{"embeddable":true,"href":"https:\/\/www.europesays.com\/fr\/wp-json\/wp\/v2\/media\/444201"}],"wp:attachment":[{"href":"https:\/\/www.europesays.com\/fr\/wp-json\/wp\/v2\/media?parent=444200"}],"wp:term":[{"taxonomy":"category","embeddable":true,"href":"https:\/\/www.europesays.com\/fr\/wp-json\/wp\/v2\/categories?post=444200"},{"taxonomy":"post_tag","embeddable":true,"href":"https:\/\/www.europesays.com\/fr\/wp-json\/wp\/v2\/tags?post=444200"}],"curies":[{"name":"wp","href":"https:\/\/api.w.org\/{rel}","templated":true}]}}