{"id":444204,"date":"2025-10-07T03:05:15","date_gmt":"2025-10-07T03:05:15","guid":{"rendered":"https:\/\/www.europesays.com\/fr\/444204\/"},"modified":"2025-10-07T03:05:15","modified_gmt":"2025-10-07T03:05:15","slug":"la-fusillade-mortelle-aux-moulins-semble-traduire-une-volonte-de-terroriser-estime-le-procureur-de-nice","status":"publish","type":"post","link":"https:\/\/www.europesays.com\/fr\/444204\/","title":{"rendered":"La fusillade mortelle aux Moulins semble traduire \u00ab une volont\u00e9 de terroriser \u00bb, estime le procureur de Nice"},"content":{"rendered":"<p class=\"fs-5 \">\u00ab Terrorisme. \u00bb<\/p>\n<p class=\"fs-5 \">Le mot est l\u00e2ch\u00e9. Baskhan Magamadov, porte-parole d\u2019une communaut\u00e9 tch\u00e9tch\u00e8ne endeuill\u00e9e, n\u2019h\u00e9site pas \u00e0 l\u2019employer \u00e0 propos de <a href=\"https:\/\/www.nicematin.com\/faits-divers\/deux-morts-une-enquete-ouverte-des-renforts-attendus-ce-que-l-on-sait-sur-la-fusillade-qui-a-eclate-ce-vendredi-soir-a-nice-10650715\" rel=\"nofollow noopener\" target=\"_blank\">la fusillade qui a fait deux morts et cinq bless\u00e9s, vendredi soir \u00e0 Nice<\/a>. \u00ab Terroriser \u00bb, le procureur de la R\u00e9publique de Nice emploie lui-m\u00eame le terme, pour d\u00e9crire le mode d\u2019action qui a frapp\u00e9 de stupeur le quartier de Moulins.<\/p>\n<p class=\"fs-5 \">Interrog\u00e9 ce lundi matin sur RMC, Damien Martinelli \u00e9voque \u00ab une volont\u00e9 de terroriser et de faire obstacle au fonctionnement du point de deal, au travers de la crainte pour les consommateurs et tous les pr\u00e9sents. \u00bb Le patron du parquet ni\u00e7ois est un fin connaisseur de la criminalit\u00e9 organis\u00e9e : il g\u00e9rait ce p\u00f4le au parquet de Marseille.<\/p>\n<p class=\"fs-5 \">Ici, pas d\u2019ex\u00e9cution cibl\u00e9e. Les individus qui ont surgi avec un 3008 blanc ont manifestement \u00ab rafal\u00e9 \u00bb \u00e0 tout va, \u00e0 grands coups de Kalachnikov, semblant \u00ab viser indistinctement \u00bb. Pas moins de vingt-cinq douilles de calibre 7-62 mm ont \u00e9t\u00e9 retrouv\u00e9es sur place. Cinq douilles de 9 mm \u00e9galement.<\/p>\n<p class=\"fs-5 \">Omar (pr\u00e9nom d\u2019emprunt), un habitant des Moulins, a tout entendu. \u00ab Ce n\u2019\u00e9tait pas un pistolet. \u00e7a faisait ta-ta-ta-ta-ta. J\u2019ai rempli les poches de compresses. Et je suis descendu. \u00bb Omar a d\u00e9couvert plusieurs victimes au sol. \u00ab Le premier avait d\u00e9j\u00e0 un bandage, on s\u2019occupait de lui. Un autre homme \u00e9tait par terre. J\u2019ai vu que ce n\u2019\u00e9tait pas la peine&#8230; \u00bb, \u00e9lude-t-il en tentant de \u00ab ne pas y penser \u00bb.<\/p>\n<p>                                                                                Treize morts depuis d\u00e9but 2024<\/p>\n<p class=\"fs-5 \">Selon son r\u00e9cit, Omar porte alors secours \u00e0 un jeune assis. \u00ab Je me demandais : \u00ab Pourquoi il transpire ? Il fait bon&#8230; \u00bb L\u00e0, je soul\u00e8ve sa main. Il avait une balle, l\u00e0 \u00bb, dit-il en pointant son abdomen. \u00ab Heureusement qu\u2019il y avait les compresses. On l\u2019a compress\u00e9 jusqu\u2019\u00e0 ce que les sapeurs-pompiers arrivent, le temps que ce soit s\u00e9curis\u00e9. \u00bb<\/p>\n<p class=\"fs-5 \">Trois jours apr\u00e8s le drame, la vie a repris son cours aux Moulins. Apr\u00e8s le march\u00e9 du samedi, place \u00e0 l\u2019\u00e9cole. Les anciens du quartier ont repris leurs conversations au soleil. Certains commerces ont rouvert. D\u2019autres non. Le business de la drogue, lui, tente de repartir apr\u00e8s ce violent coup d\u2019arr\u00eat. Des voitures de police s\u00e9rigraphi\u00e9es sillonnent le quartier, en attendant le retour de la CRS 81, d\u00e9p\u00each\u00e9e \u00e0 Nice pour quelques jours encore.<\/p>\n<p class=\"fs-5 \">Pendant ce temps, les enqu\u00eateurs du SIPJ 06, cosaisis avec la DZPN 13, sont lanc\u00e9s dans une course contre la montre pour retrouver les assassins. Depuis samedi, c\u2019est la juridiction interr\u00e9gionale sp\u00e9cialis\u00e9e (Jirs) de Marseille qui pilote les investigations. Compte tenu de leur caract\u00e8re ultra sensible, <a href=\"https:\/\/www.nicematin.com\/faits-divers\/une-interpellation-a-marseille-ce-que-l-on-sait-au-surlendemain-de-la-fusillade-des-moulins-10650952\" rel=\"nofollow noopener\" target=\"_blank\">le parquet de Marseille se refuse \u00e0 ce stade \u00e0 toute communication<\/a>.<\/p>\n<p class=\"fs-5 \">Depuis d\u00e9but 2024, le bilan du narcotrafic dans les Alpes-Maritimes s\u2019av\u00e8re lourd. Tr\u00e8s lourd. Meurtre d\u2019un ado \u00e0 Grasse, incendie criminel tuant sept innocents aux Moulins (d\u00e9j\u00e0), r\u00e8glements de comptes faisant trois morts \u00e0 Nice-Est, et deux nouveaux morts \u00e0 Nice : ce fl\u00e9au a fait au moins treize victimes. <a href=\"https:\/\/www.nicematin.com\/loisirs\/il-est-mort-et-n-a-rien-a-voir-avec-le-narcotrafic-un-passant-probable-victime-collaterale-de-la-fusillade-des-moulins-10651035\" rel=\"nofollow noopener\" target=\"_blank\">Collat\u00e9rales pour la plupart.<\/a><\/p>\n","protected":false},"excerpt":{"rendered":"\u00ab Terrorisme. \u00bb Le mot est l\u00e2ch\u00e9. Baskhan Magamadov, porte-parole d\u2019une communaut\u00e9 tch\u00e9tch\u00e8ne endeuill\u00e9e, n\u2019h\u00e9site pas \u00e0 l\u2019employer&hellip;\n","protected":false},"author":2,"featured_media":444205,"comment_status":"","ping_status":"","sticky":false,"template":"","format":"standard","meta":{"footnotes":""},"categories":[2819],"tags":[1111,11,1777,674,1011,27,12,2401,882,25],"class_list":{"0":"post-444204","1":"post","2":"type-post","3":"status-publish","4":"format-standard","5":"has-post-thumbnail","7":"category-nice","8":"tag-actu","9":"tag-actualites","10":"tag-eu","11":"tag-europe","12":"tag-fr","13":"tag-france","14":"tag-news","15":"tag-nice","16":"tag-provence-alpes-cote-dazur","17":"tag-republique-francaise"},"share_on_mastodon":{"url":"https:\/\/pubeurope.com\/@fr\/115330673737291773","error":""},"_links":{"self":[{"href":"https:\/\/www.europesays.com\/fr\/wp-json\/wp\/v2\/posts\/444204","targetHints":{"allow":["GET"]}}],"collection":[{"href":"https:\/\/www.europesays.com\/fr\/wp-json\/wp\/v2\/posts"}],"about":[{"href":"https:\/\/www.europesays.com\/fr\/wp-json\/wp\/v2\/types\/post"}],"author":[{"embeddable":true,"href":"https:\/\/www.europesays.com\/fr\/wp-json\/wp\/v2\/users\/2"}],"replies":[{"embeddable":true,"href":"https:\/\/www.europesays.com\/fr\/wp-json\/wp\/v2\/comments?post=444204"}],"version-history":[{"count":0,"href":"https:\/\/www.europesays.com\/fr\/wp-json\/wp\/v2\/posts\/444204\/revisions"}],"wp:featuredmedia":[{"embeddable":true,"href":"https:\/\/www.europesays.com\/fr\/wp-json\/wp\/v2\/media\/444205"}],"wp:attachment":[{"href":"https:\/\/www.europesays.com\/fr\/wp-json\/wp\/v2\/media?parent=444204"}],"wp:term":[{"taxonomy":"category","embeddable":true,"href":"https:\/\/www.europesays.com\/fr\/wp-json\/wp\/v2\/categories?post=444204"},{"taxonomy":"post_tag","embeddable":true,"href":"https:\/\/www.europesays.com\/fr\/wp-json\/wp\/v2\/tags?post=444204"}],"curies":[{"name":"wp","href":"https:\/\/api.w.org\/{rel}","templated":true}]}}