{"id":444206,"date":"2025-10-07T03:07:14","date_gmt":"2025-10-07T03:07:14","guid":{"rendered":"https:\/\/www.europesays.com\/fr\/444206\/"},"modified":"2025-10-07T03:07:14","modified_gmt":"2025-10-07T03:07:14","slug":"que-faire-a-nantes-et-alentours-yessaya-sound-system-in-session-big-city-nantes","status":"publish","type":"post","link":"https:\/\/www.europesays.com\/fr\/444206\/","title":{"rendered":"Que faire \u00e0 Nantes et alentours ? \u2013 Yessaya Sound System in Session \u2013 Big City Nantes"},"content":{"rendered":"<p><img loading=\"lazy\" width=\"527\" height=\"264\" src=\"https:\/\/www.europesays.com\/fr\/wp-content\/uploads\/2025\/10\/Yessaya-Sound-System-527x264.jpg\" class=\"attachment-csco-thumbnail-uncropped size-csco-thumbnail-uncropped wp-post-image\" alt=\"Yessaya Sound System\" decoding=\"async\"  \/>\t<img loading=\"lazy\" width=\"1044\" height=\"522\" src=\"https:\/\/www.europesays.com\/fr\/wp-content\/uploads\/2025\/10\/Yessaya-Sound-System-1044x522.jpg\" class=\"attachment-csco-large-uncropped size-csco-large-uncropped wp-post-image\" alt=\"Yessaya Sound System\" decoding=\"async\"  \/>\t<\/p>\n<p>\nCr\u00e9dit : Yessaya Sound System\t<\/p>\n<p>Pour cette premi\u00e8re \u00e9dition <strong>le samedi 25 octobre de 19h30 \u00e0 1h30,<\/strong> le Yessaya Sound System vient installer 3 scoops \u00e0 Taproom Aerofab ! \u00c0 cette occasion, c\u2019est les copains de Youth Collective qui viendront partager la s\u00e9lection. Au programme de cette c\u00e9l\u00e9bration musicale : Heavyweight sound, s\u00e9lections aff\u00fbt\u00e9es, obscure roots, music with a message and dubplate shower.<\/p>\n","protected":false},"excerpt":{"rendered":"Cr\u00e9dit : Yessaya Sound System Pour cette premi\u00e8re \u00e9dition le samedi 25 octobre de 19h30 \u00e0 1h30, le&hellip;\n","protected":false},"author":2,"featured_media":444207,"comment_status":"","ping_status":"","sticky":false,"template":"","format":"standard","meta":{"footnotes":""},"categories":[2818],"tags":[1111,11,1777,674,1011,27,766,12,2636,25],"class_list":{"0":"post-444206","1":"post","2":"type-post","3":"status-publish","4":"format-standard","5":"has-post-thumbnail","7":"category-nantes","8":"tag-actu","9":"tag-actualites","10":"tag-eu","11":"tag-europe","12":"tag-fr","13":"tag-france","14":"tag-nantes","15":"tag-news","16":"tag-pays-de-la-loire","17":"tag-republique-francaise"},"share_on_mastodon":{"url":"https:\/\/pubeurope.com\/@fr\/115330681690450346","error":""},"_links":{"self":[{"href":"https:\/\/www.europesays.com\/fr\/wp-json\/wp\/v2\/posts\/444206","targetHints":{"allow":["GET"]}}],"collection":[{"href":"https:\/\/www.europesays.com\/fr\/wp-json\/wp\/v2\/posts"}],"about":[{"href":"https:\/\/www.europesays.com\/fr\/wp-json\/wp\/v2\/types\/post"}],"author":[{"embeddable":true,"href":"https:\/\/www.europesays.com\/fr\/wp-json\/wp\/v2\/users\/2"}],"replies":[{"embeddable":true,"href":"https:\/\/www.europesays.com\/fr\/wp-json\/wp\/v2\/comments?post=444206"}],"version-history":[{"count":0,"href":"https:\/\/www.europesays.com\/fr\/wp-json\/wp\/v2\/posts\/444206\/revisions"}],"wp:featuredmedia":[{"embeddable":true,"href":"https:\/\/www.europesays.com\/fr\/wp-json\/wp\/v2\/media\/444207"}],"wp:attachment":[{"href":"https:\/\/www.europesays.com\/fr\/wp-json\/wp\/v2\/media?parent=444206"}],"wp:term":[{"taxonomy":"category","embeddable":true,"href":"https:\/\/www.europesays.com\/fr\/wp-json\/wp\/v2\/categories?post=444206"},{"taxonomy":"post_tag","embeddable":true,"href":"https:\/\/www.europesays.com\/fr\/wp-json\/wp\/v2\/tags?post=444206"}],"curies":[{"name":"wp","href":"https:\/\/api.w.org\/{rel}","templated":true}]}}