{"id":444208,"date":"2025-10-07T03:08:17","date_gmt":"2025-10-07T03:08:17","guid":{"rendered":"https:\/\/www.europesays.com\/fr\/444208\/"},"modified":"2025-10-07T03:08:17","modified_gmt":"2025-10-07T03:08:17","slug":"octobre-rose-une-boutique-simone-a-bordeaux-ouvre-a-bordeaux-et-prone-la-resilience","status":"publish","type":"post","link":"https:\/\/www.europesays.com\/fr\/444208\/","title":{"rendered":"Octobre Rose : une boutique Simone \u00e0 Bordeaux ouvre&#8230; \u00e0 Bordeaux et pr\u00f4ne la r\u00e9silience"},"content":{"rendered":"\n<p>La date d&rsquo;ouverture un 1er octobre n&rsquo;avait pas \u00e9t\u00e9 choisie au hasard. C&rsquo;est au 17 rue du Temple, dans le centre-ville de Bordeaux, que la marque Simone \u00e0 Bordeaux a ouvert sa premi\u00e8re boutique en physique. Une ouverture un 1er octobre, d\u00e9but d&rsquo;Octobre Rose pour la lutte contre le cancer du sein. Car si la marque est aujourd&rsquo;hui vendue aux quatre coins de la France, c&rsquo;est, entre-autres, suite au combat men\u00e9 par Agn\u00e8s Tardy, la fondatrice de Simone \u00e0 Bordeaux, touch\u00e9e par deux cancers du sein.<\/p>\n<p>\u00a0<\/p>\n<p>Une cr\u00e9ation de bijoux fantaisies pour faire face au traitement de son cancer<\/p>\n<p>C&rsquo;est un peu apr\u00e8s son arriv\u00e9e en terre bordelaise avec son mari \u00c9ric, qu&rsquo;Agn\u00e8s Tardy apprend qu&rsquo;elle est atteinte d&rsquo;un cancer du sein. Pour s&rsquo;occuper pendant son traitement et sa convalescence, elle se met \u00e0 commander des perles et \u00e0 cr\u00e9er des bijoux faitaisies, principalement des bracelets \u00e0 destination de son entourage. Tr\u00e8s vite, ce dernier lui conseille de commercialiser ses cr\u00e9ations. C&rsquo;est comme \u00e7a qu&rsquo;en 2018, n\u00e9e Simone \u00e0 Bordeaux.<\/p>\n<p>Pourquoi Simone ? Parce que pendant son combat contre la maladie, Agn\u00e8s lit \u00ab\u00a0Une Vie\u00a0\u00bb de Simone Veil. Et le parcours de l&rsquo;ancienne femme politique mais surtout survivante des camps d&rsquo;extermination pendant la Seconde Guerre mondiale, la touche et lui donne la force de se battre contre ce cancer du sein.<\/p>\n<p>Tr\u00e8s vite, la marque d\u00e9colle. M\u00eame lors de l&rsquo;annonce d&rsquo;un nouveau cancer sur son deuxi\u00e8me sein, Agn\u00e8s a continu\u00e9 \u00e0 se battre pour sa marque. Aujourd&rsquo;hui, les bijoux sont vendus chez pas moins de 500 revendeurs en France et au Royaume-Uni. La marque a aussi int\u00e9gr\u00e9 pas moins de 20 collaborateurs.\u00a0<\/p>\n<p>\u00a0<\/p>\n<p>Promouvoir la r\u00e9silience<\/p>\n<p>Derri\u00e8re le bracelet, les boucles d&rsquo;oreilles et les bagues, Agn\u00e8s a voulu faire passer plusieurs messages : mettre de la couleur d&rsquo;abord dans la vie des femmes, de la force aussi et de la r\u00e9silience.<\/p>\n<p>Le but est aujourd&rsquo;hui de continuer \u00e0 ouvrir des boutiques au 1er octobre. Un pop-up devrait voir le jour \u00e0 Paris au printemps 2026, pour prendre la d\u00e9cision ensuite d&rsquo;une boutique en octobre 2026 dans la capitale.\u00a0<\/p>\n<p>Comme pour chaque Octobre Rose, une \u00e9dition capsule est propos\u00e9e en boutique. 100% des b\u00e9n\u00e9fices sont revers\u00e9s \u00e0 l&rsquo;institut Bergoni\u00e9. Jusqu&rsquo;\u00e0 maintenant, depuis sa cr\u00e9ation, 50 000 euros ont \u00e9t\u00e9 revers\u00e9s.<\/p>\n","protected":false},"excerpt":{"rendered":"La date d&rsquo;ouverture un 1er octobre n&rsquo;avait pas \u00e9t\u00e9 choisie au hasard. C&rsquo;est au 17 rue du Temple,&hellip;\n","protected":false},"author":2,"featured_media":444209,"comment_status":"","ping_status":"","sticky":false,"template":"","format":"standard","meta":{"footnotes":""},"categories":[2817],"tags":[1111,11,45251,945,57056,1997,2904,57057,9859,11898,1777,674,1011,27,2905,12,2219,54321,25,57055,39710],"class_list":{"0":"post-444208","1":"post","2":"type-post","3":"status-publish","4":"format-standard","5":"has-post-thumbnail","7":"category-bordeaux","8":"tag-actu","9":"tag-actualites","10":"tag-bague","11":"tag-bijou","12":"tag-bijoux-fantaisies","13":"tag-bordeaux","14":"tag-bordeaux-metropole","15":"tag-boucle-doreille","16":"tag-bracelet","17":"tag-centre-ville","18":"tag-eu","19":"tag-europe","20":"tag-fr","21":"tag-france","22":"tag-gironde","23":"tag-news","24":"tag-nouvelle-aquitaine","25":"tag-octobre-rose","26":"tag-republique-francaise","27":"tag-simone-a-bordeaux","28":"tag-simone-veil"},"share_on_mastodon":{"url":"https:\/\/pubeurope.com\/@fr\/115330685594329087","error":""},"_links":{"self":[{"href":"https:\/\/www.europesays.com\/fr\/wp-json\/wp\/v2\/posts\/444208","targetHints":{"allow":["GET"]}}],"collection":[{"href":"https:\/\/www.europesays.com\/fr\/wp-json\/wp\/v2\/posts"}],"about":[{"href":"https:\/\/www.europesays.com\/fr\/wp-json\/wp\/v2\/types\/post"}],"author":[{"embeddable":true,"href":"https:\/\/www.europesays.com\/fr\/wp-json\/wp\/v2\/users\/2"}],"replies":[{"embeddable":true,"href":"https:\/\/www.europesays.com\/fr\/wp-json\/wp\/v2\/comments?post=444208"}],"version-history":[{"count":0,"href":"https:\/\/www.europesays.com\/fr\/wp-json\/wp\/v2\/posts\/444208\/revisions"}],"wp:featuredmedia":[{"embeddable":true,"href":"https:\/\/www.europesays.com\/fr\/wp-json\/wp\/v2\/media\/444209"}],"wp:attachment":[{"href":"https:\/\/www.europesays.com\/fr\/wp-json\/wp\/v2\/media?parent=444208"}],"wp:term":[{"taxonomy":"category","embeddable":true,"href":"https:\/\/www.europesays.com\/fr\/wp-json\/wp\/v2\/categories?post=444208"},{"taxonomy":"post_tag","embeddable":true,"href":"https:\/\/www.europesays.com\/fr\/wp-json\/wp\/v2\/tags?post=444208"}],"curies":[{"name":"wp","href":"https:\/\/api.w.org\/{rel}","templated":true}]}}