{"id":44421,"date":"2025-04-22T16:50:17","date_gmt":"2025-04-22T16:50:17","guid":{"rendered":"https:\/\/www.europesays.com\/fr\/44421\/"},"modified":"2025-04-22T16:50:17","modified_gmt":"2025-04-22T16:50:17","slug":"fay-sur-lignon-une-exposition-photos-a-ciel-ouvert-sur-les-paysans-du-plateau-a-voir-sur-le-foirail","status":"publish","type":"post","link":"https:\/\/www.europesays.com\/fr\/44421\/","title":{"rendered":"Fay-sur-Lignon : une exposition photos \u00e0 ciel ouvert sur les paysans du Plateau \u00e0 voir sur le foirail"},"content":{"rendered":"<p>\t\t\t\t\t\t\t\t\t\t\t\t\t\t\t\t\t\t\t\t\t\t\t\t\t\t\t\t\t\t\t\t\t\t\t\t\t\t\t\t\t\t\t\t\t\t\t\t\t\t\t\t\t\t\t\t\t\t\t\t\t\t\t<a href=\"https:\/\/www.lacommere43.fr\/component\/banners\/click\/1755.html\" target=\"_blank\" title=\"Tence Rural Master avril 2025\" rel=\"nofollow noopener\"><br \/>\n\t\t\t\t\t\t\t<img decoding=\"async\" src=\"https:\/\/www.europesays.com\/fr\/wp-content\/uploads\/2025\/04\/rural2025-2.gif\" alt=\"Tence Rural Master avril 2025\"\/><br \/>\n\t\t\t\t\t\t<\/a><\/p>\n<p>\t\t\t\t\t\t\t\t\t\t\t\t\t\t\t\t\t\t\t\t\t\t\t\t\t\t\t\t\t\t\t\t\t\t\t\t\t\t\t\t\t\t\t\t\t\t\t\t\t\t\t\t\t\t\t\t\t\t\t\t\t\t\t<a href=\"https:\/\/www.lacommere43.fr\/component\/banners\/click\/1765.html\" target=\"_blank\" title=\"HPV vacances avril 2025\" rel=\"nofollow noopener\"><br \/>\n\t\t\t\t\t\t\t<img decoding=\"async\" src=\"https:\/\/www.europesays.com\/fr\/wp-content\/uploads\/2025\/04\/encart-la_commere-printemps.gif\" alt=\"HPV vacances avril 2025\"\/><br \/>\n\t\t\t\t\t\t<\/a><\/p>\n<p><strong>La place du foirail de Fay-sur-Lignon est transform\u00e9e en salle d&rsquo;exposition \u00e0 ciel ouvert avec une judicieuse utilisation d&rsquo;un parc de contention pour accrocher une s\u00e9rie de photos de paysans du Plateau r\u00e9alis\u00e9e par l&rsquo;artiste Lena Durr<\/strong><\/p>\n<p>Des photos de paysans acroch\u00e9s aux barri\u00e8res m\u00e9talliques d&rsquo;un parc de contention habituellement destin\u00e9 \u00e0 contenir les animaux de ferme. Voil\u00e0 l&rsquo;id\u00e9e ing\u00e9nieuse qui permet d&rsquo;accueillir cette exposition, fruit de plusieurs mois d&rsquo;une r\u00e9sidence artistique nourrie au coeur de l&rsquo;hiver.<\/p>\n<p><strong>Elle s&rsquo;est plong\u00e9e dans la vie de paysans<\/strong><\/p>\n<p>A travers un appel \u00e0 projets de la R\u00e9gion, l&rsquo;association Caravelle a re\u00e7u 38 candidatures. Dix ont \u00e9t\u00e9 s\u00e9lectionn\u00e9es et trois auditionn\u00e9es. Lena Durr a convaincu le jury de lui faire confiance dans la mise en avant du patrimoine agricole. Originaire du Var, elle est all\u00e9e \u00e0 la rencontre de paysans, au gr\u00e9 des conseils, des rencontres et du bouche-\u00e0-oreille. Elle les a \u00e9cout\u00e9s, elle les a questionn\u00e9s, elle est rentr\u00e9e dans leur intimit\u00e9, leur vie quotidienne, s&rsquo;est int\u00e9ress\u00e9e \u00e0 la relation qu&rsquo;il nous avec ce territoire, aux animaux, \u00e0 l&rsquo;id\u00e9e de la transmission qui revient souvent. Il en ressort une s\u00e9rie de 15 portraits et 37 photos de d\u00e9tails. \u00ab\u00a0J&rsquo;ai m\u00eame aid\u00e9, \u00e0 ramasser des carottes, \u00e0 conduire un tracteur, \u00e0 soigner un agneau\u00a0\u00bb, raconte l&rsquo;artiste qui s&rsquo;est plong\u00e9e dans un territoire inconnue. \u00ab\u00a0Les gens d&rsquo;ici ressemblent finalement \u00e0 ce territoire, au climat en hiver. Ils peuvent para\u00eetre rustres, rudes. Quand on apprend \u00e0 les conna\u00eetre, ils sont d&rsquo;une infinie gentillesse.\u00a0\u00bb<\/p>\n<p><strong>Ce foirail qui revit chaque 20 octobre<\/strong><\/p>\n<p>Cette exposition en acc\u00e8s libre et \u00e0 ciel ouvert a g\u00e9n\u00e9r\u00e9 une installation hors du commun. Mais qui finalement colle parfaitement au sujet et permet au visiteur de s&rsquo;immerger devant ces grandes photos qui racontent ces fermes \u00e0 taille humaine qui animent encore le territoire et les paysages.<\/p>\n<p>Et le symbole \u00e9tait encore l\u00e0 ce mardi pour le vernissage sur cette place noire de monde chaque 20 octobre, soit 6 mois avant ou apr\u00e8s le vernissage, quand la foire aux chevaux inonde ce grand foirail de bitume.<\/p>\n<p><strong>Visible jusqu&rsquo;au 1er juin<\/strong><\/p>\n<p>L&rsquo;exposition \u00ab\u00a0Sur un plateau\u00a0\u00bb est visible gratuitement, jusqu&rsquo;au 1er juin. Des m\u00e9diatrices proposent des visites accompagn\u00e9es gratuites les week-ends : \u00e0 15 heures ou 16 h 30 les 27 avril, 4, 10, 18, 24, 31 mai et 1er juin ; et le 30 avril, jour de march\u00e9, \u00e0 10 heures et 11 h 30<\/p>\n<p>A l&rsquo;office de tourisme, un diaporama sonore pr\u00e9sentera une journ\u00e9e de Lena dans une ferme du plateau et un journal de la r\u00e9sidence est mis \u00e0 disposition.<\/p>\n","protected":false},"excerpt":{"rendered":"La place du foirail de Fay-sur-Lignon est transform\u00e9e en salle d&rsquo;exposition \u00e0 ciel ouvert avec une judicieuse utilisation&hellip;\n","protected":false},"author":2,"featured_media":44422,"comment_status":"","ping_status":"","sticky":false,"template":"","format":"standard","meta":{"footnotes":""},"categories":[1358],"tags":[2281,1348,1384,1385,1386,58,59,2282,1011,27,2280,2284,2285,2283],"class_list":{"0":"post-44421","1":"post","2":"type-post","3":"status-publish","4":"format-standard","5":"has-post-thumbnail","7":"category-arts-et-design","8":"tag-actualite-43","9":"tag-arts","10":"tag-arts-and-design","11":"tag-arts-et-design","12":"tag-design","13":"tag-divertissement","14":"tag-entertainment","15":"tag-faits-divers-auvergne","16":"tag-fr","17":"tag-france","18":"tag-information-haute-loire","19":"tag-infos-43","20":"tag-journal-haute-loire","21":"tag-la-commere-43"},"share_on_mastodon":{"url":"https:\/\/pubeurope.com\/@fr\/114382649671274976","error":""},"_links":{"self":[{"href":"https:\/\/www.europesays.com\/fr\/wp-json\/wp\/v2\/posts\/44421","targetHints":{"allow":["GET"]}}],"collection":[{"href":"https:\/\/www.europesays.com\/fr\/wp-json\/wp\/v2\/posts"}],"about":[{"href":"https:\/\/www.europesays.com\/fr\/wp-json\/wp\/v2\/types\/post"}],"author":[{"embeddable":true,"href":"https:\/\/www.europesays.com\/fr\/wp-json\/wp\/v2\/users\/2"}],"replies":[{"embeddable":true,"href":"https:\/\/www.europesays.com\/fr\/wp-json\/wp\/v2\/comments?post=44421"}],"version-history":[{"count":0,"href":"https:\/\/www.europesays.com\/fr\/wp-json\/wp\/v2\/posts\/44421\/revisions"}],"wp:featuredmedia":[{"embeddable":true,"href":"https:\/\/www.europesays.com\/fr\/wp-json\/wp\/v2\/media\/44422"}],"wp:attachment":[{"href":"https:\/\/www.europesays.com\/fr\/wp-json\/wp\/v2\/media?parent=44421"}],"wp:term":[{"taxonomy":"category","embeddable":true,"href":"https:\/\/www.europesays.com\/fr\/wp-json\/wp\/v2\/categories?post=44421"},{"taxonomy":"post_tag","embeddable":true,"href":"https:\/\/www.europesays.com\/fr\/wp-json\/wp\/v2\/tags?post=44421"}],"curies":[{"name":"wp","href":"https:\/\/api.w.org\/{rel}","templated":true}]}}