{"id":444214,"date":"2025-10-07T03:11:17","date_gmt":"2025-10-07T03:11:17","guid":{"rendered":"https:\/\/www.europesays.com\/fr\/444214\/"},"modified":"2025-10-07T03:11:17","modified_gmt":"2025-10-07T03:11:17","slug":"saint-cyprien-victor-hugo-les-nocturnes-des-marches-reviennent-enfin-a-toulouse-apres-la-pause-estivale","status":"publish","type":"post","link":"https:\/\/www.europesays.com\/fr\/444214\/","title":{"rendered":"Saint-Cyprien, Victor Hugo\u00a0: les nocturnes des march\u00e9s reviennent enfin \u00e0 Toulouse apr\u00e8s la pause estivale"},"content":{"rendered":"<p>\n                                                                    l&rsquo;essentiel<br \/>\n                                                                Le march\u00e9 nocturne de Saint-Cyprien revient ce jeudi apr\u00e8s son report, promettant une soir\u00e9e anim\u00e9e et gourmande pour tous les habitants. Et place Victor Hugo, la date est fix\u00e9e au 15\u00a0octobre.\n                            <\/p>\n<p>Lorsqu\u2019un \u00e9v\u00e9nement est annul\u00e9, on dit souvent\u00a0: \u00ab\u00a0Ce n\u2019est que partie remise\u00a0!\u00a0\u00bb Ce\u00a0sera bien le cas pour le\u00a0march\u00e9 nocturne de Saint-Cyprien. Il devait se tenir le\u00a018\u00a0septembre, mais en raison d\u2019un mouvement de gr\u00e8ve, les organisateurs ont pr\u00e9f\u00e9r\u00e9 le reporter. Une nouvelle date a \u00e9t\u00e9 fix\u00e9e pour cette nocturne de rentr\u00e9e\u00a0: ce sera le 9\u00a0octobre, soit ce jeudi.<\/p>\n<p>        <img decoding=\"async\" class=\"std-img__img responsive-img\" src=\"https:\/\/www.europesays.com\/fr\/wp-content\/uploads\/2025\/10\/1759806677_308_image.jpg\" alt=\"\u00c0 chaque \u00e9dition, les nocturnes de Saint-Cyprien attirent plusieurs milliers de personnes.\"\/><\/p>\n<p>                \u00c0 chaque \u00e9dition, les nocturnes de Saint-Cyprien attirent plusieurs milliers de personnes.<br \/>\n                                    DDM &#8211; Fr\u00e9d\u00e9ric Charmeux<\/p>\n<p class=\"std-elt__inline\">\n        <strong>\u00c0 lire aussi :<\/strong><br \/>\n        <a href=\"https:\/\/www.ladepeche.fr\/2025\/10\/06\/inscrivez-pour-une-balade-nocturne-le-11-octobre-12974140.php\" rel=\"nofollow noopener\" target=\"_blank\">Inscrivez pour une balade nocturne le 11 octobre<\/a>\n    <\/p>\n<p>Comme lors des pr\u00e9c\u00e9dentes \u00e9ditions, le quartier Saint-Cyprien s\u2019animera \u00e0\u00a0partir de 18h et jusqu\u2019\u00e0 23h. Dix-sept\u00a0commer\u00e7ants de la Halle (soit plus de la moiti\u00e9), ainsi que\u00a028\u00a0stands animeront la place pour offrir aux visiteurs une soir\u00e9e conviviale et gourmande\u00a0: charcuteries, poissonneries, volaillers, cr\u00e9meries, boucheries, mais aussi\u00a0buvettes et animation musicale assur\u00e9e par un DJ.<\/p>\n<p class=\"std-elt__inline\">\n        <strong>\u00c0 lire aussi :<\/strong><br \/>\n        <a href=\"https:\/\/www.ladepeche.fr\/2025\/10\/06\/pourquoi-la-nuit-des-chercheurs-qui-devait-se-tenir-a-toulouse-a-ete-annulee-a-la-derniere-minute-12974919.php\" rel=\"nofollow noopener\" target=\"_blank\">Pourquoi \u00ab\u00a0La Nuit des Chercheurs\u00a0\u00bb, qui devait se tenir \u00e0 Toulouse, a \u00e9t\u00e9 annul\u00e9e \u00e0 la derni\u00e8re minute\u00a0?<\/a>\n    <\/p>\n<p>La \u00ab\u00a0probl\u00e9matique\u00a0\u00bb des manifs<\/p>\n<p>Comme d\u2019habitude, des tables seront install\u00e9es tout autour du march\u00e9 pour pouvoir consommer confortablement.\u00a0\u00ab\u00a0C\u2019est une nocturne de quartier, familiale, \u00e7a se passe toujours super bien, dans un esprit\u00a0bon enfant\u00a0\u00bb, lance\u00a0Alain Pignol, pr\u00e9sident de l\u2019association des Halles de Saint-Cyprien.\u00a0Les visiteurs pourront \u00e9changer directement avec les producteurs dans un lieu unique\u00a0: la halle couverte a conserv\u00e9 son \u00e9tat d\u2019origine, ce qui lui conf\u00e8re une atmosph\u00e8re authentique et populaire.<\/p>\n<blockquote data-instgrm-captioned=\"\" data-instgrm-permalink=\"https:\/\/www.instagram.com\/p\/DOrEZYmiM5b\/?utm_source=ig_embed&amp;utm_campaign=loading\" data-instgrm-version=\"14\" style=\" background:#FFF; border:0; border-radius:3px; box-shadow:0 0 1px 0 rgba(0,0,0,0.5),0 1px 10px 0 rgba(0,0,0,0.15); margin: 1px; max-width:540px; min-width:326px; padding:0; width:99.375%; width:-webkit-calc(100% - 2px); width:calc(100% - 2px);\" data-class=\"instagram-media\"\/>\n<p>\u00ab\u00a0On devrait avoir une m\u00e9t\u00e9o favorable\u00a0\u00bb, se r\u00e9jouit le pr\u00e9sident\u00a0\u00e0 l\u2019approche de l\u2019\u00e9v\u00e9nement, apr\u00e8s avoir essuy\u00e9 l\u2019annulation.\u00a0\u00ab\u00a0C\u2019est toujours compliqu\u00e9 de reporter une nocturne, car on s\u00e8me le doute aupr\u00e8s des gens sur la date, \u00e7a ne joue pas en notre faveur, confie-t-il.\u00a0Et en plus, on pr\u00e9voit de la nourriture en cons\u00e9quence, donc quand c\u2019est\u00a0annul\u00e9 \u00e0 la\u00a0derni\u00e8re minute, c\u2019est\u00a0perdu.\u00a0\u00bb<\/p>\n<p class=\"std-elt__inline\">\n        <strong>\u00c0 lire aussi :<\/strong><br \/>\n        <a href=\"https:\/\/www.ladepeche.fr\/2025\/10\/06\/fete-de-la-science-bagneres-de-bigorre-accueille-le-village-des-sciences-12974217.php\" rel=\"nofollow noopener\" target=\"_blank\">F\u00eate de la science\u00a0: Bagn\u00e8res-de-Bigorre accueille le village des sciences<\/a>\n    <\/p>\n<p>\u00c0 Victor Hugo quelques jours plus tard<\/p>\n<p>Il tient malgr\u00e9 tout \u00e0 prendre des pr\u00e9cautions\u00a0: \u00ab\u00a0J\u2019attends encore des r\u00e9ponses pour \u00eatre certains qu\u2019il n\u2019y ait pas de mobilisations ce jeudi. Puisque Saint-Cyprien\u00a0est sur le parcours des manifestants, on fait toujours face \u00e0 cette probl\u00e9matique. D\u2019ailleurs, \u00e7a serait bien que le parcours change\u00a0\u00bb, plaisante-t-il.<\/p>\n<blockquote data-instgrm-captioned=\"\" data-instgrm-permalink=\"https:\/\/www.instagram.com\/p\/DPQtcmEjKFo\/?utm_source=ig_embed&amp;utm_campaign=loading\" data-instgrm-version=\"14\" style=\" background:#FFF; border:0; border-radius:3px; box-shadow:0 0 1px 0 rgba(0,0,0,0.5),0 1px 10px 0 rgba(0,0,0,0.15); margin: 1px; max-width:540px; min-width:326px; padding:0; width:99.375%; width:-webkit-calc(100% - 2px); width:calc(100% - 2px);\" data-class=\"instagram-media\"\/>\n<p>Et il faudra attendre seulement quelques jours, moins d\u2019une semaine, pour profiter de l\u2019autre march\u00e9 nocturne de la Ville rose. Le march\u00e9 Victor Hugo se transformera en haut lieu de la f\u00eate toulousaine, mercredi 15\u00a0octobre, de 18h30 \u00e0 22h30. Au programme de cette 34e \u00e9dition\u00a0: de la\u00a0musique live et\u00a0de quoi\u00a0se restaurer, comme \u00e0 Saint-Cyprien. \u00ab\u00a0Une nocturne traditionnelle pour accueillir l\u2019automne et lancer la saison\u00a0\u00bb, indiquent les organisateurs.<\/p>\n<p>                                                                                                                                                                                                        <script async src=\"\/\/www.instagram.com\/embed.js\"><\/script><\/p>\n","protected":false},"excerpt":{"rendered":"l&rsquo;essentiel Le march\u00e9 nocturne de Saint-Cyprien revient ce jeudi apr\u00e8s son report, promettant une soir\u00e9e anim\u00e9e et gourmande&hellip;\n","protected":false},"author":2,"featured_media":444215,"comment_status":"","ping_status":"","sticky":false,"template":"","format":"standard","meta":{"footnotes":""},"categories":[2816],"tags":[1111,11,1777,674,1011,27,12,2680,25,2312],"class_list":{"0":"post-444214","1":"post","2":"type-post","3":"status-publish","4":"format-standard","5":"has-post-thumbnail","7":"category-toulouse","8":"tag-actu","9":"tag-actualites","10":"tag-eu","11":"tag-europe","12":"tag-fr","13":"tag-france","14":"tag-news","15":"tag-occitanie","16":"tag-republique-francaise","17":"tag-toulouse"},"share_on_mastodon":{"url":"https:\/\/pubeurope.com\/@fr\/115330697843121630","error":""},"_links":{"self":[{"href":"https:\/\/www.europesays.com\/fr\/wp-json\/wp\/v2\/posts\/444214","targetHints":{"allow":["GET"]}}],"collection":[{"href":"https:\/\/www.europesays.com\/fr\/wp-json\/wp\/v2\/posts"}],"about":[{"href":"https:\/\/www.europesays.com\/fr\/wp-json\/wp\/v2\/types\/post"}],"author":[{"embeddable":true,"href":"https:\/\/www.europesays.com\/fr\/wp-json\/wp\/v2\/users\/2"}],"replies":[{"embeddable":true,"href":"https:\/\/www.europesays.com\/fr\/wp-json\/wp\/v2\/comments?post=444214"}],"version-history":[{"count":0,"href":"https:\/\/www.europesays.com\/fr\/wp-json\/wp\/v2\/posts\/444214\/revisions"}],"wp:featuredmedia":[{"embeddable":true,"href":"https:\/\/www.europesays.com\/fr\/wp-json\/wp\/v2\/media\/444215"}],"wp:attachment":[{"href":"https:\/\/www.europesays.com\/fr\/wp-json\/wp\/v2\/media?parent=444214"}],"wp:term":[{"taxonomy":"category","embeddable":true,"href":"https:\/\/www.europesays.com\/fr\/wp-json\/wp\/v2\/categories?post=444214"},{"taxonomy":"post_tag","embeddable":true,"href":"https:\/\/www.europesays.com\/fr\/wp-json\/wp\/v2\/tags?post=444214"}],"curies":[{"name":"wp","href":"https:\/\/api.w.org\/{rel}","templated":true}]}}