{"id":444218,"date":"2025-10-07T03:14:12","date_gmt":"2025-10-07T03:14:12","guid":{"rendered":"https:\/\/www.europesays.com\/fr\/444218\/"},"modified":"2025-10-07T03:14:12","modified_gmt":"2025-10-07T03:14:12","slug":"les-retrouvailles-entre-kylian-mbappe-et-luis-enrique-dans-les-couloirs-en-marge-de-lille-psg","status":"publish","type":"post","link":"https:\/\/www.europesays.com\/fr\/444218\/","title":{"rendered":"les retrouvailles entre Kylian Mbapp\u00e9 et Luis Enrique dans les couloirs, en marge de Lille-PSG"},"content":{"rendered":"<p>Venu voir son fr\u00e8re Ethan jouer le match Lille-PSG (1-1) ce dimanche soir, en cl\u00f4ture de la septi\u00e8me journ\u00e9e de Ligue 1, Kylian Mbapp\u00e9 a eu l&rsquo;occasion de saluer ses anciens co\u00e9quipiers parisiens. Et d&rsquo;\u00e9changer avec son ancien entra\u00eeneur Luis Enrique, le tout dans la bonne humeur.<\/p>\n<p>Il n&rsquo;est pas pass\u00e9 inaper\u00e7u, r\u00e9guli\u00e8rement film\u00e9 par les cam\u00e9ras du diffuseur: <a href=\"https:\/\/rmcsport.bfmtv.com\/football\/ligue-1\/signe-mbappe-le-sourire-et-le-cri-de-joie-de-kylian-mbappe-sur-le-but-egalisateur-de-son-frere-ethan-au-bout-de-lille-psg_AV-202510050373.html\" title=\"Sign\u00e9 Mbapp\u00e9: le sourire et le cri de joie de Kylian Mbapp\u00e9 sur le but \u00e9galisateur de son fr\u00e8re Ethan au bout de Lille-PSG\" class=\"internal_link\" rel=\"nofollow noopener\" target=\"_blank\">Kylian Mbapp\u00e9 \u00e9tait au stade<\/a> Pierre-Mauroy ce dimanche, pour assister au match nul <a href=\"https:\/\/rmcsport.bfmtv.com\/football\/ligue-1\/direct-lille-psg-suivez-en-live-le-choc-de-la-7e-journee-de-ligue-1_LS-202510050139.html\" title=\"Lille-PSG: les Parisiens frein\u00e9s mais \u00e0 nouveau leaders\" class=\"internal_link\" rel=\"nofollow noopener\" target=\"_blank\">entre Lille et le PSG (1-1)<\/a>, en cl\u00f4ture de la septi\u00e8me journ\u00e9e de Ligue 1. L&rsquo;attaquant du Real Madrid, buteur la veille avec son club contre Villarreal en Liga, \u00e9tait venu voir son fr\u00e8re Ethan. Lequel a marqu\u00e9 le but de l&rsquo;\u00e9galisation du Losc contre son club formateur.<\/p>\n<p>Apr\u00e8s le match, Kylian Mbapp\u00e9 \u00e9tait pr\u00e9sent \u00e0 la sortie des vestiaires. Il a pris le temps de saluer longuement l&rsquo;ensemble du groupe parisien, avant d&rsquo;\u00e9changer avec <a href=\"https:\/\/rmcsport.bfmtv.com\/football\/clubs\/paris-saint-germain\/luis-enrique_DN-202308300457.html\" title=\"Luis Enrique entra\u00eeneur du PSG\" class=\"internal_link\" rel=\"nofollow noopener\" target=\"_blank\">Luis Enrique<\/a>. Beaucoup de rires pendant la discussion entre les deux hommes, qui ne gardent pas de rancoeur de la fin d&rsquo;aventure parisienne du joueur. C&rsquo;est ensuite avec son grand ami <a href=\"https:\/\/rmcsport.bfmtv.com\/football\/achraf-hakimi_DN-202508100323.html\" title=\"Achraf Hakimi\" class=\"internal_link\" rel=\"nofollow noopener\" target=\"_blank\">Achraf Hakimi<\/a> que le Madril\u00e8ne a discut\u00e9, en pr\u00e9sence de son fr\u00e8re Ethan et de son p\u00e8re Wilfried.<\/p>\n<p>Le capitaine des Bleus est attendu \u00e0 Clairefontaine ce lundi, pour le rassemblement de l&rsquo;\u00e9quipe de France en vue des matchs contre l&rsquo;Azerba\u00efdjan et l&rsquo;Islande, dans le cadre des qualifications pour la Coupe du monde 2026. <a href=\"https:\/\/rmcsport.bfmtv.com\/football\/liga\/soiree-contrastee-pour-mbappe-encore-un-but-mais-une-blessure-avec-le-real-madrid-avant-la-treve-internationale_AV-202510040376.html\" title=\"Soir\u00e9e contrast\u00e9e pour Mbapp\u00e9: encore un but mais une blessure avec le Real Madrid avant la tr\u00eave internationale\" class=\"internal_link\" rel=\"nofollow noopener\" target=\"_blank\">Sorti bless\u00e9<\/a> samedi, Mbapp\u00e9 souffre d&rsquo;une l\u00e9g\u00e8re entorse qu&rsquo;il doit faire \u00e9valuer par le staff m\u00e9dical.<\/p>\n<p>Les sourires entre Ethan Mbapp\u00e9 et Luis Enrique<\/p>\n<p>Avant le match, Luis Enrique avait pu \u00e9changer avec Ethan Mbapp\u00e9 sur la pelouse, au moment de la reconnaissance du terrain. Les deux hommes semblaient eux aussi complices et d\u00e9tendus. Form\u00e9 au PSG avant de rejoindre Lille au moment du d\u00e9part de son a\u00een\u00e9 pour le Real Madrid, Ethan Mbapp\u00e9 a marqu\u00e9 le but de l&rsquo;\u00e9galisation du Losc contre son ancien club. En refusant de c\u00e9l\u00e9brer face \u00e0 ses anciens co\u00e9quipiers.<\/p>\n<p>A.Bo avec A.Perrot \u00e0 Lille<\/p>\n","protected":false},"excerpt":{"rendered":"Venu voir son fr\u00e8re Ethan jouer le match Lille-PSG (1-1) ce dimanche soir, en cl\u00f4ture de la septi\u00e8me&hellip;\n","protected":false},"author":2,"featured_media":444219,"comment_status":"","ping_status":"","sticky":false,"template":"","format":"standard","meta":{"footnotes":""},"categories":[2815],"tags":[1111,11,1777,674,1011,27,811,1307,12,25],"class_list":{"0":"post-444218","1":"post","2":"type-post","3":"status-publish","4":"format-standard","5":"has-post-thumbnail","7":"category-lille","8":"tag-actu","9":"tag-actualites","10":"tag-eu","11":"tag-europe","12":"tag-fr","13":"tag-france","14":"tag-hauts-de-france","15":"tag-lille","16":"tag-news","17":"tag-republique-francaise"},"share_on_mastodon":{"url":"https:\/\/pubeurope.com\/@fr\/115330709132305848","error":""},"_links":{"self":[{"href":"https:\/\/www.europesays.com\/fr\/wp-json\/wp\/v2\/posts\/444218","targetHints":{"allow":["GET"]}}],"collection":[{"href":"https:\/\/www.europesays.com\/fr\/wp-json\/wp\/v2\/posts"}],"about":[{"href":"https:\/\/www.europesays.com\/fr\/wp-json\/wp\/v2\/types\/post"}],"author":[{"embeddable":true,"href":"https:\/\/www.europesays.com\/fr\/wp-json\/wp\/v2\/users\/2"}],"replies":[{"embeddable":true,"href":"https:\/\/www.europesays.com\/fr\/wp-json\/wp\/v2\/comments?post=444218"}],"version-history":[{"count":0,"href":"https:\/\/www.europesays.com\/fr\/wp-json\/wp\/v2\/posts\/444218\/revisions"}],"wp:featuredmedia":[{"embeddable":true,"href":"https:\/\/www.europesays.com\/fr\/wp-json\/wp\/v2\/media\/444219"}],"wp:attachment":[{"href":"https:\/\/www.europesays.com\/fr\/wp-json\/wp\/v2\/media?parent=444218"}],"wp:term":[{"taxonomy":"category","embeddable":true,"href":"https:\/\/www.europesays.com\/fr\/wp-json\/wp\/v2\/categories?post=444218"},{"taxonomy":"post_tag","embeddable":true,"href":"https:\/\/www.europesays.com\/fr\/wp-json\/wp\/v2\/tags?post=444218"}],"curies":[{"name":"wp","href":"https:\/\/api.w.org\/{rel}","templated":true}]}}