{"id":444220,"date":"2025-10-07T03:15:20","date_gmt":"2025-10-07T03:15:20","guid":{"rendered":"https:\/\/www.europesays.com\/fr\/444220\/"},"modified":"2025-10-07T03:15:20","modified_gmt":"2025-10-07T03:15:20","slug":"jouer-a-wembley-avec-coldplay-quel-moment-ce-fut","status":"publish","type":"post","link":"https:\/\/www.europesays.com\/fr\/444220\/","title":{"rendered":"Jouer \u00e0 Wembley avec Coldplay, quel moment ce fut\u00a0!"},"content":{"rendered":"<p>En pr\u00e8s de quarante ans de carri\u00e8re, il a pass\u00e9 \u00ab\u00a0plusieurs belles soir\u00e9es dans les salles marseillaises\u00a0\u00bb comme le Moulin ou l\u2019Espace Julien. C\u2019est dans cette derni\u00e8re que <a href=\"https:\/\/www.laprovence.com\/article\/edition-avignon-grand-avignon\/2597392\/avec-femi-kuti-lafrique-est-le-continent-le-plus-groovy.html\" target=\"_blank\" rel=\"noopener\">Femi Kuti<\/a> signera son retour sur les bords de la M\u00e9diterran\u00e9e ce mardi 7\u00a0octobre, comme toujours entour\u00e9 d\u2019une douzaine de musiciens et danseurs. L\u2019h\u00e9ritier de l\u2019afrobeat fera cette fois r\u00e9sonner les morceaux de Journey Through Life. Un nouvel album avec lequel le musicien se confie r\u00e9ellement pour la premi\u00e8re fois, non sans \u00e9cho \u00e0 son p\u00e8re, Fela Kuti. Tout en continuant de porter des combats politiques contre la corruption et le panafricanisme.<\/p>\n<p><strong>Avec \u00ab\u00a0Journey Through Life\u00a0\u00bb, vous pr\u00e9sentez votre album le plus personnel. Pourquoi le faire \u00e0 ce stade de votre carri\u00e8re\u00a0?<\/strong>&#13;\n<\/p>\n<p>Parce qu\u2019il \u00e9tait important que les gens connaissent les vertus qui m\u2019ont guid\u00e9. Je pense \u00e0 mon p\u00e8re, <a href=\"https:\/\/www.laprovence.com\/article\/france-monde\/6951701\/deux-afro-americains-innocentes-de-lassassinat-de-malcolm-x-vont-toucher-36-millions-de-dollars.htm\" target=\"_blank\" rel=\"noopener\">Malcolm X<\/a>, Martin Luther King, Patrice Lumumba, Mohamed Ali, Bob Marley et \u00e0 tous les grands combattants. Nous disons toujours la m\u00eame chose et le monde ne s\u2019am\u00e9liore pas, \u00e7a devient lassant. Mais il y a une chose que je peux changer dans ma vie\u00a0: c\u2019est moi. Je peux devenir une meilleure personne, un meilleur p\u00e8re, un meilleur musicien. Alors j\u2019essaie&#8230;<\/p>\n","protected":false},"excerpt":{"rendered":"En pr\u00e8s de quarante ans de carri\u00e8re, il a pass\u00e9 \u00ab\u00a0plusieurs belles soir\u00e9es dans les salles marseillaises\u00a0\u00bb comme&hellip;\n","protected":false},"author":2,"featured_media":444221,"comment_status":"","ping_status":"","sticky":false,"template":"","format":"standard","meta":{"footnotes":""},"categories":[2814],"tags":[17,1111,11,3396,1697,251,1777,674,57058,1011,27,5236,57059,884,12,882,25,44987],"class_list":{"0":"post-444220","1":"post","2":"type-post","3":"status-publish","4":"format-standard","5":"has-post-thumbnail","7":"category-marseille","8":"tag-17","9":"tag-actu","10":"tag-actualites","11":"tag-avec","12":"tag-concert","13":"tag-culture","14":"tag-eu","15":"tag-europe","16":"tag-femi","17":"tag-fr","18":"tag-france","19":"tag-jouer","20":"tag-kuti","21":"tag-marseille","22":"tag-news","23":"tag-provence-alpes-cote-dazur","24":"tag-republique-francaise","25":"tag-wembley"},"share_on_mastodon":{"url":"https:\/\/pubeurope.com\/@fr\/115330713098234324","error":""},"_links":{"self":[{"href":"https:\/\/www.europesays.com\/fr\/wp-json\/wp\/v2\/posts\/444220","targetHints":{"allow":["GET"]}}],"collection":[{"href":"https:\/\/www.europesays.com\/fr\/wp-json\/wp\/v2\/posts"}],"about":[{"href":"https:\/\/www.europesays.com\/fr\/wp-json\/wp\/v2\/types\/post"}],"author":[{"embeddable":true,"href":"https:\/\/www.europesays.com\/fr\/wp-json\/wp\/v2\/users\/2"}],"replies":[{"embeddable":true,"href":"https:\/\/www.europesays.com\/fr\/wp-json\/wp\/v2\/comments?post=444220"}],"version-history":[{"count":0,"href":"https:\/\/www.europesays.com\/fr\/wp-json\/wp\/v2\/posts\/444220\/revisions"}],"wp:featuredmedia":[{"embeddable":true,"href":"https:\/\/www.europesays.com\/fr\/wp-json\/wp\/v2\/media\/444221"}],"wp:attachment":[{"href":"https:\/\/www.europesays.com\/fr\/wp-json\/wp\/v2\/media?parent=444220"}],"wp:term":[{"taxonomy":"category","embeddable":true,"href":"https:\/\/www.europesays.com\/fr\/wp-json\/wp\/v2\/categories?post=444220"},{"taxonomy":"post_tag","embeddable":true,"href":"https:\/\/www.europesays.com\/fr\/wp-json\/wp\/v2\/tags?post=444220"}],"curies":[{"name":"wp","href":"https:\/\/api.w.org\/{rel}","templated":true}]}}