{"id":444228,"date":"2025-10-07T03:22:14","date_gmt":"2025-10-07T03:22:14","guid":{"rendered":"https:\/\/www.europesays.com\/fr\/444228\/"},"modified":"2025-10-07T03:22:14","modified_gmt":"2025-10-07T03:22:14","slug":"treize-personnes-mises-en-examen-dans-un-vaste-trafic-darmes-pilote-depuis-une-prison-de-picardie","status":"publish","type":"post","link":"https:\/\/www.europesays.com\/fr\/444228\/","title":{"rendered":"Treize personnes mises en examen dans un vaste trafic d&rsquo;armes pilot\u00e9 depuis une prison de Picardie"},"content":{"rendered":"\n<p class=\"c-chapo \">\n  Selon les \u00e9l\u00e9ments avanc\u00e9s par le procureur, un d\u00e9tenu d&rsquo;une prison de Picardie recrutait des complices qui achetaient des armes de cat\u00e9gories C, avant de les revendre avec un fort b\u00e9n\u00e9fice.\n<\/p>\n<p>      lire plus tard<\/p>\n<p id=\"dialog__title\" class=\"dialog__title\">Pour sauvegarder cet article, connectez-vous ou cr\u00e9ez un compte franceinfo<\/p>\n<p class=\"dialog__description\">Sans paiement. Sans abonnement.<\/p>\n<p>        Fermer la fen\u00eatre d\u2019activation des notifications France Info<\/p>\n<p>      cr\u00e9er votre compte<\/p>\n<p>      se connecter<\/p>\n<p>        Fermer la fen\u00eatre de pr\u00e9sentation<\/p>\n<p>    <img loading=\"lazy\" decoding=\"async\" class=\"signature__image lazyload\" width=\"100\" height=\"100\" data- alt=\"\" src=\"https:\/\/www.europesays.com\/fr\/wp-content\/uploads\/2025\/05\/64a68815cd1a7_placeholder-36b69ec8.png\"\/><\/p>\n<p>    Publi\u00e9 le 07\/10\/2025 00:27<\/p>\n<p>        Temps de lecture : 1min<\/p>\n<p>    <img decoding=\"async\"  alt=\"Des policiers \u00e0 Valence, dans la Dr\u00f4me, le 15 juin 2023. (NICOLAS GUYONNET \/ HANS LUCAS \/ AFP)\" width=\"432\" height=\"243\" src=\"https:\/\/www.europesays.com\/fr\/wp-content\/uploads\/2025\/10\/080-hl-nguyonnet-2088170-68e44209395ba881236535.jpg\" fetchpriority=\"high\"\/><\/p>\n<p>      Des policiers \u00e0 Valence, dans la Dr\u00f4me, le 15 juin 2023. (NICOLAS GUYONNET \/ HANS LUCAS \/ AFP)<\/p>\n<p>Treize personnes ont \u00e9t\u00e9 mises en examen ces derniers jours, dans les Hauts-de-France et le Rh\u00f4ne, dans le cadre d&rsquo;une enqu\u00eate sur un vaste trafic d&rsquo;armes pilot\u00e9 depuis une prison en Picardie, a annonc\u00e9 lundi 6 octobre le procureur d&rsquo;Amiens, Jean-Philippe Vicentini. \u00ab\u00a0Dans une autre affaire, une information laissait penser qu&rsquo;un individu d\u00e9tenu dans un \u00e9tablissement p\u00e9nitentiaire picard se livrerait \u00e0 un trafic d&rsquo;armes\u00a0\u00bb, a expliqu\u00e9 le procureur lors d&rsquo;une conf\u00e9rence de presse.<\/p>\n<p>Une information judiciaire a \u00e9t\u00e9 ouverte et a permis d&rsquo;\u00e9tablir que le d\u00e9tenu recrutait des complices, notamment des femmes, depuis son lieu d&rsquo;incarc\u00e9ration. Il leur demandait de s&rsquo;inscrire dans un club de ball-trap pour qu&rsquo;elles puissent acheter, dans des armureries ou via internet, des armes de cat\u00e9gorie C. Une fois les armes acquises, les num\u00e9ros de s\u00e9rie \u00e9taient \u00ab\u00a0lim\u00e9s\u00a0\u00bb, afin de les rendre intra\u00e7ables, puis elles \u00e9taient revendues avec un b\u00e9n\u00e9fice de 300%, a-t-il pr\u00e9cis\u00e9.<\/p>\n<p>La semaine derni\u00e8re, \u00ab\u00a015 personnes ont \u00e9t\u00e9 plac\u00e9es en garde \u00e0 vue, 13 d\u00e9f\u00e9r\u00e9es, sept plac\u00e9es en d\u00e9tention provisoire et six sous contr\u00f4le judiciaire\u00a0\u00bb, a poursuivi le procureur. L&rsquo;op\u00e9ration a \u00e9t\u00e9 conduite dans les d\u00e9partements de la Somme, de l&rsquo;Oise, de l&rsquo;Aisne, du Nord et du Rh\u00f4ne. Lors des perquisitions, les enqu\u00eateurs ont saisi \u00ab\u00a015 armes \u00e0 feu\u00a0\u00bb, des \u00ab\u00a0munitions\u00a0\u00bb, et des \u00ab\u00a0accessoires\u00a0\u00bb dont des lunettes ou des chargeurs. Aussi, \u00ab\u00a045 000 euros en esp\u00e8ces et 500 000 euros d&rsquo;avoirs criminels\u00a0\u00bb, ont \u00e9t\u00e9 saisis pendant l&rsquo;enqu\u00eate.<\/p>\n","protected":false},"excerpt":{"rendered":"Selon les \u00e9l\u00e9ments avanc\u00e9s par le procureur, un d\u00e9tenu d&rsquo;une prison de Picardie recrutait des complices qui achetaient&hellip;\n","protected":false},"author":2,"featured_media":444229,"comment_status":"","ping_status":"","sticky":false,"template":"","format":"standard","meta":{"footnotes":""},"categories":[1888],"tags":[1111,1928,11,1927,1777,674,1011,27,12,1926,626,1925,25],"class_list":{"0":"post-444228","1":"post","2":"type-post","3":"status-publish","4":"format-standard","5":"has-post-thumbnail","7":"category-paris","8":"tag-actu","9":"tag-actu-paris","10":"tag-actualites","11":"tag-actualites-paris","12":"tag-eu","13":"tag-europe","14":"tag-fr","15":"tag-france","16":"tag-news","17":"tag-news-paris","18":"tag-paris","19":"tag-paris-news","20":"tag-republique-francaise"},"share_on_mastodon":{"url":"https:\/\/pubeurope.com\/@fr\/115330741434471455","error":""},"_links":{"self":[{"href":"https:\/\/www.europesays.com\/fr\/wp-json\/wp\/v2\/posts\/444228","targetHints":{"allow":["GET"]}}],"collection":[{"href":"https:\/\/www.europesays.com\/fr\/wp-json\/wp\/v2\/posts"}],"about":[{"href":"https:\/\/www.europesays.com\/fr\/wp-json\/wp\/v2\/types\/post"}],"author":[{"embeddable":true,"href":"https:\/\/www.europesays.com\/fr\/wp-json\/wp\/v2\/users\/2"}],"replies":[{"embeddable":true,"href":"https:\/\/www.europesays.com\/fr\/wp-json\/wp\/v2\/comments?post=444228"}],"version-history":[{"count":0,"href":"https:\/\/www.europesays.com\/fr\/wp-json\/wp\/v2\/posts\/444228\/revisions"}],"wp:featuredmedia":[{"embeddable":true,"href":"https:\/\/www.europesays.com\/fr\/wp-json\/wp\/v2\/media\/444229"}],"wp:attachment":[{"href":"https:\/\/www.europesays.com\/fr\/wp-json\/wp\/v2\/media?parent=444228"}],"wp:term":[{"taxonomy":"category","embeddable":true,"href":"https:\/\/www.europesays.com\/fr\/wp-json\/wp\/v2\/categories?post=444228"},{"taxonomy":"post_tag","embeddable":true,"href":"https:\/\/www.europesays.com\/fr\/wp-json\/wp\/v2\/tags?post=444228"}],"curies":[{"name":"wp","href":"https:\/\/api.w.org\/{rel}","templated":true}]}}