{"id":444230,"date":"2025-10-07T03:23:26","date_gmt":"2025-10-07T03:23:26","guid":{"rendered":"https:\/\/www.europesays.com\/fr\/444230\/"},"modified":"2025-10-07T03:23:26","modified_gmt":"2025-10-07T03:23:26","slug":"florian-thauvin-appele-six-ans-apres-sa-derniere-selection-pour-remplacer-bradley-barcola-blesse","status":"publish","type":"post","link":"https:\/\/www.europesays.com\/fr\/444230\/","title":{"rendered":"Florian Thauvin appel\u00e9 six ans apr\u00e8s sa derni\u00e8re s\u00e9lection pour remplacer Bradley Barcola, bless\u00e9"},"content":{"rendered":"\n<p class=\"c-chapo \">\n  L&rsquo;attaquant parisien est bless\u00e9 \u00e0 la cuisse droite, et a \u00e9t\u00e9 remis \u00e0 disposition du PSG.\n<\/p>\n<p>      lire plus tard<\/p>\n<p id=\"dialog__title\" class=\"dialog__title\">Pour sauvegarder cet article, connectez-vous ou cr\u00e9ez un compte franceinfo<\/p>\n<p class=\"dialog__description\">Sans paiement. Sans abonnement.<\/p>\n<p>        Fermer la fen\u00eatre d\u2019activation des notifications France Info<\/p>\n<p>      cr\u00e9er votre compte<\/p>\n<p>      se connecter<\/p>\n<p>        Fermer la fen\u00eatre de pr\u00e9sentation<\/p>\n<p>    <img loading=\"lazy\" decoding=\"async\" class=\"signature__image lazyload\" width=\"100\" height=\"100\" data- alt=\"\" src=\"https:\/\/www.europesays.com\/fr\/wp-content\/uploads\/2025\/05\/logosport1-65fdc209c3726464026706.png\"\/><\/p>\n<p>          France T\u00e9l\u00e9visions &#8211; R\u00e9daction Sport<\/p>\n<p>    Publi\u00e9 le 06\/10\/2025 17:43<\/p>\n<p>        Temps de lecture : 1min<\/p>\n<p>    <img decoding=\"async\"  alt=\"Le Lensois Florian Thauvin c\u00e9l\u00e8bre son but contre Lille, le 20 septembre 2025 en Ligue 1. (SAMEER AL-DOUMY \/ AFP)\" width=\"432\" height=\"243\" src=\"https:\/\/www.europesays.com\/fr\/wp-content\/uploads\/2025\/10\/000-769d3g8-68e3e18b9a108141056851.jpg\" fetchpriority=\"high\"\/><\/p>\n<p>      Le Lensois Florian Thauvin c\u00e9l\u00e8bre son but contre Lille, le 20 septembre 2025 en Ligue 1. (SAMEER AL-DOUMY \/ AFP)<\/p>\n<p>L&rsquo;h\u00e9catombe continue du c\u00f4t\u00e9 du PSG, et de l&rsquo;\u00e9quipe de France. Apr\u00e8s Ousmane Demb\u00e9l\u00e9 et D\u00e9sir\u00e9 Dou\u00e9, c&rsquo;est au tour de Bradley Barcola d&rsquo;\u00eatre indisponible<a href=\"https:\/\/www.franceinfo.fr\/coupe-du-monde\/qualifications-pour-le-mondial-2026-jean-philippe-mateta-convoque-pour-la-premiere-fois-par-didier-deschamps-avec-la-france-christopher-nkunku-de-retour_7527490.html\" rel=\"nofollow noopener\" target=\"_blank\"> pour les matchs des Bleus contre l&rsquo;Azerba\u00efdjan, vendredi 10 octobre, et contre l&rsquo;Islande, lundi 13 octobre<\/a>, en qualifications pour la Coupe du monde 2026. Arriv\u00e9 \u00e0 Clairefontaine avec un document d&rsquo;imagerie m\u00e9dicale dans la main, lundi, Bradley Barcola est remplac\u00e9 par le Lensois Florian Thauvin.\u00a0<\/p>\n<p>Selon un communiqu\u00e9 de l&rsquo;\u00e9quipe de France, Bradley Barcola souffre d&rsquo;une l\u00e9sion chronique de l&rsquo;ischio-jambier droit depuis le match de Ligue des champions du PSG contre l&rsquo;Atalanta, le 17 septembre dernier. Il est donc remis \u00e0 la disposition du club parisien, et Didier Deschamps a choisi, pour le remplacer, un joueur qui n&rsquo;a pas le m\u00eame profil. A 32 ans, Florian Thauvin compte 10 s\u00e9lections avec les Bleus, dont la derni\u00e8re remonte \u00e0 juin 2019, contre Andorre. Recrut\u00e9 par le RC Lens cet \u00e9t\u00e9, le champion du monde 2018 a inscrit deux buts en sept matchs de Ligue 1 cette saison.<\/p>\n","protected":false},"excerpt":{"rendered":"L&rsquo;attaquant parisien est bless\u00e9 \u00e0 la cuisse droite, et a \u00e9t\u00e9 remis \u00e0 disposition du PSG. lire plus&hellip;\n","protected":false},"author":2,"featured_media":444231,"comment_status":"","ping_status":"","sticky":false,"template":"","format":"standard","meta":{"footnotes":""},"categories":[1888],"tags":[1111,1928,11,1927,1777,674,1011,27,12,1926,626,1925,25],"class_list":{"0":"post-444230","1":"post","2":"type-post","3":"status-publish","4":"format-standard","5":"has-post-thumbnail","7":"category-paris","8":"tag-actu","9":"tag-actu-paris","10":"tag-actualites","11":"tag-actualites-paris","12":"tag-eu","13":"tag-europe","14":"tag-fr","15":"tag-france","16":"tag-news","17":"tag-news-paris","18":"tag-paris","19":"tag-paris-news","20":"tag-republique-francaise"},"share_on_mastodon":{"url":"https:\/\/pubeurope.com\/@fr\/115330744800264754","error":""},"_links":{"self":[{"href":"https:\/\/www.europesays.com\/fr\/wp-json\/wp\/v2\/posts\/444230","targetHints":{"allow":["GET"]}}],"collection":[{"href":"https:\/\/www.europesays.com\/fr\/wp-json\/wp\/v2\/posts"}],"about":[{"href":"https:\/\/www.europesays.com\/fr\/wp-json\/wp\/v2\/types\/post"}],"author":[{"embeddable":true,"href":"https:\/\/www.europesays.com\/fr\/wp-json\/wp\/v2\/users\/2"}],"replies":[{"embeddable":true,"href":"https:\/\/www.europesays.com\/fr\/wp-json\/wp\/v2\/comments?post=444230"}],"version-history":[{"count":0,"href":"https:\/\/www.europesays.com\/fr\/wp-json\/wp\/v2\/posts\/444230\/revisions"}],"wp:featuredmedia":[{"embeddable":true,"href":"https:\/\/www.europesays.com\/fr\/wp-json\/wp\/v2\/media\/444231"}],"wp:attachment":[{"href":"https:\/\/www.europesays.com\/fr\/wp-json\/wp\/v2\/media?parent=444230"}],"wp:term":[{"taxonomy":"category","embeddable":true,"href":"https:\/\/www.europesays.com\/fr\/wp-json\/wp\/v2\/categories?post=444230"},{"taxonomy":"post_tag","embeddable":true,"href":"https:\/\/www.europesays.com\/fr\/wp-json\/wp\/v2\/tags?post=444230"}],"curies":[{"name":"wp","href":"https:\/\/api.w.org\/{rel}","templated":true}]}}