{"id":444234,"date":"2025-10-07T03:25:23","date_gmt":"2025-10-07T03:25:23","guid":{"rendered":"https:\/\/www.europesays.com\/fr\/444234\/"},"modified":"2025-10-07T03:25:23","modified_gmt":"2025-10-07T03:25:23","slug":"le-danseur-etoile-et-choregraphe-patrice-bart-est-decede-2","status":"publish","type":"post","link":"https:\/\/www.europesays.com\/fr\/444234\/","title":{"rendered":"Le danseur \u00e9toile et chor\u00e9graphe Patrice Bart est d\u00e9c\u00e9d\u00e9"},"content":{"rendered":"<p>C\u2019\u00e9tait une figure de <a href=\"https:\/\/www.20minutes.fr\/arts-stars\/culture\/4119100-20241031-paris-operas-garnier-bastille-vont-fermer-tour-tour-jusqu-2030\" class=\"c-link c-link--is-underlined\" target=\"_blank\" rel=\"noopener\">l\u2019Op\u00e9ra national de Paris<\/a> (OnP). Le danseur \u00e9toile et chor\u00e9graphe Patrice Bart est d\u00e9c\u00e9d\u00e9 \u00e0 l\u2019\u00e2ge de 80 ans, a annonc\u00e9 lundi l\u2019institution, rendant hommage \u00e0 une \u00ab\u00a0personne essentielle pour plusieurs g\u00e9n\u00e9rations de danseuses et danseurs\u00a0\u00bb. L\u2019artiste, qui a aussi \u00e9t\u00e9 ma\u00eetre de Ballet, \u00ab\u00a0aura pass\u00e9 54 ann\u00e9es au sein de l\u2019Op\u00e9ra de <a href=\"https:\/\/www.20minutes.fr\/paris\/\" class=\"c-link c-link--is-underlined\" target=\"_blank\" rel=\"noopener\">Paris<\/a>, de ses premiers pas \u00e0 l\u2019\u00c9cole de Danse \u00e0 son d\u00e9part en\u00a02011\u00a0\u00bb, ajoute l\u2019OnP.<\/p>\n<p>N\u00e9 en\u00a01945, Patrice Bart entre \u00e0 l\u2019\u00c9cole de danse de l\u2019OnP en\u00a01957, \u00e0 l\u2019\u00e2ge de 12 ans. Il est engag\u00e9 dans le corps de Ballet \u00e0 seulement 14 ans, poursuivant sa scolarit\u00e9 en parall\u00e8le. Il franchit tous les grades et devient danseur \u00e9toile en\u00a01972, \u00e0 24 ans. \u00ab\u00a0C\u2019est magnifique parce que c\u2019est l\u2019aboutissement de ce dont on a r\u00eav\u00e9 toute sa jeunesse et en m\u00eame temps, c\u2019est le d\u00e9marrage d\u2019une autre vie\u00a0\u00bb, racontait-il \u00e0 l\u2019AFP en\u00a02011, date \u00e0 laquelle il quittait l\u2019institution.<\/p>\n<p>\u00ab\u00a0Tous les grands r\u00f4les du r\u00e9pertoire\u00a0\u00bb<\/p>\n<p>L\u2019OnP indique qu\u2019il a dans\u00e9 \u00ab\u00a0tous les grands r\u00f4les du r\u00e9pertoire, de \u00ab\u00a0P\u00e9trouchka\u00a0\u00bb au Prince de \u00ab\u00a0La Belle au bois dormant\u00a0\u00bb, de \u00ab\u00a0Don Quichotte\u00a0\u00bb au \u00ab\u00a0Fils prodigue\u00a0\u00bb, et fait partie des cr\u00e9ations de Serge Lifar [\u2026], de Roland Petit [\u2026], de MacMillan [\u2026] ou de Noureev\u00a0\u00bb. En\u00a01987, il devient ma\u00eetre de Ballet puis se voit \u00ab\u00a0associ\u00e9 \u00e0 la direction de la danse\u00a0\u00bb de l\u2019OnP en\u00a01990, une fonction qu\u2019il occupera jusqu\u2019en\u00a02011.<\/p>\n<\/p>\n<p>Chor\u00e9graphe, il signe plusieurs \u0153uvres pour le Staatsoper de Berlin ( \u00ab\u00a0Don Quichotte\u00a0\u00bb en\u00a01993, <a href=\"https:\/\/www.20minutes.fr\/arts-stars\/culture\/2713255-20200207-video-premier-lac-cygnes-mogador-comment-adapter-uvre-classique-tout-petits\" class=\"c-link c-link--is-underlined\" target=\"_blank\" rel=\"noopener\">\u00ab\u00a0Le Lac des cygnes\u00a0\u00bb<\/a> en\u00a01997 entre autres), pour l\u2019OnP ( \u00ab\u00a0Copp\u00e9lia\u00a0\u00bb, \u00ab\u00a0La Petite Danseuse de Degas\u00a0\u00bb) ou encore pour le Ballet du Bayerische Oper de Munich ( \u00ab\u00a0La Bayad\u00e8re\u00a0\u00bb).<\/p>\n<p>\u00ab\u00a0Passionn\u00e9, exigeant, bon vivant et plein d\u2019humour\u00a0\u00bb<\/p>\n<p>En\u00a01991, il remonte avec son homologue Eug\u00e8ne Polyakov <a href=\"https:\/\/www.20minutes.fr\/arts-stars\/cinema\/2688127-20200106-giselle-opera-de-paris-fra-cinema-2020\" class=\"c-link c-link--is-underlined\" target=\"_blank\" rel=\"noopener\">le ballet \u00ab\u00a0Giselle\u00a0\u00bb<\/a>, d\u2019apr\u00e8s la chor\u00e9graphie d\u2019origine. \u00ab\u00a0Passionn\u00e9, exigeant, bon vivant et plein d\u2019humour, il a port\u00e9 le Ballet et les \u00e9quipes gr\u00e2ce \u00e0 son infatigable \u00e9nergie\u00a0\u00bb, salue l\u2019OnP. Commandeur des Arts et des Lettres, de l\u2019Ordre national du M\u00e9rite et Chevalier de la L\u00e9gion d\u2019honneur, il avait aussi re\u00e7u le prix Nijinski en\u00a01974.<\/p>\n","protected":false},"excerpt":{"rendered":"C\u2019\u00e9tait une figure de l\u2019Op\u00e9ra national de Paris (OnP). Le danseur \u00e9toile et chor\u00e9graphe Patrice Bart est d\u00e9c\u00e9d\u00e9&hellip;\n","protected":false},"author":2,"featured_media":444235,"comment_status":"","ping_status":"","sticky":false,"template":"","format":"standard","meta":{"footnotes":""},"categories":[1888],"tags":[11,2593,1344,251,5972,2715,58,1777,674,1011,27,662,12,7165,626,25],"class_list":{"0":"post-444234","1":"post","2":"type-post","3":"status-publish","4":"format-standard","5":"has-post-thumbnail","7":"category-paris","8":"tag-actualites","9":"tag-artiste","10":"tag-ballet","11":"tag-culture","12":"tag-danse","13":"tag-disparition","14":"tag-divertissement","15":"tag-eu","16":"tag-europe","17":"tag-fr","18":"tag-france","19":"tag-ile-de-france","20":"tag-news","21":"tag-opera","22":"tag-paris","23":"tag-republique-francaise"},"share_on_mastodon":{"url":"https:\/\/pubeurope.com\/@fr\/115330752438258470","error":""},"_links":{"self":[{"href":"https:\/\/www.europesays.com\/fr\/wp-json\/wp\/v2\/posts\/444234","targetHints":{"allow":["GET"]}}],"collection":[{"href":"https:\/\/www.europesays.com\/fr\/wp-json\/wp\/v2\/posts"}],"about":[{"href":"https:\/\/www.europesays.com\/fr\/wp-json\/wp\/v2\/types\/post"}],"author":[{"embeddable":true,"href":"https:\/\/www.europesays.com\/fr\/wp-json\/wp\/v2\/users\/2"}],"replies":[{"embeddable":true,"href":"https:\/\/www.europesays.com\/fr\/wp-json\/wp\/v2\/comments?post=444234"}],"version-history":[{"count":0,"href":"https:\/\/www.europesays.com\/fr\/wp-json\/wp\/v2\/posts\/444234\/revisions"}],"wp:featuredmedia":[{"embeddable":true,"href":"https:\/\/www.europesays.com\/fr\/wp-json\/wp\/v2\/media\/444235"}],"wp:attachment":[{"href":"https:\/\/www.europesays.com\/fr\/wp-json\/wp\/v2\/media?parent=444234"}],"wp:term":[{"taxonomy":"category","embeddable":true,"href":"https:\/\/www.europesays.com\/fr\/wp-json\/wp\/v2\/categories?post=444234"},{"taxonomy":"post_tag","embeddable":true,"href":"https:\/\/www.europesays.com\/fr\/wp-json\/wp\/v2\/tags?post=444234"}],"curies":[{"name":"wp","href":"https:\/\/api.w.org\/{rel}","templated":true}]}}