{"id":444236,"date":"2025-10-07T03:26:17","date_gmt":"2025-10-07T03:26:17","guid":{"rendered":"https:\/\/www.europesays.com\/fr\/444236\/"},"modified":"2025-10-07T03:26:17","modified_gmt":"2025-10-07T03:26:17","slug":"le-regime-a-echoue-a-proteger-ses-citoyens-washington-durcit-le-ton-face-a-cuba-soupconne-denvoyer-des-soldats-en-russie","status":"publish","type":"post","link":"https:\/\/www.europesays.com\/fr\/444236\/","title":{"rendered":"\u00ab\u00a0Le r\u00e9gime a \u00e9chou\u00e9 \u00e0 prot\u00e9ger ses citoyens\u00a0\u00bb\u00a0: Washington durcit le ton face \u00e0 Cuba, soup\u00e7onn\u00e9 d&rsquo;envoyer des soldats en Russie"},"content":{"rendered":"<p><a href=\"https:\/\/www.lalibre.be\/international\/amerique\/2024\/08\/17\/les-liens-entre-cuba-et-la-russie-devraient-alerter-les-europeens-B2VXEWNFKNFSLNCUNKHYECVRD4\/\" target=\"_blank\" rel=\"noopener noreferrer\" class=\"ap-StoryInterstitialLink ap-StoryElement ap-StoryElement--mb js-paywall-target\">\u00ab\u00a0Les liens entre Cuba et la Russie devraient alerter les Europ\u00e9ens\u00a0\u00bb<\/a>Des soup\u00e7ons en Ukraine<\/p>\n<p class=\"ap-StoryElement ap-StoryElement--mb ap-StoryText\">Le moment choisi par les \u00c9tats-Unis pour durcir le ton est pourtant tout sauf anodin puisque, toujours selon le d\u00e9partement d&rsquo;\u00c9tat, entre\u00a01000 et\u00a05000 soldats cubains auraient rejoint les troupes russes en Ukraine. Si la pr\u00e9sence de certains Cubains en Russie circulait d\u00e9j\u00e0 depuis quelques mois, les pr\u00e9cisions apport\u00e9es par les hautes sph\u00e8res du pouvoir am\u00e9ricain confirment une situation qui d\u00e9pla\u00eet \u00e9norm\u00e9ment \u00e0 l&rsquo;administration trumpienne.<\/p>\n<p class=\"text-left ap-StoryElement ap-StoryElement--mb ap-StoryText\">Pour tenter de convaincre les autres diplomates de la dangerosit\u00e9 d&rsquo;une telle r\u00e9solution de la part des Nations Unies, les \u00c9tats-Unis demandent donc \u00e0 leurs fonctionnaires d&rsquo;appuyer sur l&rsquo;id\u00e9e que \u00ab\u00a0Cuba, apr\u00e8s la Cor\u00e9e du Nord, est le principal fournisseur de troupes \u00e9trang\u00e8res participant \u00e0 l&rsquo;agression russe\u00a0\u00bb.<\/p>\n<p>Une alliance de longue dur\u00e9e<\/p>\n<p class=\"ap-StoryElement ap-StoryElement--mb ap-StoryText\">Ce n&rsquo;est pas la premi\u00e8re fois que des accusations concernant le recrutement \u00e9tranger de la Russie fusent. En effet, depuis l&rsquo;invasion en Ukraine en 2022, plusieurs rapports ont confirm\u00e9 la pr\u00e9sence de soldats nord-cor\u00e9ens en Russie.<\/p>\n<p class=\"text-left ap-StoryElement ap-StoryElement--mb ap-StoryText\">Selon les \u00c9tats-Unis, la pr\u00e9sence de forces cubaines en Ukraine, aux c\u00f4t\u00e9s des arm\u00e9es de <a href=\"https:\/\/www.lalibre.be\/international\/europe\/guerre-ukraine-russie\/2025\/10\/02\/guerre-en-ukraine-le-changement-radical-dans-la-position-americaine-va-t-il-avoir-un-impact-important-sur-le-conflit-54LYZRHASFDHVNOYZI4EJJUTSU\/\" target=\"_blank\" rel=\"noopener\">Poutine<\/a>, ne devrait pas \u00eatre surprenante\u00a0: la Russie et Cuba sont alli\u00e9s depuis la Guerre Froide, et, depuis octobre\u00a02024, Cuba est \u00e9galement membre du BRICS +, le groupe originellement form\u00e9 par le Br\u00e9sil, la Russie, l&rsquo;Inde et la <a href=\"https:\/\/www.lalibre.be\/international\/europe\/guerre-ukraine-russie\/2025\/10\/06\/la-chine-aide-t-elle-la-russie-dans-le-cadre-de-la-guerre-en-ukraine-de-nouveaux-soupcons-le-kremlin-reagit-FDFXN6WBPBEPRNKAPSOVNVFWWA\/\" target=\"_blank\" rel=\"noopener\">Chine<\/a> pour contenir la puissance du G7.<\/p>\n<p><a href=\"https:\/\/www.lalibre.be\/international\/europe\/guerre-ukraine-russie\/2025\/01\/13\/les-cubains-enroles-dans-larmee-russe-ont-ils-ete-pieges-ils-ne-veulent-pas-nous-laisser-partir-BGPFZPSDRZA7FDQIPMW3M62HRQ\/\" target=\"_blank\" rel=\"noopener noreferrer\" class=\"ap-StoryInterstitialLink ap-StoryElement ap-StoryElement--mb\">Les Cubains enr\u00f4l\u00e9s dans l&rsquo;arm\u00e9e russe ont-ils \u00e9t\u00e9 pi\u00e9g\u00e9s ? : \u00ab\u00a0Ils ne veulent pas nous laisser partir\u00a0\u00bb<\/a><\/p>\n","protected":false},"excerpt":{"rendered":"\u00ab\u00a0Les liens entre Cuba et la Russie devraient alerter les Europ\u00e9ens\u00a0\u00bbDes soup\u00e7ons en Ukraine Le moment choisi par&hellip;\n","protected":false},"author":2,"featured_media":444237,"comment_status":"","ping_status":"","sticky":false,"template":"","format":"standard","meta":{"footnotes":""},"categories":[1591],"tags":[11,2122,1887,12,1885,1886,132,135],"class_list":{"0":"post-444236","1":"post","2":"type-post","3":"status-publish","4":"format-standard","5":"has-post-thumbnail","7":"category-russie","8":"tag-actualites","9":"tag-conflit-russie-ukraine","10":"tag-federation-de-russie","11":"tag-news","12":"tag-russia","13":"tag-russian-federation","14":"tag-russie","15":"tag-vladimir-poutine"},"share_on_mastodon":{"url":"https:\/\/pubeurope.com\/@fr\/115330756346093618","error":""},"_links":{"self":[{"href":"https:\/\/www.europesays.com\/fr\/wp-json\/wp\/v2\/posts\/444236","targetHints":{"allow":["GET"]}}],"collection":[{"href":"https:\/\/www.europesays.com\/fr\/wp-json\/wp\/v2\/posts"}],"about":[{"href":"https:\/\/www.europesays.com\/fr\/wp-json\/wp\/v2\/types\/post"}],"author":[{"embeddable":true,"href":"https:\/\/www.europesays.com\/fr\/wp-json\/wp\/v2\/users\/2"}],"replies":[{"embeddable":true,"href":"https:\/\/www.europesays.com\/fr\/wp-json\/wp\/v2\/comments?post=444236"}],"version-history":[{"count":0,"href":"https:\/\/www.europesays.com\/fr\/wp-json\/wp\/v2\/posts\/444236\/revisions"}],"wp:featuredmedia":[{"embeddable":true,"href":"https:\/\/www.europesays.com\/fr\/wp-json\/wp\/v2\/media\/444237"}],"wp:attachment":[{"href":"https:\/\/www.europesays.com\/fr\/wp-json\/wp\/v2\/media?parent=444236"}],"wp:term":[{"taxonomy":"category","embeddable":true,"href":"https:\/\/www.europesays.com\/fr\/wp-json\/wp\/v2\/categories?post=444236"},{"taxonomy":"post_tag","embeddable":true,"href":"https:\/\/www.europesays.com\/fr\/wp-json\/wp\/v2\/tags?post=444236"}],"curies":[{"name":"wp","href":"https:\/\/api.w.org\/{rel}","templated":true}]}}