{"id":444244,"date":"2025-10-07T03:30:12","date_gmt":"2025-10-07T03:30:12","guid":{"rendered":"https:\/\/www.europesays.com\/fr\/444244\/"},"modified":"2025-10-07T03:30:12","modified_gmt":"2025-10-07T03:30:12","slug":"declinistes-et-pessimistes-pourquoi-les-francais-ont-ils-limpression-de-vivre-en-enfer","status":"publish","type":"post","link":"https:\/\/www.europesays.com\/fr\/444244\/","title":{"rendered":"D\u00e9clinistes et pessimistes, pourquoi les Fran\u00e7ais ont-ils \u201cl\u2019impression de vivre en enfer\u201d ?"},"content":{"rendered":"\n<p>\u201cLa France est un paradis peupl\u00e9 de gens qui se croient en enfer.\u201d Ce trait d\u2019esprit de l\u2019\u00e9crivain Sylvain Tesson permet de mieux comprendre la situation actuelle dans l\u2019Hexagone. Que se passe-t-il de l\u2019autre c\u00f4t\u00e9 du Rhin\u00a0? Comment expliquer l\u2019enlisement politique de la France, apparemment ingouvernable\u00a0? Pourquoi les Fran\u00e7ais refusent-ils le compromis, en bons \u201cGaulois r\u00e9fractaires\u201d, comme l\u2019avait un jour l\u00e2ch\u00e9 le pr\u00e9sident Macron, en clin d\u2019\u0153il \u00e0 Ast\u00e9rix\u00a0?<\/p>\n<p>Le paradoxe est troublant\u00a0: ce\u00a0peuple mal lun\u00e9, tant\u00f4t en col\u00e8re, tant\u00f4t d\u00e9prim\u00e9, vit pourtant sur un petit bout de terre que le monde entier lui envie pour sa beaut\u00e9, sa diversit\u00e9, son extraordinaire histoire culturelle et son mode de vie si raffin\u00e9.<\/p>\n<p>Malgr\u00e9 les gr\u00e8ves et l\u2019agitation sociale qui reviennent invariablement \u00e0 chaque rentr\u00e9e<a href=\"#huit-anchor-en-francais-dans-le-texte\">*<\/a>, la France continue d\u2019exercer une fascination unique \u00e0 l\u2019\u00e9tranger, et reste la premi\u00e8re destination touristique du monde. Paris attire les voyageurs en toutes saisons. La grisaille de novembre ne suffit pas \u00e0 dissuader les visiteurs de venir s\u2019extasier devant des \u00e9tals de l\u00e9gumes soigneusement dispos\u00e9s\u00a0: en France, m\u00eame les oignons et les pommes de terre semblent transpirer la sophistication culturelle. Et ne parlons pas des p\u00e2tisseries.<\/p>\n<p> Le d\u00e9clinisme, un sport national <\/p>\n<p>Pourtant, les Fran\u00e7a<\/p>\n<p>                                      <strong class=\"paywall-title\">Cet article est r\u00e9serv\u00e9 aux\u00a0abonn\u00e9s.<\/strong>   <\/p>\n<p class=\"paywall-text\">Lisez la\u00a0suite et\u00a0acc\u00e9dez \u00e0\u00a0une s\u00e9lection unique d\u2019articles traduits de\u00a0la\u00a0presse \u00e9trang\u00e8re.<\/p>\n<p class=\"article-authors\">                         <a href=\"https:\/\/www.courrierinternational.com\/auteur\/martina-meister\" target=\"_blank\" rel=\"noopener\">Martina Meister<\/a>    <\/p>\n<p class=\"article-vo\"><a href=\"https:\/\/www.welt.de\/politik\/ausland\/plus68d683ce4feefe67406eb0ac\/lust-am-niedergang-optimistisch-waren-die-franzosen-zuletzt-vor-13-jahren.html\" rel=\"noopener\" target=\"_blank\">Lire l\u2019article original<\/a><\/p>\n<p>Source de l\u2019article<\/p>\n<p>   <img decoding=\"async\" class=\"source-logo\" src=\"https:\/\/www.europesays.com\/fr\/wp-content\/uploads\/2025\/10\/f3336d8_1643653558129-welt.jpg\"  alt=\"Logo\" loading=\"lazy\" width=\"32\" height=\"32\"\/>  Die Welt  (Berlin)       <\/p>\n<p>\u201cLe Monde\u201d, porte-drapeau des \u00e9ditions Springer, est une sorte de Figaro \u00e0 l\u2019allemande. Initialement cr\u00e9\u00e9 par les forces militaires britanniques \u00e0 la sortie de la Seconde guerre mondiale, ce journal est connu pour ses positions lib\u00e9rales d\u2019un point de vue \u00e9conomique et conservatrices d\u2019un point de vue social et soci\u00e9tal. Depuis 1948 para\u00eet son \u00e9dition dominicale, Welt am Sonntag, qui fait partie des m\u00e9dias allemands les plus\u00a0lus. Ces derni\u00e8res ann\u00e9es, la vid\u00e9o a aussi fait irruption sur son site, qui fait la part belle \u00e0 la cha\u00eene Welt TV.<\/p>\n<p>      <a href=\"https:\/\/www.courrierinternational.com\/notule-source\/die-welt\" class=\"source-link\" target=\"_blank\" rel=\"noopener\">Lire la suite<\/a>                 <\/p>\n<p>Nos services<\/p>\n","protected":false},"excerpt":{"rendered":"\u201cLa France est un paradis peupl\u00e9 de gens qui se croient en enfer.\u201d Ce trait d\u2019esprit de l\u2019\u00e9crivain&hellip;\n","protected":false},"author":2,"featured_media":444245,"comment_status":"","ping_status":"","sticky":false,"template":"","format":"standard","meta":{"footnotes":""},"categories":[1587],"tags":[11,672,1804,1805,1803,1777,674,27,1801,3821,12,1802,1857],"class_list":{"0":"post-444244","1":"post","2":"type-post","3":"status-publish","4":"format-standard","5":"has-post-thumbnail","7":"category-allemagne","8":"tag-actualites","9":"tag-allemagne","10":"tag-bundesrepublik-deutschland","11":"tag-de","12":"tag-deutschland","13":"tag-eu","14":"tag-europe","15":"tag-france","16":"tag-germany","17":"tag-la-france-vue-de-lu2019u00e9tranger","18":"tag-news","19":"tag-republique-federale-dallemagne","20":"tag-sociu00e9tu00e9"},"share_on_mastodon":{"url":"https:\/\/pubeurope.com\/@fr\/115330772415099153","error":""},"_links":{"self":[{"href":"https:\/\/www.europesays.com\/fr\/wp-json\/wp\/v2\/posts\/444244","targetHints":{"allow":["GET"]}}],"collection":[{"href":"https:\/\/www.europesays.com\/fr\/wp-json\/wp\/v2\/posts"}],"about":[{"href":"https:\/\/www.europesays.com\/fr\/wp-json\/wp\/v2\/types\/post"}],"author":[{"embeddable":true,"href":"https:\/\/www.europesays.com\/fr\/wp-json\/wp\/v2\/users\/2"}],"replies":[{"embeddable":true,"href":"https:\/\/www.europesays.com\/fr\/wp-json\/wp\/v2\/comments?post=444244"}],"version-history":[{"count":0,"href":"https:\/\/www.europesays.com\/fr\/wp-json\/wp\/v2\/posts\/444244\/revisions"}],"wp:featuredmedia":[{"embeddable":true,"href":"https:\/\/www.europesays.com\/fr\/wp-json\/wp\/v2\/media\/444245"}],"wp:attachment":[{"href":"https:\/\/www.europesays.com\/fr\/wp-json\/wp\/v2\/media?parent=444244"}],"wp:term":[{"taxonomy":"category","embeddable":true,"href":"https:\/\/www.europesays.com\/fr\/wp-json\/wp\/v2\/categories?post=444244"},{"taxonomy":"post_tag","embeddable":true,"href":"https:\/\/www.europesays.com\/fr\/wp-json\/wp\/v2\/tags?post=444244"}],"curies":[{"name":"wp","href":"https:\/\/api.w.org\/{rel}","templated":true}]}}