{"id":444256,"date":"2025-10-07T03:44:11","date_gmt":"2025-10-07T03:44:11","guid":{"rendered":"https:\/\/www.europesays.com\/fr\/444256\/"},"modified":"2025-10-07T03:44:11","modified_gmt":"2025-10-07T03:44:11","slug":"comment-les-olympiens-sont-parvenus-a-trouver-le-juste-milieu","status":"publish","type":"post","link":"https:\/\/www.europesays.com\/fr\/444256\/","title":{"rendered":"comment les Olympiens sont parvenus \u00e0 trouver le juste milieu"},"content":{"rendered":"<p>Le big-bang estival semble d\u00e9j\u00e0 loin. Les d\u00e9parts conjugu\u00e9s de Valentin Rongier et Adrien Rabiot avaient pourtant laiss\u00e9 un vide b\u00e9ant dans le c\u0153ur des supporters et dans l&rsquo;entrejeu marseillais, o\u00f9 Pierre-Emile Hojbjerg et Geoffrey Kondogbia (forfait ce samedi apr\u00e8s-midi) faisaient office de derniers des Mohicans <a href=\"https:\/\/www.laprovence.com\/article\/om\/29957265366311\/mercato-om-angel-gomes-sest-officiellement-engage-jusquen-2028\" target=\"_blank\" rel=\"noopener\">\u00e0 c\u00f4t\u00e9 du nouveau venu Angel Gomes<\/a>. Mais pour redonner de la moelle \u00e0 ce secteur, les dirigeants olympiens ont donc mis\u00e9 en toute fin de mercato sur le recrutement de Matt O&rsquo;Riley et Arthur Vermeeren.<\/p>\n<p>Deux signatures accueillies avec un brin de scepticisme \u00e0 Marseille. Car si l&rsquo;OM s&rsquo;\u00e9tait renforc\u00e9 en d\u00e9fense en recrutant Emerson Palmieri, Benjamin Pavard et <a href=\"https:\/\/www.laprovence.com\/article\/om\/201117765667114\/om-de-meneur-de-jeu-au-maroc-a-defenseur-star-a-marseille-itineraire-de-nayef-aguerd-la-nouvelle-recrue-olympienne\" target=\"_blank\" rel=\"noopener\">Nayef Aguerd,<\/a> les doutes escortaient les arriv\u00e9es des n\u00e9o-milieux de terrain olympiens. \u00ab\u00a0Rongier et Rabiot sont de tr\u00e8s grands joueurs, ils ont fait de grandes choses ici, mais ils sont partis et \u00e7a n&rsquo;a plus de sens de parler d&rsquo;eux, a reconnu Roberto De Zerbi hier. On a pris de nouveaux joueurs, forts, je vous l&rsquo;avais dit avant Lorient, j&rsquo;\u00e9tais d&rsquo;ailleurs tr\u00e8s content de l&rsquo;\u00e9quipe. Ces joueurs sont peut-\u00eatre encore plus forts en vrai par rapport \u00e0 ce que je savais d&rsquo;eux. Ils ont des caract\u00e9ristiques diff\u00e9rentes.\u00a0\u00bb<\/p>\n<p>O&rsquo;Riley-H<\/p>\n","protected":false},"excerpt":{"rendered":"Le big-bang estival semble d\u00e9j\u00e0 loin. Les d\u00e9parts conjugu\u00e9s de Valentin Rongier et Adrien Rabiot avaient pourtant laiss\u00e9&hellip;\n","protected":false},"author":2,"featured_media":444257,"comment_status":"","ping_status":"","sticky":false,"template":"","format":"standard","meta":{"footnotes":""},"categories":[1410],"tags":[17,20,63,1011,27,151,56666,12072,149,57060,3333,60,13586],"class_list":{"0":"post-444256","1":"post","2":"type-post","3":"status-publish","4":"format-standard","5":"has-post-thumbnail","7":"category-football","8":"tag-17","9":"tag-comment","10":"tag-football","11":"tag-fr","12":"tag-france","13":"tag-les","14":"tag-metz-om","15":"tag-olympiens","16":"tag-om","17":"tag-parvenus","18":"tag-sont","19":"tag-sports","20":"tag-trouver"},"share_on_mastodon":{"url":"https:\/\/pubeurope.com\/@fr\/115330827077073844","error":""},"_links":{"self":[{"href":"https:\/\/www.europesays.com\/fr\/wp-json\/wp\/v2\/posts\/444256","targetHints":{"allow":["GET"]}}],"collection":[{"href":"https:\/\/www.europesays.com\/fr\/wp-json\/wp\/v2\/posts"}],"about":[{"href":"https:\/\/www.europesays.com\/fr\/wp-json\/wp\/v2\/types\/post"}],"author":[{"embeddable":true,"href":"https:\/\/www.europesays.com\/fr\/wp-json\/wp\/v2\/users\/2"}],"replies":[{"embeddable":true,"href":"https:\/\/www.europesays.com\/fr\/wp-json\/wp\/v2\/comments?post=444256"}],"version-history":[{"count":0,"href":"https:\/\/www.europesays.com\/fr\/wp-json\/wp\/v2\/posts\/444256\/revisions"}],"wp:featuredmedia":[{"embeddable":true,"href":"https:\/\/www.europesays.com\/fr\/wp-json\/wp\/v2\/media\/444257"}],"wp:attachment":[{"href":"https:\/\/www.europesays.com\/fr\/wp-json\/wp\/v2\/media?parent=444256"}],"wp:term":[{"taxonomy":"category","embeddable":true,"href":"https:\/\/www.europesays.com\/fr\/wp-json\/wp\/v2\/categories?post=444256"},{"taxonomy":"post_tag","embeddable":true,"href":"https:\/\/www.europesays.com\/fr\/wp-json\/wp\/v2\/tags?post=444256"}],"curies":[{"name":"wp","href":"https:\/\/api.w.org\/{rel}","templated":true}]}}