{"id":444258,"date":"2025-10-07T03:46:09","date_gmt":"2025-10-07T03:46:09","guid":{"rendered":"https:\/\/www.europesays.com\/fr\/444258\/"},"modified":"2025-10-07T03:46:09","modified_gmt":"2025-10-07T03:46:09","slug":"brigitte-bardot-se-livre-dans-un-bbcedaire-ecrit-de-sa-main","status":"publish","type":"post","link":"https:\/\/www.europesays.com\/fr\/444258\/","title":{"rendered":"Brigitte Bardot se livre dans un \u00ab\u00a0BBc\u00e9daire\u00a0\u00bb \u00e9crit de sa main"},"content":{"rendered":"<p class=\"rev-margin-0 rev-text-xs-normal\">Tr\u00e8s discr\u00e8te dans les m\u00e9dias, Brigitte Bardot avait publi\u00e9 en 1996 ses m\u00e9moires, \u00ab\u00a0Initiales BB\u00a0\u00bb.<\/p>\n<p class=\"rev-margin-0 rev-text-xs-bold\">FEF\/mag\/fa\/mo &#8211; AFP &#8211; ERIC FEFERBERG<\/p>\n<p>\u00ab\u00a0La libert\u00e9, c&rsquo;est d&rsquo;\u00eatre soi, m\u00eame quand \u00e7a d\u00e9range\u00a0\u00bb, proclame <a href=\"https:\/\/www.laprovence.com\/article\/region\/9249941728060414\/linterview-exclusive-de-brigitte-bardot-90-ans-aujourdhui-je-ressens-un-sentiment-dune-extreme-solitude\" target=\"_blank\" rel=\"noopener\">Brigitte Bardot<\/a> en exergue d&rsquo;un livre intitul\u00e9 \u00ab\u00a0Mon BBc\u00e9daire\u00a0\u00bb, en librairie mercredi 1er octobre, dans lequel elle donne son avis, souvent incisif, sur le monde.<\/p>\n<p>\u00ab\u00a0Mon BBc\u00e9daire\u00a0\u00bb, qui \u00ab\u00a0a \u00e9t\u00e9 enti\u00e8rement r\u00e9dig\u00e9 \u00e0 la main\u00a0\u00bb, est pr\u00e9sent\u00e9\u00a0par l&rsquo;\u00e9diteur Fayard comme \u00ab\u00a0une immersion dans la personnalit\u00e9 d&rsquo;une femme qui a marqu\u00e9 son \u00e9poque par son ind\u00e9pendance, son engagement et son audace\u00a0\u00bb.<\/p>\n<p>Du A d&rsquo;abandon au Z de zoo, Brigitte Bardot, 91 ans, \u00e9crit quelques lignes, de son \u00e9criture ronde, sur des mots choisis et des noms de lieux ou de personnalit\u00e9s qu&rsquo;elle a connus. \u00a0<\/p>\n<p>Elle proclame ainsi son amour pour Jean-Paul Belmondo, \u00ab\u00a0type formidable, acteur g\u00e9nial, rigolo et courageux\u00a0\u00bb, mais juge qu&rsquo;Alain Delon \u00ab\u00a0porte en lui le meilleur et le pire\u00a0\u00bb et que Marcello Mastroianni \u00e9tait, bien que \u00ab\u00a0charmant\u00a0\u00bb, \u00ab\u00a0un bon acteur sans g\u00e9nie ni v\u00e9ritable personnalit\u00e9 inoubliable\u00a0\u00bb.<\/p>\n<p>Dans l&rsquo;\u00e9rotisme, la com\u00e9dienne r\u00e9v\u00e9l\u00e9e par le film \u00ab\u00a0Et Dieu&#8230; cr\u00e9a la femme\u00a0\u00bb voit des \u00ab\u00a0jeux d&rsquo;amour o\u00f9 tout est permis avec imagination, perversit\u00e9 trouble et coquinerie amoureuse\u00a0\u00bb.<\/p>\n<p>\u00c9voquant Saint-Tropez, o\u00f9 elle a achet\u00e9 une maison, \u00ab\u00a0La Madrague\u00a0\u00bb, Brigitte Bardot regrette que ce \u00ab\u00a0si joli petit village de p\u00eacheurs\u00a0\u00bb ait laiss\u00e9 place \u00e0 \u00ab\u00a0une ville de milliardaires o\u00f9 on ne reconnait plus rien de ce qui en faisait le charme\u00a0\u00bb.<\/p>\n<p>La militante pour la cause animale juge \u00e9galement que la France est \u00ab\u00a0devenue terne, triste, soumise, malade, ab\u00eem\u00e9e, ravag\u00e9e, ordinaire, vulgaire&#8230;\u00a0\u00bb. La droite est le \u00ab\u00a0seul rem\u00e8de urgentissime \u00e0 l&rsquo;agonie de la France\u00a0\u00bb, ajoute celle qui a revendiqu\u00e9 sa proximit\u00e9 avec Marine Le Pen (RN).<\/p>\n<p>Tr\u00e8s discr\u00e8te dans les m\u00e9dias, Brigitte Bardot avait publi\u00e9 en 1996 ses m\u00e9moires, \u00ab\u00a0Initiales BB\u00a0\u00bb.\u00a0<\/p>\n","protected":false},"excerpt":{"rendered":"Tr\u00e8s discr\u00e8te dans les m\u00e9dias, Brigitte Bardot avait publi\u00e9 en 1996 ses m\u00e9moires, \u00ab\u00a0Initiales BB\u00a0\u00bb. FEF\/mag\/fa\/mo &#8211; AFP&hellip;\n","protected":false},"author":2,"featured_media":444259,"comment_status":"","ping_status":"","sticky":false,"template":"","format":"standard","meta":{"footnotes":""},"categories":[1359],"tags":[17,57061,57062,38114,251,1446,58,47811,59,1011,27,2003,10041,973],"class_list":{"0":"post-444258","1":"post","2":"type-post","3":"status-publish","4":"format-standard","5":"has-post-thumbnail","7":"category-people","8":"tag-17","9":"tag-bardot","10":"tag-bbcedaire","11":"tag-brigitte","12":"tag-culture","13":"tag-dans","14":"tag-divertissement","15":"tag-ecrit","16":"tag-entertainment","17":"tag-fr","18":"tag-france","19":"tag-livre","20":"tag-main","21":"tag-people"},"share_on_mastodon":{"url":"https:\/\/pubeurope.com\/@fr\/115330834976000183","error":""},"_links":{"self":[{"href":"https:\/\/www.europesays.com\/fr\/wp-json\/wp\/v2\/posts\/444258","targetHints":{"allow":["GET"]}}],"collection":[{"href":"https:\/\/www.europesays.com\/fr\/wp-json\/wp\/v2\/posts"}],"about":[{"href":"https:\/\/www.europesays.com\/fr\/wp-json\/wp\/v2\/types\/post"}],"author":[{"embeddable":true,"href":"https:\/\/www.europesays.com\/fr\/wp-json\/wp\/v2\/users\/2"}],"replies":[{"embeddable":true,"href":"https:\/\/www.europesays.com\/fr\/wp-json\/wp\/v2\/comments?post=444258"}],"version-history":[{"count":0,"href":"https:\/\/www.europesays.com\/fr\/wp-json\/wp\/v2\/posts\/444258\/revisions"}],"wp:featuredmedia":[{"embeddable":true,"href":"https:\/\/www.europesays.com\/fr\/wp-json\/wp\/v2\/media\/444259"}],"wp:attachment":[{"href":"https:\/\/www.europesays.com\/fr\/wp-json\/wp\/v2\/media?parent=444258"}],"wp:term":[{"taxonomy":"category","embeddable":true,"href":"https:\/\/www.europesays.com\/fr\/wp-json\/wp\/v2\/categories?post=444258"},{"taxonomy":"post_tag","embeddable":true,"href":"https:\/\/www.europesays.com\/fr\/wp-json\/wp\/v2\/tags?post=444258"}],"curies":[{"name":"wp","href":"https:\/\/api.w.org\/{rel}","templated":true}]}}