{"id":444260,"date":"2025-10-07T03:48:18","date_gmt":"2025-10-07T03:48:18","guid":{"rendered":"https:\/\/www.europesays.com\/fr\/444260\/"},"modified":"2025-10-07T03:48:18","modified_gmt":"2025-10-07T03:48:18","slug":"frouzins-de-nouvelles-boites-a-livres-pour-les-jeunes","status":"publish","type":"post","link":"https:\/\/www.europesays.com\/fr\/444260\/","title":{"rendered":"Frouzins. De nouvelles bo\u00eetes \u00e0 livres pour les jeunes"},"content":{"rendered":"<p>Samedi dernier, l\u2019une des trois nouvelles bo\u00eetes \u00e0 livres de Frouzins a \u00e9t\u00e9 inaugur\u00e9e sur le parvis de l\u2019\u00e9cole Alain-Bertrand (quartier de la Vache) en pr\u00e9sence de Nathalie Tranier, premi\u00e8re adjointe en charge de l\u2019Enfance et Asma Idrici, adjointe \u00e0 la Culture. Il s\u2019agit d\u2019un projet n\u00e9 d\u2019une id\u00e9e collective des 21 \u00e9lus du conseil municipal des jeunes (CMJ) et qui fait suite au budget participatif de 2022. Ces bo\u00eetes compl\u00e8tent les 3 premi\u00e8res install\u00e9es en ville (avant l\u2019ouverture de cette nouvelle \u00e9cole) et sont plac\u00e9es \u00e0 des endroits strat\u00e9giques de la ville pour les enfants et les jeunes : devant le groupe scolaire Alain-Bertrand bien s\u00fbr, \u00e0 l\u2019entr\u00e9e du centre de loisirs de la zone de Bordeneuve et pr\u00e8s du skate-park dans la zone du lac de Paucheville. Chaque bo\u00eete a cette originalit\u00e9 de poss\u00e9der sa propre charte, imagin\u00e9e et r\u00e9dig\u00e9e par les membres du CMJ eux-m\u00eames afin de garantir une utilisation pens\u00e9e par et pour les jeunes Frouzinois. <\/p>\n<p>Les jeunes \u00e9lus ont tenu \u00e0 remercier les services techniques de la municipalit\u00e9 qui ont con\u00e7u ces bo\u00eetes \u00e0 livres, ainsi que la directrice de l\u2019\u00e9cole Rose Fernandez et les parents pr\u00e9sents sans oublier les repr\u00e9sentants des f\u00e9d\u00e9rations d\u2019\u00e9l\u00e8ves : la FCPE Primaire et la Communaut\u00e9 Associative des Parents d\u2019\u00e9l\u00e8ves (CAPe) pour leur participation et leur soutien.<\/p>\n","protected":false},"excerpt":{"rendered":"Samedi dernier, l\u2019une des trois nouvelles bo\u00eetes \u00e0 livres de Frouzins a \u00e9t\u00e9 inaugur\u00e9e sur le parvis de&hellip;\n","protected":false},"author":2,"featured_media":444261,"comment_status":"","ping_status":"","sticky":false,"template":"","format":"standard","meta":{"footnotes":""},"categories":[1357],"tags":[1379,58,59,1011,27,1380],"class_list":{"0":"post-444260","1":"post","2":"type-post","3":"status-publish","4":"format-standard","5":"has-post-thumbnail","7":"category-livres","8":"tag-books","9":"tag-divertissement","10":"tag-entertainment","11":"tag-fr","12":"tag-france","13":"tag-livres"},"share_on_mastodon":{"url":"https:\/\/pubeurope.com\/@fr\/115330842885375755","error":""},"_links":{"self":[{"href":"https:\/\/www.europesays.com\/fr\/wp-json\/wp\/v2\/posts\/444260","targetHints":{"allow":["GET"]}}],"collection":[{"href":"https:\/\/www.europesays.com\/fr\/wp-json\/wp\/v2\/posts"}],"about":[{"href":"https:\/\/www.europesays.com\/fr\/wp-json\/wp\/v2\/types\/post"}],"author":[{"embeddable":true,"href":"https:\/\/www.europesays.com\/fr\/wp-json\/wp\/v2\/users\/2"}],"replies":[{"embeddable":true,"href":"https:\/\/www.europesays.com\/fr\/wp-json\/wp\/v2\/comments?post=444260"}],"version-history":[{"count":0,"href":"https:\/\/www.europesays.com\/fr\/wp-json\/wp\/v2\/posts\/444260\/revisions"}],"wp:featuredmedia":[{"embeddable":true,"href":"https:\/\/www.europesays.com\/fr\/wp-json\/wp\/v2\/media\/444261"}],"wp:attachment":[{"href":"https:\/\/www.europesays.com\/fr\/wp-json\/wp\/v2\/media?parent=444260"}],"wp:term":[{"taxonomy":"category","embeddable":true,"href":"https:\/\/www.europesays.com\/fr\/wp-json\/wp\/v2\/categories?post=444260"},{"taxonomy":"post_tag","embeddable":true,"href":"https:\/\/www.europesays.com\/fr\/wp-json\/wp\/v2\/tags?post=444260"}],"curies":[{"name":"wp","href":"https:\/\/api.w.org\/{rel}","templated":true}]}}