{"id":44427,"date":"2025-04-22T16:53:09","date_gmt":"2025-04-22T16:53:09","guid":{"rendered":"https:\/\/www.europesays.com\/fr\/44427\/"},"modified":"2025-04-22T16:53:09","modified_gmt":"2025-04-22T16:53:09","slug":"justin-bieber-torse-nu-dans-un-etat-second-des-images-inquietantes-du-chanteur-devoilees","status":"publish","type":"post","link":"https:\/\/www.europesays.com\/fr\/44427\/","title":{"rendered":"Justin Bieber torse nu dans un \u00e9tat second : des images inqui\u00e9tantes du chanteur d\u00e9voil\u00e9es"},"content":{"rendered":"<p>Une longue descente aux enfers\u2026 Une nouvelle vid\u00e9o du chanteur<br \/>\n<a href=\"https:\/\/www.closermag.fr\/people\/justin-bieber-colerique-ces-acces-de-fureur-incontrolables-quil-essaye-de-gerer-3532119\" target=\"_blank\" rel=\"noopener\"><br \/>\nJustin Bieber<\/a> a fait le buzz. Une vid\u00e9o TikTok<br \/>\ninqui\u00e9tante enregistr\u00e9e le dimanche 20 avril dernier au<br \/>\n<strong>Coachella Valley Music and Arts Festival<\/strong>.<br \/>\nLe chanteur de Baby avait d\u00e9j\u00e0 inqui\u00e9t\u00e9 ses fans \u00e0 cause<br \/>\nde son look lors de ses derni\u00e8res sorties publiques.<br \/>\nMalheureusement, cette vid\u00e9o ne rassure aucunement.<\/p>\n<p>En effet, les images montrent la star de 31 ans dans un<br \/>\n<strong>\u00e9tat second<\/strong> lors du festival de musique. Sur une<br \/>\nsc\u00e8ne, on le voit pench\u00e9e en avant, <strong>torse nu<\/strong>, v\u00eatu<br \/>\nd\u2019un pantalon kaki. Debout avec d\u2019autres spectateurs au concert de<br \/>\nl\u00a0\u00bbEmpire Polo Club \u00e0 Indio, en Californie, Justin Bieber semble<br \/>\ndanser \u00e0 <a href=\"https:\/\/www.closermag.fr\/people\/justin-bieber-son-message-cryptique-au-milieu-des-accusations-de-consommation-de-drogues-3525517\" target=\"_blank\" rel=\"noopener\"><br \/>\nla mani\u00e8re des toxicomanes<\/a>. Totalement d\u00e9connect\u00e9\u2026<\/p>\n<p>Justin Bieber : une substance non-identifi\u00e9e \u00e0 la main<\/p>\n<p>Soutenu lors de sa danse, le clip vid\u00e9o montre clairement que<br \/>\nJustin Bieber n\u2019\u00e9tait <strong>plus ma\u00eetre de lui-m\u00eame<\/strong>. Sur<br \/>\nd\u2019autres images, on voit le mari de <strong>Hailey Bieber<\/strong><br \/>\ndans une zone s\u00e9par\u00e9e. Fumant une <strong>substance<br \/>\nnon-identifi\u00e9e<\/strong>, il semblerait que la sobri\u00e9t\u00e9 n\u2019ait pas eu<br \/>\nson mot \u00e0 dire. Dans son sweat \u00e0 capuche gris, on le voit compter<br \/>\nsur les bras d\u2019une autre personne pour le soutenir.<\/p>\n<blockquote class=\"twitter-tweet\"><p><a class=\"twitter-link\" rel=\"noindex, nofollow noopener\" href=\"https:\/\/twitter.com\/DailyMail\/status\/1914321386287370398\" target=\"_blank\"><\/p><\/blockquote>\n<p>Cette vid\u00e9o choquante a rapidement fait r\u00e9agir les fans de<br \/>\n<strong>Justin Bieber<\/strong>. Majoritairement n\u00e9gatif, un des<br \/>\ncommentaires sur la vid\u00e9o parlait de choc en voyant la star<br \/>\n\u00ab\u00a0agir comme <strong>un toxicomane<\/strong>\u00a0\u00bb alors<br \/>\nqu\u2019il a \u00ab\u00a0un foutu enfant \u00e0 la maison\u00a0\u00bb. \u00ab\u00a0IMAGINEZ si<br \/>\nHailey avait agi comme \u00e7a, elle aurait re\u00e7u des<br \/>\n<strong>menaces de mort<\/strong>\u00ab\u00a0, a d\u00e9clar\u00e9<br \/>\nl\u2019internaute.<\/p>\n<p>Justin Bieber : une r\u00e9f\u00e9rence \u00e0 Selena<br \/>\nGomez<\/p>\n<p>Ce qui est certain, c\u2019est que cette vid\u00e9o n\u2019a fait qu\u2019accro\u00eetre<br \/>\n<a href=\"https:\/\/www.telestar.fr\/people\/mort-du-pape-francois-pascal-praud-secoue-par-un-choix-decrie-pour-ses-obseques-1719362\" target=\"_blank\" rel=\"noopener\"><br \/>\nles inqui\u00e9tudes<\/a> des fans de la star. Certains affirment que le<br \/>\nchanteur de Peaches serait bris\u00e9. \u00ab\u00a0<strong>Fenty<br \/>\npose<\/strong>\u00ab\u00a0, \u00e9crit en internaute en faisant r\u00e9f\u00e9rence \u00e0 la<br \/>\ndrogue <strong>fentanyl<\/strong>. \u00ab\u00a0Cela ressemble \u00e0 ces hommes<br \/>\ndans la rue \u00e0 Seattle\u00a0\u00bb, a \u00e9crit un autre, ou encore :<br \/>\n\u00ab\u00a0J&rsquo;ai mal au cou rien qu&rsquo;en le voyant se tenir. Il a oubli\u00e9<br \/>\nqu&rsquo;il \u00e9tait <strong>Justin Bieber<\/strong>\u00ab\u00a0.<\/p>\n<blockquote class=\"twitter-tweet\"><p><a class=\"twitter-link\" rel=\"noindex, nofollow noopener\" href=\"https:\/\/twitter.com\/OKMagazine\/status\/1914681899026452598\" target=\"_blank\"><\/p><\/blockquote>\n<p>Un autre commentateur a m\u00eame fait r\u00e9f\u00e9rence \u00e0 son ex,<br \/>\n<strong>Selena Gomez<\/strong>. \u00ab\u00a0Selena a esquiv\u00e9 la balle avec<br \/>\ncet homme !\u00a0\u00bb, a-t-il \u00e9crit. Pourtant, le m\u00eame jour, son<br \/>\n\u00e9pouse, Hailye Bieber, avait post\u00e9 une photo d\u2019elle et de leurs<br \/>\nfils sur Instagram.<\/p>\n<p><script async src=\"https:\/\/platform.twitter.com\/widgets.js\" charset=\"utf-8\"><\/script><\/p>\n","protected":false},"excerpt":{"rendered":"Une longue descente aux enfers\u2026 Une nouvelle vid\u00e9o du chanteur Justin Bieber a fait le buzz. Une vid\u00e9o&hellip;\n","protected":false},"author":2,"featured_media":44428,"comment_status":"","ping_status":"","sticky":false,"template":"","format":"standard","meta":{"footnotes":""},"categories":[1355],"tags":[548,58,59,1011,27,7317,1361,873],"class_list":{"0":"post-44427","1":"post","2":"type-post","3":"status-publish","4":"format-standard","5":"has-post-thumbnail","7":"category-musique","8":"tag-article-simple","9":"tag-divertissement","10":"tag-entertainment","11":"tag-fr","12":"tag-france","13":"tag-justin-bieber","14":"tag-music","15":"tag-musique"},"share_on_mastodon":{"url":"https:\/\/pubeurope.com\/@fr\/114382661482721340","error":""},"_links":{"self":[{"href":"https:\/\/www.europesays.com\/fr\/wp-json\/wp\/v2\/posts\/44427","targetHints":{"allow":["GET"]}}],"collection":[{"href":"https:\/\/www.europesays.com\/fr\/wp-json\/wp\/v2\/posts"}],"about":[{"href":"https:\/\/www.europesays.com\/fr\/wp-json\/wp\/v2\/types\/post"}],"author":[{"embeddable":true,"href":"https:\/\/www.europesays.com\/fr\/wp-json\/wp\/v2\/users\/2"}],"replies":[{"embeddable":true,"href":"https:\/\/www.europesays.com\/fr\/wp-json\/wp\/v2\/comments?post=44427"}],"version-history":[{"count":0,"href":"https:\/\/www.europesays.com\/fr\/wp-json\/wp\/v2\/posts\/44427\/revisions"}],"wp:featuredmedia":[{"embeddable":true,"href":"https:\/\/www.europesays.com\/fr\/wp-json\/wp\/v2\/media\/44428"}],"wp:attachment":[{"href":"https:\/\/www.europesays.com\/fr\/wp-json\/wp\/v2\/media?parent=44427"}],"wp:term":[{"taxonomy":"category","embeddable":true,"href":"https:\/\/www.europesays.com\/fr\/wp-json\/wp\/v2\/categories?post=44427"},{"taxonomy":"post_tag","embeddable":true,"href":"https:\/\/www.europesays.com\/fr\/wp-json\/wp\/v2\/tags?post=44427"}],"curies":[{"name":"wp","href":"https:\/\/api.w.org\/{rel}","templated":true}]}}