{"id":444270,"date":"2025-10-07T03:55:31","date_gmt":"2025-10-07T03:55:31","guid":{"rendered":"https:\/\/www.europesays.com\/fr\/444270\/"},"modified":"2025-10-07T03:55:31","modified_gmt":"2025-10-07T03:55:31","slug":"votre-oneplus-recevra-android-16-dans-quelques-jours","status":"publish","type":"post","link":"https:\/\/www.europesays.com\/fr\/444270\/","title":{"rendered":"votre OnePlus recevra Android 16 dans quelques jours"},"content":{"rendered":"<p>OnePlus vient de mettre fin au suspense en annon\u00e7ant la date de lancement de sa nouvelle interface. <strong>OxygenOS 16<\/strong>, bas\u00e9e sur <strong>Android 16<\/strong>, sera officiellement lanc\u00e9 le <strong>16 octobre 2025<\/strong>. <\/p>\n<p><a href=\"https:\/\/images.frandroid.com\/wp-content\/uploads\/2025\/01\/oneplus-13-9-1200x900-1.jpeg\" target=\"_blank\" class=\"article-content__figure\" rel=\"noopener\"><img fetchpriority=\"high\" decoding=\"async\" loading=\"eager\" width=\"1200\" height=\"900\" src=\"https:\/\/www.europesays.com\/fr\/wp-content\/uploads\/2025\/10\/oneplus-13-9-1200x900-1.jpeg\" alt=\"\" class=\"wp-image-2470686 wp-image wp-image\"  \/><\/a>OnePlus 13 \/\/ Source : ElR \u2013 Frandroid<\/p>\n<p>Android 16 est sorti en ao\u00fbt avec les Pixel 10. Depuis, son d\u00e9ploiement sur les autres smartphones Android est particuli\u00e8rement lent. Les smartphones Samsung sont les premiers servis, on trouve aussi quelques Motorola et Sony, mais c\u2019est tout. <\/p>\n<p>Concernant les smartphones chinois, c\u2019est presque morne plaine. Mais OnePlus a d\u00e9cid\u00e9 de prendre les devants. La marque a officiellement annonc\u00e9 que son interface <strong>OxygenOS 16<\/strong> sera lanc\u00e9e mondialement le <strong>16 octobre 2025<\/strong>. Ce lancement interviendra juste un jour apr\u00e8s celui de ColorOS 16 (Oppo) en Chine, pr\u00e9vu pour le 15 octobre.<\/p>\n<p>La communication de OnePlus s\u2019articule autour du slogan <strong>\u00ab Intelligently Yours \u00bb<\/strong> (\u00ab Intelligemment V\u00f4tre \u00bb) et d\u2019un nouveau badge <strong>\u00ab OnePlus AI \u00bb<\/strong>, ce qui ne laisse aucune place au doute : l\u2019intelligence artificielle sera encore une fois la star de cette nouvelle version.<\/p>\n<p>                <img decoding=\"async\" width=\"1200\" height=\"446\" loading=\"lazy\" alt=\"Illustration\" title=\"Illustration\" class=\"is-radiusless placeholder-default wp-image\" src=\"https:\/\/www.europesays.com\/fr\/wp-content\/uploads\/2025\/10\/illustration-1200x446.jpg\" \/>            <\/p>\n<p>\n                    Cette batterie va tous les recharger                <\/p>\n<p class=\"has-text-weight-medium is-size-6 is-line-height-normal\">\n                    Smartphones, consoles, laptops\u2026 Avec sa puissance de 140 W, la batterie Anker Zolo de 25 000 mAh peut recharger tous vos appareils mobiles lors de vos d\u00e9placements. Le petit plus ? La pr\u00e9sence de 2 c\u00e2bles USB-C int\u00e9gr\u00e9s.                <\/p>\n<blockquote class=\"twitter-tweet\" data-width=\"550\" data-dnt=\"true\">\n<p lang=\"en\" dir=\"ltr\">Smarter than you think.<br \/>Yours to experience from October 16. <a href=\"https:\/\/twitter.com\/hashtag\/OxygenOS16?src=hash&amp;ref_src=twsrc%5Etfw\" target=\"_blank\" rel=\"noopener\">#OxygenOS16<\/a> <a href=\"https:\/\/t.co\/mwIzJncVzo\">pic.twitter.com\/mwIzJncVzo<\/a><\/p>\n<p>\u2014 OnePlus (@oneplus) <a href=\"https:\/\/twitter.com\/oneplus\/status\/1975108202049196381?ref_src=twsrc%5Etfw\" target=\"_blank\" rel=\"noopener\">October 6, 2025<\/a><\/p><\/blockquote>\n<p>                Ce contenu est bloqu\u00e9 car vous n\u2019avez pas accept\u00e9 les cookies et autres traceurs. Ce contenu est fourni par Twitter.<br \/>Pour pouvoir le visualiser, vous devez accepter l\u2019usage \u00e9tant op\u00e9r\u00e9 par Twitter avec vos donn\u00e9es qui pourront \u00eatre utilis\u00e9es pour les finalit\u00e9s suivantes : vous permettre de visualiser et de partager des contenus avec des m\u00e9dias sociaux, favoriser le d\u00e9veloppement et l\u2019am\u00e9lioration des produits d\u2019Humanoid et de ses partenaires, vous afficher des publicit\u00e9s personnalis\u00e9es par rapport \u00e0 votre profil et activit\u00e9, vous d\u00e9finir un profil publicitaire personnalis\u00e9, mesurer la performance des publicit\u00e9s et du contenu de ce site et mesurer l\u2019audience de ce site <a href=\"#\" class=\"js-privacy\" target=\"_blank\">(en savoir plus)<\/a>            <\/p>\n<p>                En cliquant sur \u00ab J\u2019accepte tout \u00bb, vous consentez aux finalit\u00e9s susmentionn\u00e9es pour l\u2019ensemble des cookies et autres traceurs d\u00e9pos\u00e9s par Humanoid et <a class=\"embed-consent-overlay-vendors-link\" href=\"#preferences-vendeurs\">ses partenaires<\/a>.            <\/p>\n<p>                Vous gardez la possibilit\u00e9 de retirer votre consentement \u00e0 tout moment. Pour plus d\u2019informations, nous vous invitons \u00e0 prendre connaissance de notre <a href=\"https:\/\/www.frandroid.com\/politique-cookies\" target=\"_blank\" rel=\"noopener\">Politique cookies<\/a>.            <\/p>\n<p>            J\u2019accepte tout        <\/p>\n<p class=\"embed-consent-overlay-manage-choices\">            <a href=\"#preferences-publicitaires\">G\u00e9rer mes choix<\/a>        <\/p>\n<p>Gemini s\u2019invite au c\u0153ur de l\u2019exp\u00e9rience utilisateur<\/p>\n<p>La nouveaut\u00e9 la plus concr\u00e8te teas\u00e9e par OnePlus est l\u2019int\u00e9gration de <strong>Google Gemini<\/strong> au sein de la fonctionnalit\u00e9 <strong>Mind Space<\/strong>. Introduite avec le <a href=\"https:\/\/www.frandroid.com\/marques\/oneplus\/2638597_le-oneplus-13s-semble-tres-reussi-mais-on-reste-sur-notre-faim\" target=\"_blank\" rel=\"noopener\">OnePlus 13s<\/a>, Mind Space agit comme un hub centralis\u00e9 o\u00f9 les utilisateurs peuvent sauvegarder des notes, des articles, des captures d\u2019\u00e9cran ou encore des billets.<\/p>\n<p>Avec OxygenOS 16, Gemini pourra acc\u00e9der \u00e0 ces contenus pour les analyser et les utiliser de mani\u00e8re proactive. OnePlus a par exemple montr\u00e9 un cas d\u2019usage o\u00f9 l\u2019assistant est capable de planifier un voyage de cinq jours \u00e0 Paris en se basant sur les informations pertinentes d\u00e9j\u00e0 enregistr\u00e9es par l\u2019utilisateur dans Mind Space. <\/p>\n<p>L\u2019objectif est de transformer l\u2019assistant en un outil personnalis\u00e9 qui anticipe les besoins. <\/p>\n<p>La grande inconnue : quels smartphones seront mis \u00e0 jour ?<\/p>\n<p>Pour le moment, OnePlus n\u2019a pas communiqu\u00e9 de liste officielle des appareils qui recevront la mise \u00e0 jour vers OxygenOS 16. <\/p>\n<p>Cependant, en se basant sur la politique de mise \u00e0 jour de la marque, une liste non officielle d\u2019appareils \u00e9ligibles a \u00e9t\u00e9 compil\u00e9e par des fans. Les mod\u00e8les phares depuis le <strong><a href=\"https:\/\/www.frandroid.com\/produits\/smartphones\/oneplus\/1579304-oneplus-11\" target=\"_blank\" rel=\"noopener\">OnePlus 11<\/a><\/strong> jusqu\u2019au <a href=\"https:\/\/www.frandroid.com\/marques\/oneplus\/2441660_test-oneplus-13\" target=\"_blank\" rel=\"noopener\"><strong>OnePlus 13<\/strong> <\/a>devraient \u00eatre concern\u00e9s, ainsi que plusieurs appareils de la gamme Nord.<\/p>\n<p>Voici la liste des appareils attendus :<\/p>\n<ul class=\"wp-block-list\">\n<li>OnePlus 13, 13R, 13T, 13S<\/li>\n<li>OnePlus Open<\/li>\n<li>OnePlus 12, 12R<\/li>\n<li>OnePlus 11, 11R<\/li>\n<li>OnePlus Nord 5, 4, 3<\/li>\n<li>OnePlus Nord CE5, CE4, CE4 Lite<\/li>\n<li>OnePlus Pad 3, Pad Lite, Pad 2, Pad<\/li>\n<\/ul>\n<p>Il est tr\u00e8s probable que le futur <strong>OnePlus 15<\/strong>, dont la sortie mondiale est pr\u00e9vue pour le 13 novembre, soit le premier smartphone \u00e0 \u00eatre commercialis\u00e9 directement avec OxygenOS 16 pr\u00e9install\u00e9. Sa pr\u00e9sentation en Chine devrait avoir lieu le 27 octobre.<\/p>\n<p>Envie de rejoindre une communaut\u00e9 de passionn\u00e9s ? <a href=\"https:\/\/discord.com\/invite\/frandroid-311789172149190657\" target=\"_blank\" rel=\"noopener\">Notre Discord<\/a> vous accueille, c\u2019est un lieu d\u2019entraide et de passion autour de la tech.<\/p>\n<p>            <script async src=\"https:\/\/platform.twitter.com\/widgets.js\" charset=\"utf-8\"><\/script><\/p>\n","protected":false},"excerpt":{"rendered":"OnePlus vient de mettre fin au suspense en annon\u00e7ant la date de lancement de sa nouvelle interface. OxygenOS&hellip;\n","protected":false},"author":2,"featured_media":444271,"comment_status":"","ping_status":"","sticky":false,"template":"","format":"standard","meta":{"footnotes":""},"categories":[7],"tags":[1011,27,57064,57065,57066,30956,51476,57067,37647,37417,57068,43953,57069,57070,57071,57072,57073,57074,43,40,41,39,42,44],"class_list":{"0":"post-444270","1":"post","2":"type-post","3":"status-publish","4":"format-standard","5":"has-post-thumbnail","7":"category-sciences-et-technologies","8":"tag-fr","9":"tag-france","10":"tag-oneplus-11","11":"tag-oneplus-12","12":"tag-oneplus-12r","13":"tag-oneplus-13","14":"tag-oneplus-13r","15":"tag-oneplus-nord-3","16":"tag-oneplus-nord-4","17":"tag-oneplus-nord-5","18":"tag-oneplus-nord-ce4-lite","19":"tag-oneplus-nord-ce5","20":"tag-oneplus-open","21":"tag-oneplus-pad-2023","22":"tag-oneplus-pad-2","23":"tag-oneplus-pad-3","24":"tag-oneplus-pad-lite","25":"tag-oxygenos-16","26":"tag-science","27":"tag-science-and-technology","28":"tag-sciences","29":"tag-sciences-et-technologies","30":"tag-technologies","31":"tag-technology"},"share_on_mastodon":{"url":"https:\/\/pubeurope.com\/@fr\/115330870551404150","error":""},"_links":{"self":[{"href":"https:\/\/www.europesays.com\/fr\/wp-json\/wp\/v2\/posts\/444270","targetHints":{"allow":["GET"]}}],"collection":[{"href":"https:\/\/www.europesays.com\/fr\/wp-json\/wp\/v2\/posts"}],"about":[{"href":"https:\/\/www.europesays.com\/fr\/wp-json\/wp\/v2\/types\/post"}],"author":[{"embeddable":true,"href":"https:\/\/www.europesays.com\/fr\/wp-json\/wp\/v2\/users\/2"}],"replies":[{"embeddable":true,"href":"https:\/\/www.europesays.com\/fr\/wp-json\/wp\/v2\/comments?post=444270"}],"version-history":[{"count":0,"href":"https:\/\/www.europesays.com\/fr\/wp-json\/wp\/v2\/posts\/444270\/revisions"}],"wp:featuredmedia":[{"embeddable":true,"href":"https:\/\/www.europesays.com\/fr\/wp-json\/wp\/v2\/media\/444271"}],"wp:attachment":[{"href":"https:\/\/www.europesays.com\/fr\/wp-json\/wp\/v2\/media?parent=444270"}],"wp:term":[{"taxonomy":"category","embeddable":true,"href":"https:\/\/www.europesays.com\/fr\/wp-json\/wp\/v2\/categories?post=444270"},{"taxonomy":"post_tag","embeddable":true,"href":"https:\/\/www.europesays.com\/fr\/wp-json\/wp\/v2\/tags?post=444270"}],"curies":[{"name":"wp","href":"https:\/\/api.w.org\/{rel}","templated":true}]}}