{"id":444277,"date":"2025-10-07T04:01:19","date_gmt":"2025-10-07T04:01:19","guid":{"rendered":"https:\/\/www.europesays.com\/fr\/444277\/"},"modified":"2025-10-07T04:01:19","modified_gmt":"2025-10-07T04:01:19","slug":"des-u19-a-reaction-face-a-las-saint-etienne","status":"publish","type":"post","link":"https:\/\/www.europesays.com\/fr\/444277\/","title":{"rendered":"Des U19 \u00e0 r\u00e9action face \u00e0 l\u2019AS Saint-Etienne"},"content":{"rendered":"<p>\n                Une semaine apr\u00e8s avoir subi une \u00ab\u00a0remontada\u00a0\u00bb au Rove en \u00e9tant rejoints apr\u00e8s avoir men\u00e9 3-1, les U19 ont invers\u00e9 les r\u00f4les contre l\u2019AS Saint-\u00c9tienne \u00e0 l\u2019occasion de la 7e journ\u00e9e du Championnat National.\n            <\/p>\n<p>Dans une premi\u00e8re p\u00e9riode plut\u00f4t \u00e9quilibr\u00e9e, ce sont les visiteurs qui se sont montr\u00e9s les plus dangereux. \u00c0 la 15e minute <a href=\"https:\/\/www.asmonaco.com\/joueurs\/loic-tiamuna\/\" target=\"_blank\" rel=\"noopener nofollow\">Lo\u00efc Tiamuna<\/a> a repouss\u00e9 un tir venu de la droite de la surface. En embuscade un joueur st\u00e9phanois aurait pu ouvrir la marque mais il n\u2019a pas trouv\u00e9 le cadre. Cinq minutes plus tard, le gardien mon\u00e9gasque s\u2019est de nouveau mis en \u00e9vidence en remportant un face \u00e0 face avec Mamadou Kont\u00e9, le n\u00b09 st\u00e9phanois (19e).<\/p>\n<p><a href=\"https:\/\/www.europesays.com\/fr\/wp-content\/uploads\/2025\/10\/u19-asmasse-05-10-2025web-4.jpg\"><img fetchpriority=\"high\" decoding=\"async\" class=\"wp-image-737053 size-full\" src=\"https:\/\/www.europesays.com\/fr\/wp-content\/uploads\/2025\/10\/u19-asmasse-05-10-2025web-4.jpg\" alt=\"Comme ici \u00e0 la 19e minute face \u00e0 Mamadou Kont\u00e9, Lo\u00efc Tiamuna a sauv\u00e9 son \u00e9quipe \u00e0 plusieurs reprises dans cette rencontre.\" width=\"1160\" height=\"653\"  \/><\/a>Comme ici \u00e0 la 19e minute face \u00e0 Mamadou Kont\u00e9, Lo\u00efc Tiamuna a sauv\u00e9 son \u00e9quipe \u00e0 plusieurs reprises dans cette rencontre.<br \/>\nLe double coup de massue st\u00e9phanois<\/p>\n<p>Malgr\u00e9 une domination territoriale mon\u00e9gasque durant ce premier acte, les meilleures opportunit\u00e9s ont \u00e9t\u00e9 en faveur des visiteurs. \u00c0 la 18e, l\u2019ailier droit de l\u2019ASSE, Milan Toty, aurait pu ouvrir la marque. Heureusement sa reprise de la t\u00eate est pass\u00e9e \u00e0 ras du poteau gauche. C\u2019est finalement son partenaire de l\u2019aile gauche, Tidiane Vibert qui a trouv\u00e9 la faille \u00e0 la 43e. Lanc\u00e9 sur la gauche de la surface, il n\u2019a laiss\u00e9 aucune chance au gardien mon\u00e9gasque.<\/p>\n<p><a href=\"https:\/\/www.europesays.com\/fr\/wp-content\/uploads\/2025\/10\/u19-asmasse-05-10-2025web-6.jpg\"><img loading=\"lazy\" decoding=\"async\" class=\"wp-image-737058 size-full\" src=\"https:\/\/www.europesays.com\/fr\/wp-content\/uploads\/2025\/10\/u19-asmasse-05-10-2025web-6.jpg\" alt=\"Malgr\u00e9 une domination et quelques incursions dans la surface adverse, les Rouge et Banc ont encaiss\u00e9 deux buts juste avant la pause.\" width=\"1160\" height=\"653\"  \/><\/a>Malgr\u00e9 une domination et quelques incursions dans la surface adverse, les Rouge et Banc ont encaiss\u00e9 deux buts de St\u00e9phanois bien plus tranchants juste avant la pause.<\/p>\n<p>Idem pour Milan Toty deux minutes plus tard. Suite \u00e0 un ballon intercept\u00e9 dans le rond central, l\u2019ASSE a perc\u00e9 la d\u00e9fense mon\u00e9gasque en transition. Touch\u00e9 en point d\u2019appui, Kont\u00e9 a d\u00e9cal\u00e9 Toty sur la droite. Ce dernier a ensuite ajust\u00e9 Tiamuna et trouv\u00e9 la lucarne oppos\u00e9e (45e). Le score de 0-2 \u00e0 la pause \u00e9tait cher pay\u00e9 pour les Rouge et Blanc. Mais il n\u2019\u00e9tait pas imm\u00e9rit\u00e9 pour des St\u00e9phanois qui ont su se procurer cinq occasions franches dans ce premier acte. Du c\u00f4t\u00e9 mon\u00e9gasque on notait des tentatives de <a href=\"https:\/\/www.asmonaco.com\/joueurs\/yannick-dodo\/\" target=\"_blank\" rel=\"noopener nofollow\">Yannick Dodo<\/a>, <a href=\"https:\/\/www.asmonaco.com\/joueurs\/chaihane-badoro\/\" target=\"_blank\" rel=\"noopener nofollow\">Chaihane Badoro<\/a>, <a href=\"https:\/\/www.asmonaco.com\/joueurs\/najd-ajroud\/\" target=\"_blank\" rel=\"noopener nofollow\">Najd Ajroud<\/a> et <a href=\"https:\/\/www.asmonaco.com\/joueurs\/nahel-haddani\/\" target=\"_blank\" rel=\"noopener nofollow\">Nah\u00ebl Haddani<\/a>, mais aucune n\u2019avait inqui\u00e9t\u00e9 le gardien st\u00e9phanois.<\/p>\n<p>La belle r\u00e9action mon\u00e9gasque<\/p>\n<p>Tr\u00e8s t\u00f4t averti (13e), Chaihane Badoro a \u00e9t\u00e9 remplac\u00e9 \u00e0 la pause par <a href=\"https:\/\/www.asmonaco.com\/joueurs\/melvin-gomes-da-veiga\/\" target=\"_blank\" rel=\"noopener nofollow\">Melvin Gomes da Veiga<\/a>. Ce dernier a pris place sur le c\u00f4t\u00e9 droit de la d\u00e9fense, tandis que <a href=\"https:\/\/www.asmonaco.com\/resilient-un-as-monaco-rajeuni-cede-face-a-manchester-city\/\" target=\"_blank\" rel=\"noopener nofollow\">Checkina Dzabatou<\/a> a \u00e9t\u00e9 replac\u00e9 au milieu de terrain. Touch\u00e9 au dos, <a href=\"https:\/\/www.asmonaco.com\/joueurs\/ackah-tidiane-zoukrou\/\" target=\"_blank\" rel=\"noopener nofollow\">Tidiane Zoukrou<\/a> a quant \u00e0 lui laiss\u00e9 sa place \u00e0 <a href=\"https:\/\/www.asmonaco.com\/joueurs\/ismail-bamba\/\" target=\"_blank\" rel=\"noopener nofollow\">Isma\u00efl Bamba<\/a> au poste de lat\u00e9ral gauche. D\u00e8s le coup d\u2019envoi de la seconde p\u00e9riode, d\u00e9sireux de vite se relancer, les joueurs de Fr\u00e9d\u00e9ric Barilaro ont nettement hauss\u00e9 le ton.<\/p>\n<p>\u00c0 l\u2019heure de jeu, Nah\u00ebl Haddani s\u2019est jou\u00e9 de quatre d\u00e9fenseurs st\u00e9phanois sur la gauche de la surface. Son centre-tir a surpris le gardien qui a bien involontairement d\u00e9vi\u00e9 le cuir dans son but (60e). Amplement m\u00e9rit\u00e9e, cette r\u00e9duction du score a confirm\u00e9 le retour en force mon\u00e9gasque. Dans la foul\u00e9e, Yannick Dodo s\u2019est fendu d\u2019un splendide retourn\u00e9 acrobatique. Celui-ci a forc\u00e9 le gardien st\u00e9phanois \u00e0 se d\u00e9tendre sur sa gauche pour \u00e9viter l\u2019\u00e9galisation mon\u00e9gasque.<\/p>\n<p>Les sauvetages de Bamba et Tiamuna<\/p>\n<p>N\u00e9anmoins, celle-ci est intervenue \u00e0 la 68e. Yannick Dodo a transform\u00e9 un penalty qu\u2019il avait obtenu suite une faute st\u00e9phanoise dans la surface. Avec une bonne dose de sang-froid et l\u2019aide du poteau droit, le n\u00b09 mon\u00e9gasque a \u00e9t\u00e9 r\u00e9compens\u00e9 de ses efforts. Najd Ajroud ne l\u2019a en revanche pas \u00e9t\u00e9 quand il a vu le gardien st\u00e9phanois repousser son tir \u00e0 la 70e. Alors que les visiteurs n\u2019avaient pas pass\u00e9 le centre du terrain depuis de longues minutes, ils se sont procur\u00e9s une \u00e9norme occasion \u00e0 l\u2019approche du dernier quart d\u2019heure.<\/p>\n<p><a href=\"https:\/\/www.europesays.com\/fr\/wp-content\/uploads\/2025\/10\/u19-asmasse-05-10-2025web-20.jpg\"><img loading=\"lazy\" decoding=\"async\" class=\"size-full wp-image-737068\" src=\"https:\/\/www.europesays.com\/fr\/wp-content\/uploads\/2025\/10\/u19-asmasse-05-10-2025web-20.jpg\" alt=\"L'incroyable sauvetage d'Isma\u00efl Bamba \u00e0 la 75e minute !\" width=\"1160\" height=\"653\"  \/><\/a>L\u2019incroyable sauvetage d\u2019Isma\u00efl Bamba \u00e0 la 75e minute !<\/p>\n<p>C\u2019est un sauvetage miraculeux d\u2019Isma\u00efl Bamba qui a \u00e9vit\u00e9 le pire. Alors que le ballon avait \u00e9t\u00e9 mis hors de port\u00e9e de Lo\u00efc Tiamuna, le d\u00e9fenseur mon\u00e9gasque a surgi. De la t\u00eate il a \u00e9cart\u00e9 le danger sur la ligne de but ! Quelques peu refroidis par cette tr\u00e8s grosse alerte, les Rouge et Blanc ont\u00a0desserr\u00e9 l\u2019\u00e9treinte. Ils ont ainsi conc\u00e9d\u00e9 plusieurs occasions de but dans les dix derni\u00e8res minutes. Tr\u00e8s solide, le gardien mon\u00e9gasque s\u2019est interpos\u00e9 avec brio devant les attaquants st\u00e9phanois.<\/p>\n<p>Prochain rendez-vous contre l\u2019OM le 18 octobre<\/p>\n<p>Le dernier mot est tout de m\u00eame revenu \u00e0 l\u2019attaque mon\u00e9gasque dans le temps additionnel. Nah\u00ebl Haddani a d\u00e9vi\u00e9 de la t\u00eate un excellent centre d\u2019Isma\u00efl Bamba. \u00c0 quelques m\u00e8tres du but st\u00e9phanois Najd Ajroud a \u00e9t\u00e9 surpris. Il n\u2019a pu profiter de l\u2019offrande, voyant le ballon lui passer litt\u00e9ralement sous le nez ! Dans la foul\u00e9e l\u2019arbitre a siffl\u00e9 la fin d\u2019une rencontre au sc\u00e9nario paradoxal.<\/p>\n<\/p>\n<p>\u00a0<\/p>\n<p>Si l\u2019AS Monaco a globalement domin\u00e9 dans le jeu, les visiteurs se sont montr\u00e9s dangereux \u00e0 plusieurs reprises. Ils ont men\u00e9 de deux buts \u00e0 la pause et auraient encore pu l\u2019emporter sans un Tiamuna d\u00e9cisif en fin de partie. Place maintenant \u00e0 un repos bien m\u00e9rit\u00e9 pour les uns et \u00e0 des matchs internationaux pour les autres. Exempts de la 8e journ\u00e9e, les U19 mon\u00e9gasques retrouveront le championnat le samedi 18 octobre avec la r\u00e9ception de l\u2019Olympique de Marseille. Toujours invaincus et co-leaders apr\u00e8s sept journ\u00e9es (avec Montpellier HSC) ils l\u2019aborderont avec une farouche envie de renouer avec la victoire.<\/p>\n<p><b>Feuille de match<\/b><b>\ud83d\udcdd<\/b><\/p>\n<p><strong><a href=\"https:\/\/epreuves.fff.fr\/competition\/match\/53528715-a-s-monaco-f-c-u-s-colomiers-football\/autres-matchs\" target=\"_blank\" rel=\"noopener nofollow\">Championnat National U19<\/a> \u2013 Stade Intercommunal du Cap-Ferrat (Beaulieu) \u2013 7e journ\u00e9e<\/strong><\/p>\n<p><strong>AS Monaco 2-2 AS Saint-\u00c9tienne<\/strong><\/p>\n<p><b>Buts : <\/b>Haddani (60e), Dodo (68e), \u00a0pour l\u2019AS Monaco \u2013 Vibert (43e), Toty (45e) pour l\u2019AS Saint-\u00c9tienne<\/p>\n<p><b>Avertissements :<\/b> Badoro (13e), Mouh (72e), Dram\u00e9 (90e+1) pour l\u2019AS Monaco \u2013 Vibert (90e+1) pour l\u2019AS Saint-\u00c9tienne<\/p>\n<p><b>AS Monaco : <\/b>Tiamuna, Dzabatou, Zoukrou (Bamba 46e), Bein, Dram\u00e9, Badoro (Gomes da Veiga 46e), Moulangou (c) (Mamoum 69e), Mouh, Dodo, Ajroud, Haddani<br \/><b>Rempla\u00e7ants :\u00a0<\/b>Milien, Bamba, Gomes da Veiga, Mamoum, Balliana<br \/><b>Entra\u00eeneur :\u00a0<\/b>Fr\u00e9d\u00e9ric Barilaro<\/p>\n<p><b>AS Saint-Etienne : <\/b>Houngbo Civier, Teillol, Lengue Lenou, Mnemoi, Kasia Nkondo, Mouton (Tatuszka 72e), Vibert, Ait Amer, Kont\u00e9 (Bijot 63e), Yvars (Charros 83e), Toty (Jolivet 63e)<br \/><b>Rempla\u00e7ants : <\/b>Nedic, Charros, Jolivet, Bijot, Tatuszka<br \/><b>Entra\u00eeneur :\u00a0<\/b>Fr\u00e9d\u00e9ric Dugand<\/p>\n","protected":false},"excerpt":{"rendered":"Une semaine apr\u00e8s avoir subi une \u00ab\u00a0remontada\u00a0\u00bb au Rove en \u00e9tant rejoints apr\u00e8s avoir men\u00e9 3-1, les U19&hellip;\n","protected":false},"author":2,"featured_media":444278,"comment_status":"","ping_status":"","sticky":false,"template":"","format":"standard","meta":{"footnotes":""},"categories":[9653],"tags":[1111,11,2430,1777,674,1011,27,12,25,4001],"class_list":{"0":"post-444277","1":"post","2":"type-post","3":"status-publish","4":"format-standard","5":"has-post-thumbnail","7":"category-saint-etienne","8":"tag-actu","9":"tag-actualites","10":"tag-auvergne-rhone-alpes","11":"tag-eu","12":"tag-europe","13":"tag-fr","14":"tag-france","15":"tag-news","16":"tag-republique-francaise","17":"tag-saint-etienne"},"share_on_mastodon":{"url":"https:\/\/pubeurope.com\/@fr\/115330894425126362","error":""},"_links":{"self":[{"href":"https:\/\/www.europesays.com\/fr\/wp-json\/wp\/v2\/posts\/444277","targetHints":{"allow":["GET"]}}],"collection":[{"href":"https:\/\/www.europesays.com\/fr\/wp-json\/wp\/v2\/posts"}],"about":[{"href":"https:\/\/www.europesays.com\/fr\/wp-json\/wp\/v2\/types\/post"}],"author":[{"embeddable":true,"href":"https:\/\/www.europesays.com\/fr\/wp-json\/wp\/v2\/users\/2"}],"replies":[{"embeddable":true,"href":"https:\/\/www.europesays.com\/fr\/wp-json\/wp\/v2\/comments?post=444277"}],"version-history":[{"count":0,"href":"https:\/\/www.europesays.com\/fr\/wp-json\/wp\/v2\/posts\/444277\/revisions"}],"wp:featuredmedia":[{"embeddable":true,"href":"https:\/\/www.europesays.com\/fr\/wp-json\/wp\/v2\/media\/444278"}],"wp:attachment":[{"href":"https:\/\/www.europesays.com\/fr\/wp-json\/wp\/v2\/media?parent=444277"}],"wp:term":[{"taxonomy":"category","embeddable":true,"href":"https:\/\/www.europesays.com\/fr\/wp-json\/wp\/v2\/categories?post=444277"},{"taxonomy":"post_tag","embeddable":true,"href":"https:\/\/www.europesays.com\/fr\/wp-json\/wp\/v2\/tags?post=444277"}],"curies":[{"name":"wp","href":"https:\/\/api.w.org\/{rel}","templated":true}]}}