{"id":444283,"date":"2025-10-07T04:09:10","date_gmt":"2025-10-07T04:09:10","guid":{"rendered":"https:\/\/www.europesays.com\/fr\/444283\/"},"modified":"2025-10-07T04:09:10","modified_gmt":"2025-10-07T04:09:10","slug":"70-ans-damour-de-complicite-et-de-tendresse-pour-lucienne-et-raymond-a-la-valette","status":"publish","type":"post","link":"https:\/\/www.europesays.com\/fr\/444283\/","title":{"rendered":"70 ans d\u2019amour, de complicit\u00e9 et de tendresse pour Lucienne et Raymond \u00e0 La Valette"},"content":{"rendered":"<p class=\"fs-5 \">Lucienne et Raymond sont sur leur 31. Ils ont sorti leurs v\u00eatements des grands jours. Ce n\u2019est pas tous les jours qu\u2019on re\u00e7oit la presse pour \u00e9voquer sept d\u00e9cennies de vie commune. \u00ab Je vous avoue que mon p\u00e8re \u00e9tait un peu r\u00e9ticent pour l\u2019interview \u00bb, glisse Martine, \u00e0 voix basse. Pourtant, Raymond est l\u00e0. Sourire radieux, pr\u00eat \u00e0 \u00e9voquer sa vie. Et s\u2019il a accept\u00e9 la rencontre, c\u2019est pour faire plaisir \u00e0 celle qui partage sa vie depuis toutes ces ann\u00e9es. Lucienne, le grand amour de sa vie. M\u00eame s\u2019il ne le dit pas haut et fort. Pudeur oblige.<\/p>\n<p>                                                                                Une enfance dans le m\u00eame village en Alg\u00e9rie<\/p>\n<p class=\"fs-5 \">Leur histoire d\u00e9bute il y a 85 ans, en Alg\u00e9rie. Raymond a dix ans, Lucienne en a six. Tous deux habitent dans le m\u00eame village, pr\u00e8s de Constantine. \u00ab Nous avons grandi ensemble, en r\u00e9alit\u00e9, on se conna\u00eet depuis toujours. En grandissant, c\u2019est elle qui est tomb\u00e9e sous mon charme et j\u2019ai c\u00e9d\u00e9 \u00bb, blague Raymond. Lucienne rit aux blagues de son \u00e9poux. Comme au premier jour. Tout au long de la discussion, on le comprend vite : c\u2019est dans ces petites plaisanteries que se cache leur complicit\u00e9.<\/p>\n<p class=\"fs-5 \">Ils se marient le 16 octobre 1954. La guerre \u00e9clate en Alg\u00e9rie, alors le couple va s\u2019installer dans un pays voisin, au Maroc. Leur premi\u00e8re fille Martine voit le jour \u00e0 Kenitra. Neuf mois plus tard, la petite famille vient s\u2019installer dans le Vaucluse, o\u00f9 na\u00eet Paule, leur deuxi\u00e8me fille.<\/p>\n<p class=\"fs-5 \">Raymond obtient ensuite un emploi \u00e0 Saint-Etienne, o\u00f9 il devient gardien de prison puis conducteur de travaux au centre p\u00e9nitentiaire. Entre-temps, le petit dernier, Alain, compl\u00e8te la famille. La petite famille d\u00e9m\u00e9nage dix ans plus tard. Direction Toulon. \u00ab J\u2019ai \u00e9t\u00e9 mut\u00e9 pour travailler \u00e0 la prison de Saint-Roch \u00e0 l\u2019\u00e9poque. Nous avions un appartement de fonction dans la prison \u00bb, se souvient Raymond. Chaque d\u00e9tail est grav\u00e9 en lui.<\/p>\n<p class=\"fs-5 \">La m\u00e9moire fait l\u00e9g\u00e8rement d\u00e9faut \u00e0 Lucienne ces derniers mois. Mais son esprit est vif quand il s\u2019agit de cette p\u00e9riode. \u00ab Moi aussi j\u2019\u00e9tais surveillante dans la prison, du c\u00f4t\u00e9 des femmes. Notre appartement \u00e9tait joli, je m\u2019entendais bien avec les d\u00e9tenues, elles m\u2019aimaient bien \u00bb.<\/p>\n<p class=\"fs-5 \">\u00c0 l\u2019\u00e9poque, le couple jongle entre vie de famille, vie professionnelle et passe-temps. Pour Raymond, ce sera \u00ab la m\u00e9canique, la clarinette et l\u2019harmonica. J\u2019en \u00e9tais passionn\u00e9 et je jouais dans un orchestre. \u00bb<\/p>\n<p class=\"fs-5 \">\u00ab Et moi, c\u2019\u00e9tait le sport \u00bb, reprend Lucienne. \u00ab Euuh, la premi\u00e8re fois que je lui ai pr\u00eat\u00e9 mon v\u00e9lo, elle l\u2019a cass\u00e9 ! Tu parles\u2026 \u00bb, reprend son \u00e9poux. Lucienne \u00e9clate de rire. Encore une fois. \u00ab Il a un caract\u00e8re pas facile, mais il m\u2019a toujours fait rire \u00bb.<\/p>\n<p class=\"fs-5 \">\u00ab Et avec moi, elle a toujours \u00e9t\u00e9 pr\u00e9sente \u00e0 me soutenir malgr\u00e9 ce caract\u00e8re. Elle a toujours \u00e9t\u00e9 gentille, et puis elle a pris soin de sa famille \u00bb, admet-il.<\/p>\n<p>                                                                                Une blague, un repas, un sourire\u2026 et l\u2019amour vit toujours<\/p>\n<p class=\"fs-5 \">Les ann\u00e9es ont pass\u00e9, et les r\u00f4les se sont invers\u00e9s. Aujourd\u2019hui, Raymond, en pleine forme, prend soin de sa Lucienne, devenue plus fragile avec le temps. \u00ab Il pr\u00e9pare le petit-d\u00e9jeuner tous les matins, et il fait m\u00eame le m\u00e9nage. Je l\u2019envoie jeter les poubelles aussi, il a int\u00e9r\u00eat \u00bb, s\u2019amuse Lucienne.<\/p>\n<p class=\"fs-5 \">Raymond, qui ne quitte pas sa place \u00e0 c\u00f4t\u00e9 de son \u00e9pouse depuis le d\u00e9but de l\u2019entretien, sourit, les yeux p\u00e9tillants. \u00ab Je fais la cuisine, j\u2019adore \u00e7a. La p\u00e2tisserie est ma passion \u00bb, confie-t-il en pr\u00e9sentant ses makrouds pr\u00e9par\u00e9s la veille. Un clin d\u2019\u0153il \u00e0 ses racines alg\u00e9riennes, le pays de son enfance qui lui manque tant. Raymond est nostalgique.<\/p>\n<p class=\"fs-5 \">Il poursuit : \u00ab Le matin, je veille \u00e0 ce qu\u2019elle prenne ses m\u00e9dicaments. Je me sens en pleine forme, alors je prends le relais. \u00bb C\u2019est cette pr\u00e9sence constante, ce soutien mutuel, qui a fait leur force. \u00ab Il faut \u00eatre conciliants et pr\u00e9sents, malgr\u00e9 tout ce qui peu arriver\u2026 Et surtout, il faut de la patience, beaucoup de patience, pour avancer ensemble \u00bb, ajoutent-ils d\u2019une m\u00eame voix. Et si, finalement, c\u2019\u00e9tait \u00e7a le vrai secret de la long\u00e9vit\u00e9 ?<\/p>\n<p class=\"fs-5 \">Un secret qu\u2019ils partagent avec leurs trois enfants, sept petits-enfants et neuf arri\u00e8re-petits-enfants. Pour les 71 ans de mariage du couple, toute cette jolie tribu s\u2019est retrouv\u00e9e, le week-end dernier, pour c\u00e9l\u00e9brer cette date anniversaire comme il se doit. Et rendre hommage \u00e0 l\u2019amour de Lucienne et Raymond, qui r\u00e9side, encore aujourd\u2019hui, dans les petits moments partag\u00e9s au quotidien.<\/p>\n","protected":false},"excerpt":{"rendered":"Lucienne et Raymond sont sur leur 31. Ils ont sorti leurs v\u00eatements des grands jours. Ce n\u2019est pas&hellip;\n","protected":false},"author":2,"featured_media":444284,"comment_status":"","ping_status":"","sticky":false,"template":"","format":"standard","meta":{"footnotes":""},"categories":[9619],"tags":[1111,11,1777,674,1011,27,12,882,25,2310],"class_list":{"0":"post-444283","1":"post","2":"type-post","3":"status-publish","4":"format-standard","5":"has-post-thumbnail","7":"category-toulon","8":"tag-actu","9":"tag-actualites","10":"tag-eu","11":"tag-europe","12":"tag-fr","13":"tag-france","14":"tag-news","15":"tag-provence-alpes-cote-dazur","16":"tag-republique-francaise","17":"tag-toulon"},"share_on_mastodon":{"url":"https:\/\/pubeurope.com\/@fr\/115330925474378595","error":""},"_links":{"self":[{"href":"https:\/\/www.europesays.com\/fr\/wp-json\/wp\/v2\/posts\/444283","targetHints":{"allow":["GET"]}}],"collection":[{"href":"https:\/\/www.europesays.com\/fr\/wp-json\/wp\/v2\/posts"}],"about":[{"href":"https:\/\/www.europesays.com\/fr\/wp-json\/wp\/v2\/types\/post"}],"author":[{"embeddable":true,"href":"https:\/\/www.europesays.com\/fr\/wp-json\/wp\/v2\/users\/2"}],"replies":[{"embeddable":true,"href":"https:\/\/www.europesays.com\/fr\/wp-json\/wp\/v2\/comments?post=444283"}],"version-history":[{"count":0,"href":"https:\/\/www.europesays.com\/fr\/wp-json\/wp\/v2\/posts\/444283\/revisions"}],"wp:featuredmedia":[{"embeddable":true,"href":"https:\/\/www.europesays.com\/fr\/wp-json\/wp\/v2\/media\/444284"}],"wp:attachment":[{"href":"https:\/\/www.europesays.com\/fr\/wp-json\/wp\/v2\/media?parent=444283"}],"wp:term":[{"taxonomy":"category","embeddable":true,"href":"https:\/\/www.europesays.com\/fr\/wp-json\/wp\/v2\/categories?post=444283"},{"taxonomy":"post_tag","embeddable":true,"href":"https:\/\/www.europesays.com\/fr\/wp-json\/wp\/v2\/tags?post=444283"}],"curies":[{"name":"wp","href":"https:\/\/api.w.org\/{rel}","templated":true}]}}