{"id":444285,"date":"2025-10-07T04:10:25","date_gmt":"2025-10-07T04:10:25","guid":{"rendered":"https:\/\/www.europesays.com\/fr\/444285\/"},"modified":"2025-10-07T04:10:25","modified_gmt":"2025-10-07T04:10:25","slug":"toulon-folcoche-de-emilie-lanez","status":"publish","type":"post","link":"https:\/\/www.europesays.com\/fr\/444285\/","title":{"rendered":"TOULON : \u00ab\u00a0Folcoche\u00a0\u00bb, de Emilie LANEZ"},"content":{"rendered":"<p style=\"text-align: left;\"><strong>Vous \u00eates-vous d\u00e9j\u00e0 dit qu\u2019un classique faisait partie de votre vie ?<\/strong><\/p>\n<p style=\"text-align: left;\">Cette semaine dans La Grande Librairie, on les relit, nos classiques !<\/p>\n<p style=\"text-align: left;\">Retrouvez les livres de l\u2019\u00e9mission dans notre librairie !<\/p>\n<p style=\"text-align: left;\">C\u2019est \u00e0 une l\u00e9gende \u2013 et quelle l\u00e9gende ! \u2013 que s\u2019attaque la journaliste \u00c9milie Lanez : celle de Folcoche, la m\u00e8re monstrueuse de Vip\u00e8re au poing ! Hier encore, on la croyait tout droit sortie des souvenirs d\u2019Herv\u00e9 Bazin \u2013 or, il n\u2019en serait rien ! De quelles v\u00e9rit\u00e9s cruelles et coupables est donc n\u00e9 ce personnage qui s\u2019est enracin\u00e9 dans notre imaginaire ? Folcoche, nous fait p\u00e9n\u00e9trer dans les coulisses d\u2019un monument de notre patrimoine litt\u00e9raire et r\u00e9v\u00e8le la face sombre de celui qui fut \u00e0 la t\u00eate de l\u2019Acad\u00e9mie Goncourt pendant plus de deux d\u00e9cennies. Un livre enqu\u00eate \u00e9tourdissant \u2013 un \u00e9v\u00e8nement !<\/p>\n<p style=\"text-align: left;\"><a href=\"https:\/\/www.librairiecharlemagne.com\/livre\/25202845-folcoche-le-secret-de-vipere-au-poing-enquete-sur-un-meurtre-litteraire--emilie-lanez-grasset\" rel=\"nofollow noopener\" target=\"_blank\">Commander sur le site<\/a><\/p>\n<p style=\"text-align: left;\"><strong>SOURCE : Librairie Charlemagne Toulon \u2013 La Grande Librairie du 1er octobre.<\/strong><\/p>\n","protected":false},"excerpt":{"rendered":"Vous \u00eates-vous d\u00e9j\u00e0 dit qu\u2019un classique faisait partie de votre vie ? Cette semaine dans La Grande Librairie,&hellip;\n","protected":false},"author":2,"featured_media":444286,"comment_status":"","ping_status":"","sticky":false,"template":"","format":"standard","meta":{"footnotes":""},"categories":[9619],"tags":[1111,11,1777,674,1011,27,12,882,25,2310],"class_list":{"0":"post-444285","1":"post","2":"type-post","3":"status-publish","4":"format-standard","5":"has-post-thumbnail","7":"category-toulon","8":"tag-actu","9":"tag-actualites","10":"tag-eu","11":"tag-europe","12":"tag-fr","13":"tag-france","14":"tag-news","15":"tag-provence-alpes-cote-dazur","16":"tag-republique-francaise","17":"tag-toulon"},"share_on_mastodon":{"url":"https:\/\/pubeurope.com\/@fr\/115330929364904862","error":""},"_links":{"self":[{"href":"https:\/\/www.europesays.com\/fr\/wp-json\/wp\/v2\/posts\/444285","targetHints":{"allow":["GET"]}}],"collection":[{"href":"https:\/\/www.europesays.com\/fr\/wp-json\/wp\/v2\/posts"}],"about":[{"href":"https:\/\/www.europesays.com\/fr\/wp-json\/wp\/v2\/types\/post"}],"author":[{"embeddable":true,"href":"https:\/\/www.europesays.com\/fr\/wp-json\/wp\/v2\/users\/2"}],"replies":[{"embeddable":true,"href":"https:\/\/www.europesays.com\/fr\/wp-json\/wp\/v2\/comments?post=444285"}],"version-history":[{"count":0,"href":"https:\/\/www.europesays.com\/fr\/wp-json\/wp\/v2\/posts\/444285\/revisions"}],"wp:featuredmedia":[{"embeddable":true,"href":"https:\/\/www.europesays.com\/fr\/wp-json\/wp\/v2\/media\/444286"}],"wp:attachment":[{"href":"https:\/\/www.europesays.com\/fr\/wp-json\/wp\/v2\/media?parent=444285"}],"wp:term":[{"taxonomy":"category","embeddable":true,"href":"https:\/\/www.europesays.com\/fr\/wp-json\/wp\/v2\/categories?post=444285"},{"taxonomy":"post_tag","embeddable":true,"href":"https:\/\/www.europesays.com\/fr\/wp-json\/wp\/v2\/tags?post=444285"}],"curies":[{"name":"wp","href":"https:\/\/api.w.org\/{rel}","templated":true}]}}